{"id":5684,"date":"2015-09-27T00:24:08","date_gmt":"2015-09-26T22:24:08","guid":{"rendered":"http:\/\/www.germansuzuki.com\/?p=5684"},"modified":"2020-01-13T18:40:15","modified_gmt":"2020-01-13T16:40:15","slug":"sehr-gute-neuigkeiten-vom-prozess-dsg-gegen-esa","status":"publish","type":"post","link":"https:\/\/www.germansuzuki.de\/?p=5684","title":{"rendered":"Sehr gute Neuigkeiten vom Prozess DSG gegen ESA"},"content":{"rendered":"<h2 style=\"text-align: left;\">Schuldbeweis:<br \/>\nDie ESA hat an die DSG 15.000 EURO zu zahlen<\/h2>\n<h4 style=\"text-align: justify;\">Am 27.08.2015 fand die Gerichtsverhandlung vor dem Landgericht Bonn statt.<\/h4>\n<h4 style=\"text-align: justify;\">Der vierk\u00f6pfige DSG-Vorstand war vollz\u00e4hlig anwesend und wurde durch seinen Anwalt unterst\u00fctzt.<\/h4>\n<h4 style=\"text-align: justify;\">F\u00fcr die ESA (European Suzuki Association) waren Anke van der Bijl (die stellvertretende Vorsitzende) und deren Anwalt erschienen. Der 1. Vorsitzende Martin R\u00fcttimann fehlte.<br \/>\nDie drei Richter sahen es als erwiesen an, dass der ESA-Vorstand in den Jahren 2011 und 2012 zumindest <span style=\"color: #0000ff;\"><strong>zwei illegale Handlungen<\/strong><\/span> bei der Abwahl der DSG aus der ESA vorgenommen hatte.<\/h4>\n<h4 style=\"text-align: justify;\"><a href=\"http:\/\/en.germansuzuki.com\/wp-content\/uploads\/2015\/09\/Justicia_farb.jpg\"><img decoding=\"async\" loading=\"lazy\" class=\" wp-image-1870 alignleft\" src=\"http:\/\/en.germansuzuki.com\/wp-content\/uploads\/2015\/09\/Justicia_farb.jpg\" alt=\"Justicia_farb\" width=\"227\" height=\"403\" \/><\/a>Deshalb stellte das dreik\u00f6pfige Richtergremium einen grunds\u00e4tzlichen, erheblichen Schadensersatzanspruch der DSG gegen\u00fcber der ESA fest und schlug einen Vergleich vor, der die ESA zu einer Zahlung von 15.000,- \u20ac an die DSG verpflichten w\u00fcrde. Sollte die ESA dies ablehnen, stellte es ein Urteil zugunsten der DSG in Aussicht, das im Ergebnis f\u00fcr die ESA um <span style=\"color: #0000ff;\"><strong>mindestens 20.000,- \u20ac<\/strong><\/span> teurer werden w\u00fcrde.<\/h4>\n<h4 style=\"text-align: justify;\">Nach ca. 2<sup>1\/2 <\/sup>st\u00fcndigen Verhandlungen wurde folgender Vergleich geschlossen: Wenn die ESA innerhalb von zwei Wochen nach Rechtskraft die geforderte Zahlung leisten w\u00fcrde, erhielte sie von der DSG einen gro\u00dfz\u00fcgigen &#8222;Rabatt&#8220; von ca. 33% und br\u00e4uchte nur 10.000,- \u20ac an die DSG zu zahlen. Verpasste sie diesen Termin, w\u00e4re die Gesamtsumme von 15.000,- \u20ac f\u00e4llig und sofort vollstreckbar.<\/h4>\n<h4 style=\"text-align: justify;\"><span style=\"color: #0000ff;\"><strong>Der DSG wurden keinerlei Auflagen gemacht.<\/strong><\/span><\/h4>\n<h4 style=\"text-align: justify;\"><span style=\"color: #0000ff;\"><strong>Durch die Zustimmung der ESA zu diesem Vergleich wird evident, dass die ESA ihr illegales Verhalten gegen\u00fcber der DSG eingestehen musste.<\/strong><\/span><\/h4>\n<h4 style=\"text-align: justify;\">Der Abschluss dieses Vergleichs war f\u00fcr den DSG-Vorstand sinnvoll, auch wenn es formaljuristisch nur um die Wiedergutmachung des eingetretenen Verm\u00f6gensschadens ging.<\/h4>\n<h4>Kerstin Wartberg machte <span style=\"color: #0000ff;\"><strong>einige spezielle Vorschl\u00e4ge, wie die Beziehungen zwischen ESA und DSG beruhigt und damit langfristig stabilisiert werden k\u00f6nnten:<\/strong><\/span><\/h4>\n<ol>\n<li>\n<h4>Da die DSG nach allem aus juristischer Sicht immer noch ESA-Mitglied ist, k\u00f6nnte sie ihre <span style=\"color: #0000ff;\"><strong>Teacher Training Kurse anbieten als anerkannt durch die ESA.<\/strong><\/span><\/h4>\n<\/li>\n<li>\n<h4><span style=\"color: #0000ff;\"><strong>Die Sch\u00fcler von DSG-Lehrern<\/strong><\/span> k\u00f6nnten an allen von der ESA veranstalteten Workshops und Konzerten teilnehmen.<\/h4>\n<\/li>\n<\/ol>\n<h4 style=\"text-align: justify;\">Diese oder \u00e4hnliche Vorschl\u00e4ge h\u00e4tte man in den Gerichts-Vergleich aufnehmen k\u00f6nnen und sie w\u00e4ren damit <span style=\"color: #0000ff;\"><strong>eine Garantie f\u00fcr eine professionelle Kooperation zwischen ESA und DSG gewesen.<\/strong><\/span><\/h4>\n<h4>Anke van der Bijl <span style=\"color: #0000ff;\"><strong><u>wies alle diese Vorschl\u00e4ge kategorisch zur\u00fcck<\/u><\/strong><strong> und vers\u00e4umte damit die Chance f\u00fcr eine friedliche Zusammenarbeit in der Zukunft. Ihr einziges Argument war, die DSG w\u00fcrde angebliche Markenrechte der ISA nicht anerkennen. Dies steht im direkten Gegensatz zur Entscheidung des Europ\u00e4ischen Harmonisierungsamtes f\u00fcr Markenrechte vom 12.11.2014.<br \/>\n<\/strong><\/span><\/h4>\n<p style=\"text-align: center;\"><a href=\"http:\/\/www.germansuzuki.com\/wp-content\/uploads\/2015\/09\/Europ\u00e4isches_Markengericht_S.12.jpg\"><img decoding=\"async\" loading=\"lazy\" class=\"aligncenter size-medium wp-image-5766\" src=\"http:\/\/www.germansuzuki.com\/wp-content\/uploads\/2015\/09\/Europ\u00e4isches_Markengericht_S.12-300x199.jpg\" alt=\"Europ\u00e4isches_Markengericht_S.1\" width=\"300\" height=\"199\" srcset=\"https:\/\/www.germansuzuki.de\/wp-content\/uploads\/2015\/09\/Europ\u00e4isches_Markengericht_S.12-300x199.jpg 300w, https:\/\/www.germansuzuki.de\/wp-content\/uploads\/2015\/09\/Europ\u00e4isches_Markengericht_S.12-1024x678.jpg 1024w\" sizes=\"(max-width: 300px) 100vw, 300px\" \/><\/a><\/p>\n<p style=\"text-align: center;\"><em>(Anmerkung: Dies entspricht entspricht der h\u00f6chsten rechtlich bindenden Autorit\u00e4t in europ\u00e4ischen Markenrechtsangelegenheiten)<\/em><\/p>\n<p style=\"text-align: center;\"><span style=\"color: #0000ff;\"><strong><span style=\"text-decoration: underline;\">DEUTSCHE \u00dcBERSETZUNG:<\/span><\/strong><\/span><\/p>\n<p style=\"text-align: center;\"><span style=\"color: #000000;\"><strong>Harmonisierungsamt f\u00fcr den Binnenmarkt<br \/>\n(Marken, Muster und Modelle)<br \/>\nAbteilung f\u00fcr L\u00f6schungserkl\u00e4rungen<br \/>\nC306B<br \/>\nAlicante, 12\/11\/2014<\/strong><\/span><\/p>\n<h4 style=\"text-align: justify;\"><span style=\"color: #000000;\">Zitat von Seite 8<br \/>\n&#8222;<strong>Schlussfolgerung<br \/>\n<\/strong>Nach alledem <u>hat der Inhaber der Gemeinschaftsmarke\u00a0<\/u> <em>(Anmerkung: die ISA)<\/em> die ernsthafte Benutzung der streitigen Gemeinschaftsmarke f\u00fcr folgende Waren und<\/span> <span style=\"color: #0000ff;\"><strong><u>Dienstleistungen nicht bewiesen<\/u><\/strong><u>,<\/u> <span style=\"color: #000000;\">weshalb die Gemeinschaftsmarke daher<\/span> <strong><span style=\"text-decoration: underline;\">widerrufen<\/span> werden muss:<\/strong><\/span><\/h4>\n<h4><span style=\"color: #000000;\"><strong>Klasse 9: <\/strong><em>Musikalische audio-visuelle Aufnahmen; Computerprogramme im Zusammenhang mit Musik; Computerprogramme f\u00fcr Unterrichtszwecke; Musikaufnahmen zum Downloaden; elektronische Ver\u00f6ffentlichungen<\/em><\/span><\/h4>\n<h4><span style=\"color: #000000;\"><strong>Klasse 16: <\/strong><em>Gedruckte Ver\u00f6ffentlichungen; B\u00fccher, Zeitschriften, Periodika, Handb\u00fccher und Kataloge; Papiere, Schreibsachen und Notenhefte<\/em><\/span><\/h4>\n<h4><span style=\"color: #000000;\"><strong>Klasse 41: <\/strong><em><u>Musikalische, erzieherische und unterrichtende Dienstleistungen.&#8220;<\/u><\/em><\/span><\/h4>\n<h4><\/h4>\n<h4 style=\"text-align: justify;\">Bereits ein Jahr fr\u00fcher, am\u00a02. Juli 2013 hatte das Bundespatentgericht entschieden, dass der Name <em>Suzuki <\/em>in Deutschland im Bereich Musikp\u00e4dagogik von JEDERMANN frei benutzt werden darf:<br \/>\n<span style=\"color: #ffffff;\">1<\/span><br \/>\n<a href=\"http:\/\/www.germansuzuki.com\/wp-content\/uploads\/2015\/09\/Bundespatentgericht_S.11.jpg\"><img decoding=\"async\" loading=\"lazy\" class=\"aligncenter size-medium wp-image-5767\" src=\"http:\/\/www.germansuzuki.com\/wp-content\/uploads\/2015\/09\/Bundespatentgericht_S.11-300x243.jpg\" alt=\"Bundespatentgericht_S.1\" width=\"300\" height=\"243\" srcset=\"https:\/\/www.germansuzuki.de\/wp-content\/uploads\/2015\/09\/Bundespatentgericht_S.11-300x243.jpg 300w, https:\/\/www.germansuzuki.de\/wp-content\/uploads\/2015\/09\/Bundespatentgericht_S.11-1024x830.jpg 1024w\" sizes=\"(max-width: 300px) 100vw, 300px\" \/><\/a><\/h4>\n<h4 style=\"text-align: justify;\"><strong>Die rechtskr\u00e4ftigen Entscheidungen dieser drei Gerichte (Landgericht Bonn, Harmonisierungsamt f\u00fcr Markenrecht im europ\u00e4ischen Binnenmarkt sowie Bundespatentgericht) haben jedoch noch andere Folgen:<\/strong><\/h4>\n<ol style=\"text-align: justify;\">\n<li>\n<h4>Die Drohungen der ESA gegen die Lehrer der DSG wurden wirksam gestoppt, so dass an dieser Front zuk\u00fcnftig Ruhe herrschen d\u00fcrfte.<\/h4>\n<\/li>\n<li style=\"text-align: left;\">\n<h4>Im Verlaufe des Prozesses wurde durch Belege nachgewiesen, dass im Jahre 2011 <span style=\"color: #0000ff;\"><strong>zahlreiche konspirative, vors\u00e4tzlich sch\u00e4digende Handlungen seitens des ESA- und des sp\u00e4teren SMD-Vorstandes stattgefunden hatten mit dem Ziel, die DSG zu zerst\u00f6ren und ihre Mitglieder in\u00a0den SMD-Verein einzugliedern.<\/strong><\/span><\/h4>\n<\/li>\n<li style=\"text-align: left;\">\n<h4>Alle Suzuki-Gesellschaften, deren Heimatstaaten dem europ\u00e4ischen Binnenmarkt angeh\u00f6ren, haben nun die freie Wahl, ob sie die unwahren Behauptungen der ESA durch die Beitr\u00e4ge ihrer Mitglieder weiterhin unterst\u00fctzen wollen, oder ob sie sich darauf besinnen, was die eigentliche Aufgabe einer europ\u00e4ischen Suzuki-Gesellschaft sein sollte:<\/h4>\n<\/li>\n<\/ol>\n<h4 style=\"text-align: justify;\"><span style=\"color: #0000ff;\"><strong>Eine M\u00f6glichkeit zur qualifizierten Lehrerausbildung, zum lebendigen Erfahrungsaustausch und eine Anleitung f\u00fcr Kinder zur V\u00f6lkerverst\u00e4ndigung durch Teilnahme an internationalen Musikveranstaltungen!<\/strong><\/span><\/h4>\n<h4 style=\"text-align: justify;\">Die von der ESA aufgestellten ethischen Richtlinien (siehe unten) sind richtig, nur m\u00fcssen sie gelebt und nicht nur als Monstranz vor sich hergetragen werden.<\/h4>\n<p style=\"text-align: left; padding-left: 30px;\"><a href=\"http:\/\/en.germansuzuki.com\/wp-content\/uploads\/2015\/09\/Ethical-Guidelines_2.jpg\"><img decoding=\"async\" loading=\"lazy\" class=\" wp-image-1885 alignnone\" src=\"http:\/\/en.germansuzuki.com\/wp-content\/uploads\/2015\/09\/Ethical-Guidelines_2-1024x409.jpg\" alt=\"Ethical Guidelines_2\" width=\"438\" height=\"177\" \/><\/a><\/p>\n<h4 style=\"padding-left: 30px;\"><span style=\"color: #000000;\">***********************************************************<br \/>\nAusz\u00fcge aus diesen <strong>ETHISCHEN RICHTLINIEN der<\/strong><\/span><strong><span style=\"color: #000000;\"> ESA:<br \/>\n<\/span><\/strong><span style=\"color: #000000;\"><br \/>\nKollegialer Umgang mit <strong><span style=\"text-decoration: underline;\">Menschlichkeit und Integrit\u00e4t<\/span><\/strong><\/span><\/h4>\n<h4 style=\"padding-left: 30px;\"><span style=\"color: #000000;\"><strong><span style=\"text-decoration: underline;\">Achtung gegen\u00fcber den Rechten von Kollegen<\/span><\/strong> beim Gespr\u00e4ch \u00fcber deren Arbeit und Respekt gegen\u00fcber unterschiedlichen Lehrmethoden<\/span><\/h4>\n<h4 style=\"padding-left: 30px;\"><span style=\"color: #000000;\">Amtsgesch\u00e4fte <strong><span style=\"text-decoration: underline;\">rechtlich korrekt und ehrlich<\/span><\/strong> zu f\u00fchren<\/span><\/h4>\n<h4><span style=\"color: #000000;\">\u00a0<\/span><\/h4>\n<h4 style=\"text-align: justify;\"><span style=\"color: #000000;\">Sieht man von den oben genannten\u00a0Vorschl\u00e4gen f\u00fcr die Le<\/span>hrer und Sch\u00fcler ab, die von den ESA-Vorst\u00e4nden zur\u00fcckgewiesen wurden <strong><span style=\"color: #0000ff;\">&#8211; offensichtlich nicht im Sinne von Suzuki und gegen europ\u00e4isches Recht &#8211;<\/span> <\/strong>, so ist der DSG-Vorstand durchaus zufrieden mit den Ergebnissen der drei\u00a0 Gerichtsverfahren.<\/h4>\n<h4 style=\"text-align: center;\"><a href=\"http:\/\/en.germansuzuki.com\/wp-content\/uploads\/2015\/09\/buddha.jpg\"><img decoding=\"async\" loading=\"lazy\" class=\" wp-image-1856 aligncenter\" src=\"http:\/\/en.germansuzuki.com\/wp-content\/uploads\/2015\/09\/buddha.jpg\" alt=\"buddha\" width=\"601\" height=\"388\" \/><\/a><strong>Zitat:<\/strong><br \/>\n<span style=\"color: #0000ff;\"><em>Drei Dinge bleiben nie auf Dauer im Verborgenen:<\/em><\/span><br \/>\n<em><span style=\"color: #0000ff;\">Die Sonne, der Mond und die Wahrheit.<\/span><br \/>\n<\/em>Buddha<a href=\"http:\/\/en.germansuzuki.com\/?p=1829\"><br \/>\n<\/a><\/h4>\n<h4 style=\"text-align: center;\">English information: <a href=\"http:\/\/en.germansuzuki.com\/?p=1829\" target=\"_blank\" rel=\"nofollow noopener\">http:\/\/en.germansuzuki.com\/?p=1829<\/a><\/h4>\n<h4 style=\"text-align: center;\">Informazioni italiano: <a href=\"http:\/\/en.germansuzuki.com\/?p=1896\" target=\"_blank\" rel=\"nofollow noopener\">http:\/\/en.germansuzuki.com\/?p=1896<\/a><\/h4>\n","protected":false},"excerpt":{"rendered":"<p>Schuldbeweis: Die ESA hat an die DSG 15.000 EURO zu zahlen Am 27.08.2015 fand die Gerichtsverhandlung vor dem Landgericht Bonn statt. Der vierk\u00f6pfige DSG-Vorstand war vollz\u00e4hlig anwesend und wurde durch&#8230;<\/p>\n","protected":false},"author":2,"featured_media":5693,"comment_status":"open","ping_status":"open","sticky":false,"template":"","format":"standard","meta":[],"categories":[3],"tags":[],"_links":{"self":[{"href":"https:\/\/www.germansuzuki.de\/index.php?rest_route=\/wp\/v2\/posts\/5684"}],"collection":[{"href":"https:\/\/www.germansuzuki.de\/index.php?rest_route=\/wp\/v2\/posts"}],"about":[{"href":"https:\/\/www.germansuzuki.de\/index.php?rest_route=\/wp\/v2\/types\/post"}],"author":[{"embeddable":true,"href":"https:\/\/www.germansuzuki.de\/index.php?rest_route=\/wp\/v2\/users\/2"}],"replies":[{"embeddable":true,"href":"https:\/\/www.germansuzuki.de\/index.php?rest_route=%2Fwp%2Fv2%2Fcomments&post=5684"}],"version-history":[{"count":58,"href":"https:\/\/www.germansuzuki.de\/index.php?rest_route=\/wp\/v2\/posts\/5684\/revisions"}],"predecessor-version":[{"id":9565,"href":"https:\/\/www.germansuzuki.de\/index.php?rest_route=\/wp\/v2\/posts\/5684\/revisions\/9565"}],"wp:featuredmedia":[{"embeddable":true,"href":"https:\/\/www.germansuzuki.de\/index.php?rest_route=\/wp\/v2\/media\/5693"}],"wp:attachment":[{"href":"https:\/\/www.germansuzuki.de\/index.php?rest_route=%2Fwp%2Fv2%2Fmedia&parent=5684"}],"wp:term":[{"taxonomy":"category","embeddable":true,"href":"https:\/\/www.germansuzuki.de\/index.php?rest_route=%2Fwp%2Fv2%2Fcategories&post=5684"},{"taxonomy":"post_tag","embeddable":true,"href":"https:\/\/www.germansuzuki.de\/index.php?rest_route=%2Fwp%2Fv2%2Ftags&post=5684"}],"curies":[{"name":"wp","href":"https:\/\/api.w.org\/{rel}","templated":true}]}}