{"id":5639,"date":"2015-08-22T15:18:40","date_gmt":"2015-08-22T13:18:40","guid":{"rendered":"http:\/\/www.germansuzuki.com\/?p=5639"},"modified":"2015-08-22T15:18:40","modified_gmt":"2015-08-22T13:18:40","slug":"1-international-winter-school-interlaken-schweiz","status":"publish","type":"post","link":"https:\/\/www.germansuzuki.de\/?p=5639","title":{"rendered":"1. International Winter School, Interlaken (Schweiz)"},"content":{"rendered":"<p>28.12.2015-02.01.2016: Erleben sie mit ihren Kindern die wundersch\u00f6ne Schweizer Alpenwelt und eine intensive Musikwoche mit renommierten Suzuki-Lehrerinnen und -Lehrern aus ganz Europa. Interlaken, die international bekannte Destination zwischen zwei Seen, mit unz\u00e4hligen Ausflugm\u00f6glichkeiten in die Berge, hat ihnen sehr viel zu bieten. Geniessen sie mit ihrer Familie die Verbindung von Musizieren, \u00dcben und Ferien in der grossartigen Natur.<\/p>\n<p>Wir bieten Ihnen:<\/p>\n<ul>\n<li>T\u00e4glicher Einzelunterricht in Masterclasses<\/li>\n<li>Gruppenstunden<\/li>\n<li>\u201eVom Blatt&#8220; spielen und fiddeln (fakultativ)<\/li>\n<li>Elternpodium<\/li>\n<li>verschiedene Konzerte<\/li>\n<li>gro\u00dfes Neujahr-Schlusskonzert<\/li>\n<li>neu: Eltern-Kind-Singen von 0-3 (Early Childhood, Suzuki ECE)<\/li>\n<\/ul>\n<p>Es unterrichten:<\/p>\n<ul>\n<li><span style=\"font-family: Calibri,Calibri; font-size: medium;\"><span style=\"font-family: Calibri,Calibri; font-size: medium;\">Violine: Agathe Jerie Teacher-Trainer, Schweiz <\/span><\/span><\/li>\n<li><span style=\"font-family: Calibri,Calibri; font-size: medium;\"><span style=\"font-family: Calibri,Calibri; font-size: medium;\">Violine: Ewa Tosik-Warszawiak-Teacher-Trainer, Island, Poland <\/span><\/span><\/li>\n<li><span style=\"font-family: Calibri,Calibri; font-size: medium;\"><span style=\"font-family: Calibri,Calibri; font-size: medium;\">Violine: N.N. <\/span><\/span><\/li>\n<li><span style=\"font-family: Calibri,Calibri; font-size: medium;\"><span style=\"font-family: Calibri,Calibri; font-size: medium;\">Violine: Sigismond Cachot, A-Teacher, Frankreich <\/span><\/span><\/li>\n<li><span style=\"font-family: Calibri,Calibri; font-size: medium;\"><span style=\"font-family: Calibri,Calibri; font-size: medium;\">Meisterkurs: Alex van Wijnkoop, Gr\u00fcnder und ehemaliger Leiter der Camerata Bern, Primarius des Berner Streichquartetts, war Dozent an den Musikschulen Bern, Luzern und Basel.<\/span><\/span><\/li>\n<li><span style=\"font-family: Calibri,Calibri; font-size: medium;\"><span style=\"font-family: Calibri,Calibri; font-size: medium;\">Gitarre: David Zipperle, Schweiz <\/span><\/span><\/li>\n<\/ul>\n<p>Klicken Sie <a href=\"http:\/\/www.germansuzuki.com\/wp-content\/uploads\/2015\/01\/Winterschool-15.pdf\">hier<\/a>\u00a0zum Download des Flyers!<\/p>\n<p>&nbsp;<\/p>\n","protected":false},"excerpt":{"rendered":"<p>28.12.2015-02.01.2016: Erleben sie mit ihren Kindern die wundersch\u00f6ne Schweizer Alpenwelt und eine intensive Musikwoche mit renommierten Suzuki-Lehrerinnen und -Lehrern aus ganz Europa. Interlaken, die international bekannte Destination zwischen zwei Seen,&#8230;<\/p>\n","protected":false},"author":2,"featured_media":0,"comment_status":"open","ping_status":"open","sticky":false,"template":"","format":"standard","meta":[],"categories":[9],"tags":[],"_links":{"self":[{"href":"https:\/\/www.germansuzuki.de\/index.php?rest_route=\/wp\/v2\/posts\/5639"}],"collection":[{"href":"https:\/\/www.germansuzuki.de\/index.php?rest_route=\/wp\/v2\/posts"}],"about":[{"href":"https:\/\/www.germansuzuki.de\/index.php?rest_route=\/wp\/v2\/types\/post"}],"author":[{"embeddable":true,"href":"https:\/\/www.germansuzuki.de\/index.php?rest_route=\/wp\/v2\/users\/2"}],"replies":[{"embeddable":true,"href":"https:\/\/www.germansuzuki.de\/index.php?rest_route=%2Fwp%2Fv2%2Fcomments&post=5639"}],"version-history":[{"count":3,"href":"https:\/\/www.germansuzuki.de\/index.php?rest_route=\/wp\/v2\/posts\/5639\/revisions"}],"predecessor-version":[{"id":5642,"href":"https:\/\/www.germansuzuki.de\/index.php?rest_route=\/wp\/v2\/posts\/5639\/revisions\/5642"}],"wp:attachment":[{"href":"https:\/\/www.germansuzuki.de\/index.php?rest_route=%2Fwp%2Fv2%2Fmedia&parent=5639"}],"wp:term":[{"taxonomy":"category","embeddable":true,"href":"https:\/\/www.germansuzuki.de\/index.php?rest_route=%2Fwp%2Fv2%2Fcategories&post=5639"},{"taxonomy":"post_tag","embeddable":true,"href":"https:\/\/www.germansuzuki.de\/index.php?rest_route=%2Fwp%2Fv2%2Ftags&post=5639"}],"curies":[{"name":"wp","href":"https:\/\/api.w.org\/{rel}","templated":true}]}}