{"id":5604,"date":"2015-07-31T17:39:17","date_gmt":"2015-07-31T15:39:17","guid":{"rendered":"http:\/\/www.germansuzuki.com\/?p=5604"},"modified":"2015-10-04T17:45:53","modified_gmt":"2015-10-04T15:45:53","slug":"kompaktseminar-fuer-geiger-und-cellisten-2","status":"publish","type":"post","link":"https:\/\/www.germansuzuki.de\/?p=5604","title":{"rendered":"Einf\u00fchrungskurs in die Suzuki-Methode: Kompaktseminar f\u00fcr Geiger und Cellisten"},"content":{"rendered":"<h2><span style=\"color: #993300;\">31.10.-02.11.2015<\/span><\/h2>\n<p><span style=\"color: #000000;\"><strong><span style=\"color: #993300;\">Beginn:<\/span> <\/strong>31. Oktober 2015, Beginn 14:30 Uhr<strong><br \/>\n<span style=\"color: #993300;\">Ende:\u00a0<\/span><\/strong>01. November 2015, Ende 14:30 Uhr<\/span><\/p>\n<p>&nbsp;<\/p>\n<h2><span style=\"color: #000000;\"><strong>Einf\u00fchrungskurs in die Suzuki-Methode<\/strong><\/span><br \/>\n<span style=\"color: #000000;\"> <strong> &amp;<\/strong><\/span><br \/>\n<span style=\"color: #000000;\"><strong><span style=\"color: #000000;\"> Kurs mit Brian LEWIS<\/span><br \/>\n<\/strong><\/span><\/h2>\n<p>&nbsp;<\/p>\n<h2><span style=\"color: #993300;\"><span style=\"color: #993300;\"><strong><a href=\"http:\/\/oxid.germansuzuki.de\/deutschkompakt\">Online-Kursanmeldung 2015<\/a><\/strong><\/span><\/span><\/h2>\n<p><strong><a href=\"http:\/\/www.germansuzuki.com\/wp-content\/uploads\/2013\/04\/Geigerschlange_orig_bearb.jpg\"><img decoding=\"async\" loading=\"lazy\" class=\"alignnone size-full wp-image-4392\" style=\"border: 1px solid black;\" title=\"Geigerschlange_orig_bearb\" src=\"http:\/\/www.germansuzuki.com\/wp-content\/uploads\/2013\/04\/Geigerschlange_orig_bearb.jpg\" alt=\"\" width=\"334\" height=\"236\" \/><\/a><\/strong><\/p>\n<p>&nbsp;<\/p>\n<h2><span style=\"color: #993300;\"><strong>A. Einf\u00fchrungskurs in die Suzuki-Methode<\/strong><\/span><\/h2>\n<p style=\"text-align: justify;\"><span style=\"color: #000000;\"><strong>Suzukis Unterrichtskonzept<\/strong>, auch <em>Muttersprachenmethode<\/em> genannt, hat sich in vielen L\u00e4ndern der Welt durchgesetzt und ist u.a. wegen seiner Systematik sehr beliebt. Es bietet den interessierten Lehrern einen Schatz an jahrzehntelangen Erfahrungen im Bereich der <strong>Breiten- aber auch der Begabtenf\u00f6rderung <\/strong>und der <strong>Kombination von Gruppen- und Einzelunterricht.<\/strong><\/span><\/p>\n<p style=\"text-align: justify;\"><span style=\"color: #000000;\">Ein wesentliches Merkmal der Muttersprachenmethode ist der Verzicht auf Noten w\u00e4hrend der ersten Unterrichtszeit. Beim Musizieren stehen die Schulung des Geh\u00f6rs, die Konzentration auf den Rhythmus und die Intonation, die Haltung, der Bewegungsablauf beim Spielen, der Klang und der Ausdruck im Vordergrund.<\/span><\/p>\n<p style=\"text-align: justify;\"><span style=\"color: #000000;\">So gehen die <strong>elementaren Zusammenh\u00e4nge <\/strong>zwischen <strong>H\u00f6ren, Vorstellen, F\u00fchlen und Spielen<\/strong> unmittelbar ineinander \u00fcber. Von Anfang an erlebt Ihr Kind die Musik als ein lebendiges Ganzes und mu\u00df sie sich <em>nicht analytisch<\/em> erarbeiten.<\/span><\/p>\n<p style=\"text-align: justify;\"><span style=\"color: #000000;\">Auch dieser Schritt kann von dem <strong>nat\u00fcrlichen Vorgang des Sprechenlernens<\/strong> abgeleitet werden: <strong>Zuerst Sprechen, danach Lesen<\/strong>. Die Teilnehmer erhalten schwerpunktm\u00e4\u00dfig einen Einblick in die Unterstufenarbeit, aber auch Ausblicke in die Mittel- und Oberstufe.<\/span><\/p>\n<p style=\"text-align: justify;\"><span style=\"color: #000000;\"><strong>Bitte bringen Sie Ihr Instrument mit, da wir viele \u00dcbungen und Unterrichtsspiele ausprobieren wollen!<\/strong><\/span><\/p>\n<p>&nbsp;<\/p>\n<h2><span style=\"color: #993300;\"><strong>B. Kurs mit Brian LEWIS<\/strong><\/span><\/h2>\n<p><span style=\"color: #993300;\"><span style=\"color: #000000;\">Ein Geiger, dessen musikalische Entwicklung von den beiden gro\u00dfen P\u00e4dagogen <\/span><strong>Dorothy DeLay und Shinichi Suzuki <\/strong><span style=\"color: #000000;\">nachhaltig gepr\u00e4gt wurde.<strong><br \/>\n<\/strong><\/span><\/span><\/p>\n<p style=\"text-align: justify;\">Der amerikanische Violinist und P\u00e4dagoge\u00a0<a href=\"https:\/\/suzukiassociation.org\/news\/author\/brian-lewis\/\"><b>BRIAN LEWIS<\/b><\/a><b>,\u00a0<\/b> der in zahlreichen Medien als einer der vielseitigsten und charismatischsten Geiger unserer Zeit bezeichnet wird, zeigt auf unserer Konferenz die ganze Palette seiner au\u00dferordentlichen Begabungen: Er wird w\u00e4hrend der Konferenz Vortr\u00e4ge halten, konzertieren, Zusatzliteratur und Technik mit den Teilnehmern erarbeiten sowie Meisterkurse f\u00fcr Sch\u00fcler und Lehrer geben.<br \/>\nBrian Lewis ist \u00fcbrigens der Sohn von <span style=\"color: #000000;\">Alice Joy Lewis<\/span>, einer in den Vereinigten Staaten sehr bekannten Pionierin der Suzuki-Methode.<\/p>\n<p><strong><a href=\"http:\/\/en.germansuzuki.com\/wp-content\/uploads\/2015\/05\/Lewis_Brian.jpg\"><img decoding=\"async\" loading=\"lazy\" class=\"alignnone size-full wp-image-1708\" src=\"http:\/\/en.germansuzuki.com\/wp-content\/uploads\/2015\/05\/Lewis_Brian.jpg\" alt=\"Brian Lewis, pedagogy session, 2011 Starling Delay Symposium\" width=\"424\" height=\"318\" \/><\/a><br \/>\n<\/strong><br \/>\nIn seiner Kindheit erhielt Brian Lewis u. a. bei Dr. Suzuki Unterricht. Sp\u00e4ter studierte er an der ber\u00fchmten Juilliard School in New York bei Dorothy DeLay, die zahlreiche weltber\u00fchmte Geiger wie Itzhak Perlman, Midori, Gil Shaham und Shlomo Mintz ausgebildet hat.<br \/>\nAls dynamischer und engagierter Lehrer verbindet\u00a0Brian Lewis das Wissen der beiden gro\u00dfen P\u00e4dagogen<br \/>\n<strong><span style=\"color: #993300;\"><strong>Dorothy DeLay und Dr. Shinichi <\/strong>Suzuki<\/span><\/strong>, die seine musikalische Entwicklung nachhaltig gepr\u00e4gt haben.<\/p>\n<h5><strong><em><br \/>\n<\/em><\/strong><\/h5>\n<table style=\"height: 1px;\" border=\"0\" width=\"90\" cellspacing=\"0\" cellpadding=\"0\">\n<tbody>\n<tr>\n<td valign=\"top\" width=\"357\"><\/td>\n<td valign=\"top\" width=\"351\"><\/td>\n<\/tr>\n<\/tbody>\n<\/table>\n<h2><span style=\"color: #993300;\"><strong>Weitere Konferenz-Beitr\u00e4ge u.a.:<\/strong><\/span><\/h2>\n<p><span style=\"color: #000000;\"><strong>Musikunterricht mit ADS\/ADHS-Kindern<em><br \/>\nProblematisches Verhalten: Konfliktl\u00f6sungen im Unterrichtsalltag<\/em><\/strong><\/span><br \/>\n<span style=\"color: #000000;\"> Referentin ist die Kinder\u00e4rztin Dr. <em>Ingrid Schlenk<\/em><\/span><\/p>\n<p><strong>Unterrichtsbedingungen schaffen, die kein Versagen zulassen<\/strong><br \/>\n<span style=\"color: #000000;\">Referentin ist die Musikp\u00e4dagogin <em><a href=\"https:\/\/suzukiassociation.org\/news\/author\/winifred-crock\/\">Winifred Crock<\/a> <\/em><\/span>aus\u00a0St. Louis\/USA<\/p>\n<p><strong>Spielerischer Unterricht mit Vorschulkindern<\/strong><br \/>\nDie Chance der fr\u00fchen Jahre nutzen<br \/>\n<span style=\"color: #000000;\"> Erfahrene Fr\u00fchinstrumentalp\u00e4dagogen geben Einblicke in ihre Unterrichtsmodelle<\/span><\/p>\n<p><span style=\"color: #000000;\"><img decoding=\"async\" loading=\"lazy\" class=\"alignnone\" src=\"http:\/\/www.germansuzuki.com\/wp-content\/uploads\/2012\/09\/100_days_practice-e1438358719553.jpg\" alt=\"\" width=\"200\" height=\"133\" \/><\/span><\/p>\n<p>Wir haben f\u00fcr Sie ein kompaktes Programm zusammengestellt, das von der instrumentalen Fr\u00fcherziehung bis hin zur Verbesserung Ihrer eigenen instrumentalen Spielf\u00e4higkeit reicht.<\/p>\n<p>In der Kursgeb\u00fchr ist umfangreiches Material in Form von Notenheften, B\u00fcchern und CDs enthalten. <strong><br \/>\n<\/strong><\/p>\n<p>&nbsp;<\/p>\n<h2><span style=\"color: #993300;\"><strong>Zus\u00e4tzliches Angebot f\u00fcr interessierte Violinlehrer<\/strong><\/span><\/h2>\n<p><span style=\"color: #000000;\"><span style=\"color: #993300;\"><strong>Beginn: <\/strong><\/span>Sonntag, 01. November 2015, 15:30 Uhr<strong><br \/>\n<span style=\"color: #993300;\"><strong>Ende: <\/strong><\/span><\/strong>Montag, 02. November 2015, 13:30 Uhr<\/span><\/p>\n<h2><b><span style=\"color: #993300;\">Neue Ideen f\u00fcr den Anf\u00e4ngerunterrich<strong>t<\/strong> <\/span><\/b><\/h2>\n<p style=\"text-align: justify;\">Die instrumentale und musikalische Entwicklung eines Kindes wird meist grundlegend durch seinen allerersten Instrumentallehrer gepr\u00e4gt.\u00a0Erfahrene Suzuki-Lehrer aus verschiedenen europ\u00e4ischen L\u00e4ndern und den USA berichten \u00fcber ihren ganz pers\u00f6nlichen Zugang, das erste Unterrichtsjahr zu gestalten.<br \/>\nDie Teilnehmer lernen hierbei auch neue und kreative Wege kennen, die aufzeigen, wie sie Instrumentaltechnik, Musikalit\u00e4t und Klangqualit\u00e4t von Anfang an lebendig in ihren Sch\u00fclern entwickeln k\u00f6nnen. Der Einsatz von moderner Technologie im Unterricht und beim \u00dcben zu Hause bietet hierbei eine besondere Chance. Auch ohne gro\u00dfe Vorkenntnisse k\u00f6nnen Lehrer technische M\u00f6glichkeiten nutzen. Beispielsweise reicht ein Smartphone der Sch\u00fclereltern oder des Lehrers v\u00f6llig aus, um den Sch\u00fcler bei seinem t\u00e4glichen \u00dcben an einen bestimmten Unterrichtspunkt zu erinnern. Ein kurzes Video, das\u00a0w\u00e4hrend des Unterrichts\u00a0 aufgenommen wird, transportiert die Unterrichtsatmosph\u00e4re und das besondere Thema t\u00e4glich in das Kinderzimmer. Die Eltern empfinden dies oft als gro\u00dfe Unterst\u00fctzung und die Kinder sp\u00fcren t\u00e4glich die Pr\u00e4sens ihres Lehrers.<\/p>\n<p>&nbsp;<\/p>\n<h2><span style=\"color: #993300;\"><strong>Kursgeb\u00fchren<\/strong><\/span><\/h2>\n<p><strong>Kurs B:<\/strong> Sa.\/So.: Kompaktseminar f\u00fcr Geiger und Cellisten<br \/>\n120.00\u00a0\u20ac<\/p>\n<p><strong>Kurs C:<\/strong> So.\/Mo.: Intensivkurs f\u00fcr Suzuki-Violinlehrer \u2013 Neue Impulse f\u00fcr den Anf\u00e4ngerunterricht<br \/>\n75.00\u00a0\u20ac<\/p>\n<p>&nbsp;<\/p>\n<h2>Unterkunft und Verpflegung in der Akademie Remscheid<\/h2>\n<p><strong>Sa.-So.:<\/strong> 31.10. \u2013 01.11.2015 DOPPELZIMMER (pro Person): 65.00\u00a0\u20ac<br \/>\n<strong>Sa.-So.:<\/strong> 31.10. \u2013 01.11.2015 EINZELZIMMER: 75.00\u00a0\u20ac<\/p>\n<p><strong>Sa.-Mo.:<\/strong> 31.10. \u2013 02.11.2015 DOPPELZIMMER (pro Person): 126.00\u00a0\u20ac<br \/>\n<strong>Sa.-Mo.:<\/strong> 31.10. \u2013 02.11.2015 EINZELZIMMER: 138.00\u00a0\u20ac<\/p>\n<p><strong>Mahlzeiten f\u00fcr Kursteilnehmer,<\/strong><br \/>\n<strong> die NICHT in der Akademie \u00fcbernachten:<\/strong><br \/>\n<strong>Mahlzeiten Sa.-Mo.<\/strong> \u2013 Kurs B + C oder D: 44.00\u00a0\u20ac<br \/>\n<strong>Mahlzeiten Sa.\/So.<\/strong> \u2013 Kurs B: 22.00\u00a0\u20ac<\/p>\n<h2><span style=\"color: #993300;\"><strong><a href=\"http:\/\/oxid.germansuzuki.de\/deutschkompakt\">Online-Kursanmeldung 2015<\/a><\/strong><\/span><\/h2>\n<p><span style=\"color: #000000;\">\u00a0<\/span><\/p>\n<p><span style=\"color: #000000;\"><strong><span style=\"color: #993300;\">Kursleitung:<\/span><br \/>\n<\/strong>Kerstin Wartberg<\/span><\/p>\n<p><span style=\"color: #993300;\"><strong>Tagungsort:<\/strong><\/span><br \/>\n<span style=\"color: #000000;\"> Akademie Remscheid f\u00fcr musische Bildung und Medienerziehung<\/span><br \/>\n<span style=\"color: #000000;\"> 42857 Remscheid (NRW)<\/span><\/p>\n<p><span style=\"color: #993300;\"><strong>Die Kursanmeldung ist bereits jetzt schon m\u00f6glich. <\/strong><\/span><br \/>\n<span style=\"color: #000000;\"> Wir empfehlen Ihnen eine baldige Anmeldung,<\/span><br \/>\n<span style=\"color: #000000;\"> damit Sie sicher ein Zimmer und Verpflegung in der Akademie Remscheid erhalten.<\/span><\/p>\n<p><span style=\"color: #993300;\"><strong>Information:<\/strong><\/span><br \/>\n<span style=\"color: #000000;\"> Deutsche Suzuki Gesellschaft e.V.<\/span><br \/>\n<span style=\"color: #000000;\"> Sekretariat Monika Pieck, Ankerstra\u00dfe 34, D-53757 Sankt Augustin<\/span><br \/>\n<span style=\"color: #000000;\"> Tel: +49 (0)2241 2 89 46<\/span><br \/>\n<span style=\"color: #000000;\"> Fax: +49 3222 156 45 09<a href=\"mailto:Suzuki.wartberg@t-online.de\"><span style=\"color: #000000;\"><br \/>\nXchange@germansuzuki.com<\/span><\/a><\/span><\/p>\n<p>&nbsp;<\/p>\n<h2><\/h2>\n<p>&nbsp;<\/p>\n<p>&nbsp;<\/p>\n","protected":false},"excerpt":{"rendered":"<p>31.10.-02.11.2015 Beginn: 31. Oktober 2015, Beginn 14:30 Uhr Ende:\u00a001. November 2015, Ende 14:30 Uhr &nbsp; Einf\u00fchrungskurs in die Suzuki-Methode &amp; Kurs mit Brian LEWIS &nbsp; Online-Kursanmeldung 2015 &nbsp; A. Einf\u00fchrungskurs&#8230;<\/p>\n","protected":false},"author":2,"featured_media":4542,"comment_status":"open","ping_status":"open","sticky":false,"template":"","format":"standard","meta":[],"categories":[9],"tags":[],"_links":{"self":[{"href":"https:\/\/www.germansuzuki.de\/index.php?rest_route=\/wp\/v2\/posts\/5604"}],"collection":[{"href":"https:\/\/www.germansuzuki.de\/index.php?rest_route=\/wp\/v2\/posts"}],"about":[{"href":"https:\/\/www.germansuzuki.de\/index.php?rest_route=\/wp\/v2\/types\/post"}],"author":[{"embeddable":true,"href":"https:\/\/www.germansuzuki.de\/index.php?rest_route=\/wp\/v2\/users\/2"}],"replies":[{"embeddable":true,"href":"https:\/\/www.germansuzuki.de\/index.php?rest_route=%2Fwp%2Fv2%2Fcomments&post=5604"}],"version-history":[{"count":16,"href":"https:\/\/www.germansuzuki.de\/index.php?rest_route=\/wp\/v2\/posts\/5604\/revisions"}],"predecessor-version":[{"id":5700,"href":"https:\/\/www.germansuzuki.de\/index.php?rest_route=\/wp\/v2\/posts\/5604\/revisions\/5700"}],"wp:featuredmedia":[{"embeddable":true,"href":"https:\/\/www.germansuzuki.de\/index.php?rest_route=\/wp\/v2\/media\/4542"}],"wp:attachment":[{"href":"https:\/\/www.germansuzuki.de\/index.php?rest_route=%2Fwp%2Fv2%2Fmedia&parent=5604"}],"wp:term":[{"taxonomy":"category","embeddable":true,"href":"https:\/\/www.germansuzuki.de\/index.php?rest_route=%2Fwp%2Fv2%2Fcategories&post=5604"},{"taxonomy":"post_tag","embeddable":true,"href":"https:\/\/www.germansuzuki.de\/index.php?rest_route=%2Fwp%2Fv2%2Ftags&post=5604"}],"curies":[{"name":"wp","href":"https:\/\/api.w.org\/{rel}","templated":true}]}}