{"id":5553,"date":"2015-07-18T15:31:14","date_gmt":"2015-07-18T13:31:14","guid":{"rendered":"http:\/\/www.germansuzuki.com\/?p=5553"},"modified":"2015-08-18T16:15:49","modified_gmt":"2015-08-18T14:15:49","slug":"violinkurs-mit-brian-lewis-fuer-junge-geiger","status":"publish","type":"post","link":"https:\/\/www.germansuzuki.de\/?p=5553","title":{"rendered":"Violinkurs mit BRIAN LEWIS f\u00fcr junge Geiger"},"content":{"rendered":"<p style=\"text-align: center;\"><b>31. Oktober 2015, Beginn 14:30 Uhr\u00a0 \u2013 01. November 2015, Ende 13:30 Uhr<br \/>\nAkademie Remscheid<br \/>\n<\/b><\/p>\n<p style=\"text-align: center;\"><b>Eingeladen sind Mittel- und Oberstufensch\u00fcler ab Heft 6 sowie Musikstudenten<\/b><\/p>\n<blockquote>\n<h2 style=\"text-align: center;\">Violinkurs mit BRIAN LEWIS f\u00fcr junge Geiger<\/h2>\n<h2 style=\"text-align: center;\"><a href=\"http:\/\/oxid.germansuzuki.de\/jugend\"><b>Online-Anmeldung<\/b><\/a><\/h2>\n<\/blockquote>\n<p><b>\u00a0<\/b><\/p>\n<p>Der amerikanische Violinp\u00e4dagoge und Geiger\u00a0<a href=\"https:\/\/suzukiassociation.org\/news\/author\/brian-lewis\/\"><b>BRIAN LEWIS<\/b><\/a><b>,\u00a0<\/b> der in zahlreichen Medien als einer der vielseitigsten und ausdrucksvollsten Geiger unserer Zeit bezeichnet wird, zeigt an diesem Wochenende die ganze Palette seiner au\u00dferordentlichen F\u00e4higkeiten: Er wird Sch\u00fcler und Studenten unterrichten, Vortr\u00e4ge halten, konzertieren und sich mit den teilnehmenden Lehrern in das Thema \u201eZusatzliteratur und Technik f\u00fcr die Mittelstufe\u201c vertiefen.<\/p>\n<p>Der Violinkurs f\u00fcr junge Geiger kostet 50,00 Euro. Er umfasst mindestens zwei Gruppenunterrichtsstunden bei Brian LEWIS am Sonntagvormittag, Hospitation beim Meisterkurs\u00a0 sowie ein Abendkonzert am Samstag, den 31. Oktober.<\/p>\n<p>Zu allen Veranstaltungen haben auch die Begleitpersonen der Sch\u00fcler freien Zutritt.<\/p>\n<p>F\u00fcr den Gruppenunterricht sollen folgende St\u00fccke auswendig gelernt und gut vorbereitet werden:<\/p>\n<p><b>1. Fritz Kreisler: Tempo di Minuetto im Stil von Pugnani<br \/>\n<\/b><\/p>\n<div>\n<div data-canvas-width=\"383.37999999999977\"><strong>Interessante YouTube-Aufnahmen<\/strong><\/div>\n<div data-canvas-width=\"420.7200000000001\">Suzuki-Gruppe: \u00a0\u00a0 <strong><a href=\"https:\/\/www.youtube.com\/watch?v=wB-AonqEEzs\">https:\/\/www.youtube.com\/watch?v=wB-AonqEEzs<\/a><\/strong><\/div>\n<div data-canvas-width=\"418.5\">David Garrett: \u00a0\u00a0\u00a0\u00a0\u00a0 <strong><a href=\"https:\/\/www.youtube.com\/watch?v=chfHDlVXhi0\">https:\/\/www.youtube.com\/watch?v=chfHDlVXhi0<\/a><\/strong><\/div>\n<\/div>\n<p><b><\/b><em><br \/>\n<\/em><strong>2.<\/strong> <b>Edmund Severn: Polish Dance<br \/>\n<\/b><\/p>\n<div data-canvas-width=\"383.37999999999977\"><strong>Interessante YouTube-Aufnahme<br \/>\n<\/strong>Suzuki-Gruppe:<b> \u00a0\u00a0 <a href=\"https:\/\/www.youtube.com\/watch?v=iw30kBuE7Vk\">https:\/\/www.youtube.com\/watch?v=iw30kBuE7Vk<\/a><br \/>\n<\/b><\/div>\n<p><img decoding=\"async\" loading=\"lazy\" src=\"http:\/\/en.germansuzuki.com\/wp-content\/uploads\/2015\/05\/Lewis_Brian.jpg\" alt=\"Brian Lewis, pedagogy session, 2011 Starling Delay Symposium\" width=\"268\" height=\"201\" \/><\/p>\n<h2 style=\"text-align: left;\"><strong>Die Noten f\u00fcr den Gruppenunterricht k\u00f6nnen hier heruntergeladen werden:<\/strong><\/h2>\n<p><em><strong><a href=\"http:\/\/www.germansuzuki.com\/wp-content\/uploads\/2015\/07\/Kreisler_tempo_di_minuetto.pdf\">Fritz Kreisler: Tempo di Minuetto im Stil von Pugnani <\/a><\/strong><br \/>\n<\/em><span style=\"text-decoration: underline;\"><em><a href=\"http:\/\/www.germansuzuki.com\/wp-content\/uploads\/2015\/07\/Severn-tutti+solo.pdf\"><strong>Edmund Severn: Polish Dance<\/strong> <\/a><\/em><br \/>\n<\/span><\/p>\n<h2 style=\"text-align: left;\"><span style=\"color: #ff0000;\">Die aktive Teilnahme am Meisterkurs ist nicht mehr m\u00f6glich. Der Kurs ist bereits ausgebucht!<\/span><\/h2>\n<h2><strong>\u00dcbernachtung und Verpflegung<\/strong><\/h2>\n<p>Wir empfehlen den Sch\u00fclern und ihren Begleitpersonen, ein Zimmer im <strong>Hotel City Appartements<\/strong>, das ca. 5 Autominuten entfernt liegt, zu reservieren:<\/p>\n<p>Stockder Stra\u00dfe 31, 42857 Remscheid, Tel. 02191\/ 77 00 2, Fax 02191\/ 790 008<br \/>\nDas Hotel gew\u00e4hrt unseren Kursteilnehmern besonders g\u00fcnstige Tarife. Noch g\u00fcnstiger wird es, wenn die Kinder im Zimmer ihrer Eltern auf einer Luftmatratze schlafen.<\/p>\n<p>Die Mahlzeiten (Sa. Kaffee\/Kakao &amp; Kuchen, Sa. Abendessen, So. Mittagessen) k\u00f6nnen zum Preis von 22,00 Euro pro Person in der Akademie eingenommen werden.<\/p>\n<h2><b>Information <\/b><\/h2>\n<p>Deutsches Suzuki Institut<br \/>\nSekretariat Monika Pieck, Ankerstra\u00dfe 34, D-53757 Sankt Augustin<br \/>\nTel: +49 (0)2241 28946, Fax: +49 3222 156 45 09<a href=\"mailto:Suzuki.wartberg@t-online.de\"><br \/>\nXchange@germansuzuki.com<\/a><\/p>\n<p>&nbsp;<\/p>\n<h2><b>Anmeldeschluss ist der 15. September 2015 <\/b><\/h2>\n","protected":false},"excerpt":{"rendered":"<p>31. Oktober 2015, Beginn 14:30 Uhr\u00a0 \u2013 01. November 2015, Ende 13:30 Uhr Akademie Remscheid Eingeladen sind Mittel- und Oberstufensch\u00fcler ab Heft 6 sowie Musikstudenten Violinkurs mit BRIAN LEWIS f\u00fcr&#8230;<\/p>\n","protected":false},"author":2,"featured_media":5567,"comment_status":"open","ping_status":"open","sticky":false,"template":"","format":"standard","meta":[],"categories":[9],"tags":[],"_links":{"self":[{"href":"https:\/\/www.germansuzuki.de\/index.php?rest_route=\/wp\/v2\/posts\/5553"}],"collection":[{"href":"https:\/\/www.germansuzuki.de\/index.php?rest_route=\/wp\/v2\/posts"}],"about":[{"href":"https:\/\/www.germansuzuki.de\/index.php?rest_route=\/wp\/v2\/types\/post"}],"author":[{"embeddable":true,"href":"https:\/\/www.germansuzuki.de\/index.php?rest_route=\/wp\/v2\/users\/2"}],"replies":[{"embeddable":true,"href":"https:\/\/www.germansuzuki.de\/index.php?rest_route=%2Fwp%2Fv2%2Fcomments&post=5553"}],"version-history":[{"count":27,"href":"https:\/\/www.germansuzuki.de\/index.php?rest_route=\/wp\/v2\/posts\/5553\/revisions"}],"predecessor-version":[{"id":5636,"href":"https:\/\/www.germansuzuki.de\/index.php?rest_route=\/wp\/v2\/posts\/5553\/revisions\/5636"}],"wp:featuredmedia":[{"embeddable":true,"href":"https:\/\/www.germansuzuki.de\/index.php?rest_route=\/wp\/v2\/media\/5567"}],"wp:attachment":[{"href":"https:\/\/www.germansuzuki.de\/index.php?rest_route=%2Fwp%2Fv2%2Fmedia&parent=5553"}],"wp:term":[{"taxonomy":"category","embeddable":true,"href":"https:\/\/www.germansuzuki.de\/index.php?rest_route=%2Fwp%2Fv2%2Fcategories&post=5553"},{"taxonomy":"post_tag","embeddable":true,"href":"https:\/\/www.germansuzuki.de\/index.php?rest_route=%2Fwp%2Fv2%2Ftags&post=5553"}],"curies":[{"name":"wp","href":"https:\/\/api.w.org\/{rel}","templated":true}]}}