{"id":5469,"date":"2015-05-24T09:52:58","date_gmt":"2015-05-24T07:52:58","guid":{"rendered":"http:\/\/www.germansuzuki.com\/?p=5469"},"modified":"2015-05-26T10:32:34","modified_gmt":"2015-05-26T08:32:34","slug":"10-int-suzuki-geigencello-festival-in-oesterreich","status":"publish","type":"post","link":"https:\/\/www.germansuzuki.de\/?p=5469","title":{"rendered":"10. Int. Suzuki Geigen\/Cello Festival in \u00d6sterreich"},"content":{"rendered":"<h2>Sehr geehrte Damen und Herren,<br \/>\nliebe junge Musikerinnen und Musiker,<\/h2>\n<p>die Ausschreibung f\u00fcr das <strong>10. Internationale Suzuki Geigen Festival M\u00fcrzzuschlag 2015<\/strong> ist fertig und <strong>Anmeldungen sind ab sofort online m\u00f6glich.<\/strong><\/p>\n<h2><strong><b>30.07.-02.08.2015<\/b><br \/>\n<\/strong><\/h2>\n<p>Auch in diesem Jahr ist ein <strong>internationales Dozententeam<\/strong> eingeladen, damit das Festival wieder ein <strong>voller Erfolg f\u00fcr alle Teilnehmerinnen und Teilnehmer<\/strong> wird.<\/p>\n<p>Wir freuen uns auf Ihren \/ deinen Besuch im <strong>Sommer in M\u00fcrzzuschlag.<\/strong><\/p>\n<p>&nbsp;<\/p>\n<h2><strong>Infos &amp; Anmeldung<\/strong><\/h2>\n<p><strong>Veranstalter: Johannes Brahms Musikschule M\u00fcrzzuschlag<br \/>\n<\/strong><\/p>\n<p>Wienerstra\u00dfe 80 * 8680 M\u00dcRZZUSCHLAG<br \/>\nTel. + 43 3852 4614 * Fax + 43 3852 4614-50<br \/>\n<a href=\"mailto:musikschule@mzz.at\">musikschule@mzz.at<\/a><strong><strong><\/strong><br \/>\n<\/strong><br \/>\n<a href=\"http:\/\/brahmsmusicschool.at\/fileadmin\/Redakteure\/ftp\/aktuelles\/2014_15\/Suzukifestival_2015\/Suzukifestival_2015_Flyer_A5-3.pdf\"><strong>Ausschreibung<\/strong><\/a><\/p>\n<p><a href=\"http:\/\/brahmsmusicschool.at\/fileadmin\/Redakteure\/ftp\/aktuelles\/2014_15\/Suzukifestival_2015\/Suzukifestival_2015_Informationen.pdf\"><strong>Kursinformationen<\/strong><\/a><\/p>\n<p><a href=\"http:\/\/brahmsmusicschool.at\/fileadmin\/Redakteure\/ftp\/aktuelles\/2014_15\/Suzukifestival_2015\/Suzukifestival_2015_Intensivkurs.pdf\"><strong>Intensivkurs<\/strong><\/a><\/p>\n<p><a href=\"http:\/\/brahmsmusicschool.at\/index.php?id=369\"><strong>Online-Anmeldung<\/strong><\/a><\/p>\n<p>Hier geht&#8217;s zum Noten-Download:<br \/>\n<a href=\"http:\/\/brahmsmusicschool.at\/fileadmin\/Redakteure\/ftp\/aktuelles\/2014_15\/Suzukifestival_2015\/Beethoven_Geigenstimmen.compressed.pdf\">Beethoven Geigenstimmen<\/a><br \/>\n<a href=\"http:\/\/brahmsmusicschool.at\/fileadmin\/Redakteure\/ftp\/aktuelles\/2014_15\/Suzukifestival_2015\/Beethoven_Cellostimme.pdf\">Beethoven Cellostimme<\/a><\/p>\n<p><strong><strong>Zus\u00e4tzliche Informationen: <a href=\"http:\/\/www.austriansuzuki.at\/\">AUSTRIAN SUZUKI INSTITUTE of MUSIC (ASIOM)<\/a><\/strong><\/strong><\/p>\n<p>Die Vorstandsmitglieder des Austrian Suzuki Institute of Music<br \/>\nVon links: <em>Monika Witzany, Andrea Mugrauer, <em>Simone Mustein<\/em> und Pia Karls<br \/>\n<a href=\"http:\/\/www.germansuzuki.com\/wp-content\/uploads\/2015\/05\/Asiom-Vorstand.jpg\"><img decoding=\"async\" loading=\"lazy\" class=\"alignleft size-full wp-image-5477\" style=\"border: 1px solid black;\" alt=\"Asiom-Vorstand\" src=\"http:\/\/www.germansuzuki.com\/wp-content\/uploads\/2015\/05\/Asiom-Vorstand.jpg\" width=\"709\" height=\"466\" srcset=\"https:\/\/www.germansuzuki.de\/wp-content\/uploads\/2015\/05\/Asiom-Vorstand.jpg 709w, https:\/\/www.germansuzuki.de\/wp-content\/uploads\/2015\/05\/Asiom-Vorstand-300x197.jpg 300w\" sizes=\"(max-width: 709px) 100vw, 709px\" \/><\/a><br \/>\n<\/em><\/p>\n","protected":false},"excerpt":{"rendered":"<p>Sehr geehrte Damen und Herren, liebe junge Musikerinnen und Musiker, die Ausschreibung f\u00fcr das 10. Internationale Suzuki Geigen Festival M\u00fcrzzuschlag 2015 ist fertig und Anmeldungen sind ab sofort online m\u00f6glich&#8230;.<\/p>\n","protected":false},"author":2,"featured_media":0,"comment_status":"open","ping_status":"open","sticky":false,"template":"","format":"standard","meta":[],"categories":[9],"tags":[],"_links":{"self":[{"href":"https:\/\/www.germansuzuki.de\/index.php?rest_route=\/wp\/v2\/posts\/5469"}],"collection":[{"href":"https:\/\/www.germansuzuki.de\/index.php?rest_route=\/wp\/v2\/posts"}],"about":[{"href":"https:\/\/www.germansuzuki.de\/index.php?rest_route=\/wp\/v2\/types\/post"}],"author":[{"embeddable":true,"href":"https:\/\/www.germansuzuki.de\/index.php?rest_route=\/wp\/v2\/users\/2"}],"replies":[{"embeddable":true,"href":"https:\/\/www.germansuzuki.de\/index.php?rest_route=%2Fwp%2Fv2%2Fcomments&post=5469"}],"version-history":[{"count":14,"href":"https:\/\/www.germansuzuki.de\/index.php?rest_route=\/wp\/v2\/posts\/5469\/revisions"}],"predecessor-version":[{"id":5536,"href":"https:\/\/www.germansuzuki.de\/index.php?rest_route=\/wp\/v2\/posts\/5469\/revisions\/5536"}],"wp:attachment":[{"href":"https:\/\/www.germansuzuki.de\/index.php?rest_route=%2Fwp%2Fv2%2Fmedia&parent=5469"}],"wp:term":[{"taxonomy":"category","embeddable":true,"href":"https:\/\/www.germansuzuki.de\/index.php?rest_route=%2Fwp%2Fv2%2Fcategories&post=5469"},{"taxonomy":"post_tag","embeddable":true,"href":"https:\/\/www.germansuzuki.de\/index.php?rest_route=%2Fwp%2Fv2%2Ftags&post=5469"}],"curies":[{"name":"wp","href":"https:\/\/api.w.org\/{rel}","templated":true}]}}