{"id":5463,"date":"2015-05-26T09:31:57","date_gmt":"2015-05-26T07:31:57","guid":{"rendered":"http:\/\/www.germansuzuki.com\/?p=5463"},"modified":"2015-08-07T19:58:58","modified_gmt":"2015-08-07T17:58:58","slug":"7-europaeische-lehrerkonferenz-2015-in-remscheid","status":"publish","type":"post","link":"https:\/\/www.germansuzuki.de\/?p=5463","title":{"rendered":"7. Europ\u00e4ische Lehrerkonferenz 2015 in Remscheid"},"content":{"rendered":"<blockquote>\n<h2 style=\"text-align: center;\"><strong><span style=\"color: #993300;\"><a style=\"color: #993300;\" href=\"http:\/\/oxid.germansuzuki.de\/deutsch\">Online-Kursanmeldung 2015<\/a><\/span><br \/>\n<\/strong><\/h2>\n<h2 style=\"text-align: center;\"><span style=\"color: #008000;\"><strong><a href=\"http:\/\/www.germansuzuki.com\/wp-content\/uploads\/2014\/05\/Anmeldung_Kurzreferat_D_14.doc\"><span style=\"color: #008000;\"><span style=\"color: #993300;\">Anmeldung eines Kurzreferats<\/span><\/span><\/a><\/strong><\/span><\/h2>\n<\/blockquote>\n<h2 style=\"text-align: center;\"><span style=\"color: #0000ff;\"><strong><span style=\"color: #000000;\"><br \/>\nEinladung zur<\/span><br \/>\n<span style=\"color: #000000;\"> Siebten Suzuki-Lehrerkonferenz<\/span> <\/strong><\/span><\/h2>\n<h2 style=\"text-align: center;\"><span style=\"color: #0000ff;\">f\u00fcr europ\u00e4ische Violin-, Viola- und Cellolehrer<\/span><\/h2>\n<h2 style=\"text-align: center;\"><strong><strong>31. <strong>Oktober<\/strong> &#8211; 1. November 2015<\/strong><\/strong><\/h2>\n<p style=\"text-align: center;\"><strong><span style=\"color: #0000ff;\">Beginn:<\/span> <\/strong>Samstag, 31. Oktober 2015, 14:30 Uhr<strong><br \/>\n<span style=\"color: #0000ff;\">Ende: <\/span><\/strong>Sonntag, 01. November 2015, 14:00 Uhr<\/p>\n<h1 style=\"text-align: center;\"><span style=\"color: #0000ff;\"><strong>LET US WORK TOGETHER!<\/strong><\/span><\/h1>\n<p style=\"text-align: center;\">\u2666 Austausch- und Ideenb\u00f6rse<br \/>\n\u2666 Referate von Suzuki-Lehrern aus dem In- und Ausland<br \/>\n\u2666 Instrumentalkurse\/Ensemblearbeit<br \/>\n\u2666 Gespr\u00e4chskreise<\/p>\n<h2 style=\"text-align: center;\"><strong>Gastreferent: <a href=\"https:\/\/suzukiassociation.org\/news\/author\/brian-lewis\/\"><b>BRIAN LEWIS<\/b><\/a><br \/>\n<\/strong><\/h2>\n<p>&nbsp;<\/p>\n<p style=\"text-align: center;\"><span style=\"color: #000000;\">Der amerikanische Violinist und P\u00e4dagoge\u00a0<a href=\"https:\/\/suzukiassociation.org\/news\/author\/brian-lewis\/\"><b>BRIAN LEWIS<\/b><\/a><b>,\u00a0<\/b> der in zahlreichen Medien als einer der vielseitigsten und charismatischsten Geiger unserer Zeit bezeichnet wird, zeigt auf unserer Konferenz die ganze Palette seiner au\u00dferordentlichen Begabungen: Er wird w\u00e4hrend der Konferenz Vortr\u00e4ge halten, konzertieren, Zusatzliteratur und Technik mit den Teilnehmern erarbeiten sowie Meisterkurse f\u00fcr Sch\u00fcler und Lehrer geben.<br \/>\nBrian Lewis ist \u00fcbrigens der Sohn von \u00a0<strong><a href=\"http:\/\/www.ottawasuzukistrings.org\/director-alice-joy-lewis\">Alice Joy Lewis<\/a><\/strong>, einer in den Vereinigten Staaten sehr bekannten Pionierin der Suzuki-Methode. <\/span><\/p>\n<p style=\"text-align: center;\"><span style=\"color: #000000;\">\u00a0<\/span><\/p>\n<p style=\"text-align: center;\"><span style=\"color: #000000;\"><strong><a href=\"http:\/\/en.germansuzuki.com\/wp-content\/uploads\/2015\/05\/Lewis_Brian.jpg\"><img decoding=\"async\" loading=\"lazy\" class=\"alignnone size-full wp-image-1708\" style=\"border: 1px solid black;\" src=\"http:\/\/en.germansuzuki.com\/wp-content\/uploads\/2015\/05\/Lewis_Brian.jpg\" alt=\"Brian Lewis, pedagogy session, 2011 Starling Delay Symposium\" width=\"424\" height=\"318\" \/><\/a><br \/>\n<\/strong><\/span><br \/>\n<span style=\"color: #000000;\"> In seiner Kindheit erhielt Brian Lewis \u00fcbrigens auch bei Dr. Suzuki Unterricht. Sp\u00e4ter studierte er an der ber\u00fchmten Juilliard School in New York bei Dorothy DeLay, die zahlreiche weltber\u00fchmte Geiger wie Itzhak Perlman, Midori, Gil Shaham und Shlomo Mintz ausgebildet hat.<br \/>\nAls dynamischer und engagierter Lehrer verbindet\u00a0Brian Lewis das Wissen der beiden gro\u00dfen P\u00e4dagogen<br \/>\n<span style=\"color: #0000ff;\"><strong><strong>Dorothy DeLay und Dr. Shinichi <\/strong>Suzuki,<br \/>\n<\/strong><\/span>die seine musikalische Entwicklung nachhaltig gepr\u00e4gt haben.<\/span><\/p>\n<blockquote>\n<p style=\"text-align: center;\"><span style=\"font-size: large;\">Zur Einstimmung auf die Konferenz k\u00f6nnen Sie hier einen ganz aktuellen Bericht mit mehreren kurzen Videos \u00fcber unseren \u00fcberaus popul\u00e4ren Gastdozenten Brian LEWIS lesen.<\/span><\/p>\n<p style=\"text-align: center;\"><span style=\"font-size: large;\"><a href=\"http:\/\/www.violinist.com\/blog\/laurie\/20156\/16824\/\" target=\"_blank\">http:\/\/www.violinist.com\/blog\/laurie\/20156\/16824\/<\/a><\/span><br \/>\n<strong><br \/>\n<\/strong><\/p>\n<\/blockquote>\n<p><iframe loading=\"lazy\" src=\"https:\/\/www.youtube.com\/embed\/-dwXxu2Op0I?rel=0\" width=\"624\" height=\"350\" frameborder=\"0\" allowfullscreen=\"allowfullscreen\"><\/iframe><\/p>\n<h2 style=\"text-align: center;\"><span style=\"color: #000000;\">Weitere Dozenten u.a.:<br \/>\n<\/span><\/h2>\n<p style=\"text-align: center;\">Kathrin Averdung, Deutschland<strong><span style=\"color: #0000ff;\"> \/ <\/span><\/strong>Babatunde David Awonuga, Nigeria <span style=\"color: #0000ff;\"><strong>\/<\/strong><\/span><br \/>\nCarol Bez, Schweiz<span style=\"color: #0000ff;\"><strong> \/ <\/strong><\/span>Winifred Crock, USA<span style=\"color: #0000ff;\"><strong> \/<br \/>\n<\/strong><\/span>Heidi Curatolo, USA<strong><span style=\"color: #000000;\"> \/ <\/span><\/strong>Elena Enrico, Italien<span style=\"color: #0000ff;\"> \/ <\/span><br \/>\nClaudio Forcada, England <span style=\"color: #0000ff;\">\/<\/span> Spain<span style=\"color: #0000ff;\"> \/ <\/span>Anders Gr\u00f8n, D\u00e4nemark<span style=\"color: #0000ff;\"> <strong>\/<br \/>\n<\/strong><\/span>Mike Hoover,\u00a0Deutschland <span style=\"color: #0000ff;\">\/<\/span> USA <span style=\"color: #0000ff;\"><strong>\/ <\/strong><\/span>Sue Hunt,\u00a0England <span style=\"color: #0000ff;\"><strong>\/ <\/strong><span style=\"color: #000000;\">Nermin Khalil, \u00c4gypten <strong><span style=\"color: #0000ff;\">\/<\/span><br \/>\n<\/strong><\/span><\/span>Ellen Kogut, Canada <span style=\"color: #0000ff;\"><strong>\/ <\/strong><\/span>Charles Krigbaum, USA <span style=\"color: #0000ff;\">\/<\/span> Brian Lewis, USA<span style=\"color: #0000ff;\"> \/<\/span><br \/>\nMarco Messina, Italien <span style=\"color: #0000ff;\"><strong>\/ <\/strong><\/span>Sara and Silvia Migliorini, Italien<span style=\"color: #0000ff;\"> <strong>\/<\/strong><\/span><br \/>\nIsabel Morey Suau,\u00a0Deutschland <span style=\"color: #0000ff;\">\/<\/span> Spain <span style=\"color: #0000ff;\"><strong>\/<\/strong><\/span> Andrea Mugrauer, \u00d6sterreich <span style=\"color: #0000ff;\"><strong>\/<br \/>\n<\/strong><\/span>Gino Romero Ramirez, Deutschland<span style=\"color: #0000ff;\"> \/<\/span> Kolumbien <span style=\"color: #0000ff;\">\/<\/span> Yasmine El Serafy,\u00a0\u00c4gypten <strong><span style=\"color: #0000ff;\">\/<\/span><br \/>\n<\/strong>Dr. Ingrid Schlenk,\u00a0Deutschland <span style=\"color: #0000ff;\">\/<br \/>\n<\/span>Wendy Seravalle-Smith, USA <span style=\"color: #0000ff;\"><strong>\/ <\/strong><\/span>Kerstin Wartberg,\u00a0Deutschland<span style=\"color: #0000ff;\"> \/<\/span> Italien<\/p>\n<p>&nbsp;<\/p>\n<h2 style=\"text-align: center;\"><span style=\"color: #0000ff;\"><strong><br \/>\n<\/strong><\/span><\/h2>\n<h2 style=\"text-align: center;\"><span style=\"color: #0000ff;\"><strong>Zus\u00e4tzliche Kurse<\/strong><\/span><\/h2>\n<h2 style=\"text-align: center;\"><strong><span style=\"color: #000000;\">Kurs A:<\/span><br \/>\n<span style=\"color: #000000;\"> Intensivkurs f\u00fcr Suzuki-Violinlehrer<\/span><br \/>\n<\/strong><\/h2>\n<p style=\"text-align: center;\"><span style=\"color: #000000;\"><strong>Beginn:<\/strong> Freitag, 30. Oktober 2015, 14:30 Uhr<\/span><br \/>\n<span style=\"color: #000000;\"><strong> Ende:<\/strong> Samstag, 31.\u00a0Oktober 2015, 12:00 Uhr<\/span><\/p>\n<p style=\"text-align: center;\"><span style=\"color: #000000;\">\u00a0<\/span><\/p>\n<h2 style=\"text-align: center;\"><span style=\"color: #0000ff;\"><b>Violin-Literatur und Technik der Mittelstufe <\/b><b>mit Brian Lewis<\/b><\/span><\/h2>\n<p><span style=\"color: #000000;\">Dieser Kurs besch\u00e4ftigt sich mit Literatur und Technik der Mittelstufe. Die Teilnehmer werden mit Brian Lewis ein ausgew\u00e4hltes Repertoire erarbeiten, das deutlich aufzeigt, wie er diese St\u00fccke vermittelt und der Sch\u00fcler daran grundlegende Techniken sowie musikalische Ausdruckskraft entwickelt.<br \/>\nJeder Teilnehmer erh\u00e4lt nach der Anmeldung die Noten zugeschickt, damit er sich im Vorfeld damit besch\u00e4ftigen kann. Das Repertoire basiert auf einer Auswahl der Mittelstufen-Zusatzliteraturliste der SAA (Suzuki Association of the Americas) <a title=\"SAA\u2019s Supplemental Repertoire List\" href=\"https:\/\/suzukiassociation.org\/download\/news\/Suggested_Supplementary_Repertoire_Violin_6_7_8.pdf\" target=\"_blank\"><strong>SAA\u2019s Supplemental Repertoire List<\/strong><\/a>.<br \/>\n<\/span><\/p>\n<p>Im weiteren Verlauf der Konferenz sind fortgeschrittene Sch\u00fcler zu einem Meisterkurs und zum Gruppenunterricht mit Brian Lewis eingeladen, bei dem ebenso die Mittelstufenst\u00fccke auf dem Programm stehen werden. Lehrer k\u00f6nnen ihre Sch\u00fcler ab sofort anmelden.<\/p>\n<p style=\"text-align: center;\">Hier k\u00f6nnen Sie weitere Informationen erhalten:<br \/>\n<strong><a href=\"http:\/\/www.germansuzuki.com\/?p=5553\">http:\/\/www.germansuzuki.com\/?p=5553<\/a><\/strong><\/p>\n<p>&nbsp;<\/p>\n<h2 style=\"text-align: center;\"><\/h2>\n<h2 style=\"text-align: center;\"><strong>Kurs C:<br \/>\nIntensivkurs f\u00fcr Suzuki-Violinlehrer<\/strong><\/h2>\n<p style=\"text-align: center;\"><strong>Beginn:<\/strong> Sonntag, 01. November 2015, 16:00 Uhr<br \/>\n<strong> Ende:<\/strong> Montag,\u00a002. November 2015, 13:30 Uhr<\/p>\n<h2 style=\"text-align: center;\"><span style=\"color: #000000;\"><span style=\"color: #0000ff;\"><b><b>Neue Ideen f\u00fcr den Anf\u00e4ngerunterrich<strong>t<\/strong> <\/b><\/b><\/span> <\/span><\/h2>\n<p style=\"text-align: justify;\"><span style=\"color: #000000;\">Die instrumentale und musikalische Entwicklung eines Kindes wird meist grundlegend durch seinen allerersten Instrumentallehrer gepr\u00e4gt.\u00a0Erfahrene Suzuki-Lehrer aus verschiedenen europ\u00e4ischen L\u00e4ndern und den USA berichten \u00fcber ihren ganz pers\u00f6nlichen Zugang, das erste Unterrichtsjahr zu gestalten.<br \/>\nDie Teilnehmer lernen hierbei auch neue und kreative Wege kennen, die aufzeigen, wie sie Instrumentaltechnik, Musikalit\u00e4t und Klangqualit\u00e4t von Anfang an lebendig in ihren Sch\u00fclern entwickeln k\u00f6nnen. Der Einsatz von moderner Technologie im Unterricht und beim \u00dcben zu Hause bietet hierbei eine besondere Chance. Auch ohne gro\u00dfe Vorkenntnisse k\u00f6nnen Lehrer technische M\u00f6glichkeiten nutzen. Beispielsweise reicht ein Smartphone der Sch\u00fclereltern oder des Lehrers v\u00f6llig aus, um den Sch\u00fcler bei seinem t\u00e4glichen \u00dcben an einen bestimmten Unterrichtspunkt zu erinnern. Ein kurzes Video, das\u00a0w\u00e4hrend des Unterrichts\u00a0 aufgenommen wird, transportiert die Unterrichtsatmosph\u00e4re und das besondere Thema t\u00e4glich in das Kinderzimmer. Die Eltern empfinden dies oft als gro\u00dfe Unterst\u00fctzung und die Kinder sp\u00fcren t\u00e4glich die Pr\u00e4sens ihres Lehrers.<br \/>\n<\/span><\/p>\n<p>&nbsp;<\/p>\n<h2 style=\"text-align: center;\"><strong><span style=\"color: #0000ff;\">Kurs D: Intensivkurs f\u00fcr Suzuki-Cellolehrer<\/span><\/strong><\/h2>\n<p style=\"text-align: center;\"><span style=\"color: #000000;\"><strong>Beginn:<\/strong> Freitag, 30. Oktober 2015, 14:30 Uhr<\/span><br \/>\n<span style=\"color: #000000;\"><strong> Ende:<\/strong> Samstag, 31.\u00a0Oktober 2015, 12:00 Uhr<\/span><\/p>\n<p style=\"text-align: center;\"><strong><span style=\"color: #0000ff;\">Dozenten: Carol Bez, Schweiz\/USA &amp; Anders Gr\u00f8n, D\u00e4nemark<\/span><\/strong><\/p>\n<p>&nbsp;<\/p>\n<h2 style=\"text-align: center;\"><strong>Kursgeb\u00fchren<\/strong><\/h2>\n<p style=\"text-align: center;\"><strong>Kurs A:<\/strong> Fr.\/Sa.: Intensivkurs f\u00fcr Suzuki-Violinlehrer mit Brian Lewis<br \/>\n85.00 \u20ac<\/p>\n<p style=\"text-align: center;\"><strong>Kurs B:<\/strong> Sa.\/So.: 7. Europ\u00e4ische Lehrerkonferenz<br \/>\n130.00\u00a0\u20ac<\/p>\n<p style=\"text-align: center;\"><strong>Kurs C:<\/strong> So.\/Mo.: Intensivkurs f\u00fcr Suzuki-Violinlehrer &#8211; Neue Impulse f\u00fcr den Anf\u00e4ngerunterricht<br \/>\n85.00 \u20ac<\/p>\n<p style=\"text-align: center;\"><strong>Kurs D:<\/strong> Fr.\/Sa.: Intensivkurs f\u00fcr Suzuki-Cellolehrer<br \/>\n85.00 \u20ac<\/p>\n<h2 style=\"text-align: center;\">Unterkunft und Verpflegung in der Akademie Remscheid<\/h2>\n<p style=\"text-align: center;\"><strong>Fr.-So.:<\/strong> 30.10. &#8211; 01.11.2015 DOPPELZIMMER (pro Person): 126.00\u00a0\u20ac<br \/>\n<strong>Fr.-So.:<\/strong> 30.10. &#8211; 01.11.2015 EINZELZIMMER: 138.00\u00a0\u20ac<\/p>\n<p style=\"text-align: center;\"><strong>Sa.-So.:<\/strong> 31.10. &#8211; 01.11.2015 DOPPELZIMMER (pro Person): 65.00\u00a0\u20ac<br \/>\n<strong>Sa.-So.:<\/strong> 31.10. &#8211; 01.11.2015 EINZELZIMMER: 75.00\u00a0\u20ac<\/p>\n<p style=\"text-align: center;\"><strong>Fr.-Mo.:<\/strong> 30.10. &#8211; 02.11.2015 DOPPELZIMMER (pro Person): 189.00\u00a0\u20ac<br \/>\n<strong>Fr.-Mo.:<\/strong> 30.10. &#8211; 02.11.2015 EINZELZIMMER: 215.00\u00a0\u20ac<\/p>\n<p style=\"text-align: center;\"><strong>Sa.-Mo.:<\/strong> 31.10. &#8211; 02.11.2015 DOPPELZIMMER (pro Person): 126.00\u00a0\u20ac<br \/>\n<strong>Sa.-Mo.:<\/strong> 31.10. &#8211; 02.11.2015 EINZELZIMMER: 138.00\u00a0\u20ac<\/p>\n<p style=\"text-align: center;\"><strong>Mahlzeiten f\u00fcr Kursteilnehmer,<\/strong><br \/>\n<strong> die NICHT in der Akademie \u00fcbernachten:<\/strong><\/p>\n<p style=\"text-align: center;\"><strong>Mahlzeiten Fr.-So.<\/strong> &#8211; Kurs A oder D + B: 44.00\u00a0\u20ac<br \/>\n<strong>Mahlzeiten Sa.-Mo.<\/strong> &#8211; Kurs B + C: 44.00\u00a0\u20ac<br \/>\n<strong>Mahlzeiten Sa.\/So.<\/strong> &#8211; Kurs B: 22.00\u00a0\u20ac<br \/>\n<strong>Mahlzeiten Fr.-Mo.<\/strong>&#8211; Kurs A + B + C oder D: 62.50\u00a0\u20ac<\/p>\n<h2 style=\"text-align: center;\"><strong><span style=\"color: #ff6600;\"><a href=\"http:\/\/oxid.germansuzuki.de\/deutsch\"><span style=\"color: #ff6600;\">Online-Kursanmeldung 2015<\/span><\/a><\/span><br \/>\n<\/strong><\/h2>\n<p>&nbsp;<\/p>\n<p style=\"text-align: center;\"><strong>Konferenzleitung:<br \/>\n<\/strong>Kerstin Wartberg &amp; Charles Krigbaum<\/p>\n<p style=\"text-align: center;\"><strong>Tagungsort:<\/strong><br \/>\nAkademie Remscheid f\u00fcr musische Bildung und Medienerziehung<br \/>\n42857 Remscheid (NRW)<\/p>\n<p style=\"text-align: center;\"><strong>Information:<br \/>\n<\/strong>Deutsche Suzuki Gesellschaft e.V.<br \/>\nSekretariat Stefan Kalkbrenner, Ankerstra\u00dfe 34, D-53757 Sankt Augustin<br \/>\nTel: +49 (0)2241 28946<br \/>\nFax: +49 3222 156 45 09<a href=\"mailto:Suzuki.wartberg@t-online.de\"><br \/>\nXchange@germansuzuki.com<\/a><\/p>\n<p>&nbsp;<\/p>\n<h4 style=\"text-align: center;\"><span style=\"color: #0000ff;\"><em>Wir w\u00fcrden uns freuen,<br \/>\nSie auf der Suzuki-Lehrerkonferenz 2015 begr\u00fc\u00dfen zu k\u00f6nnen!<\/em><\/span><\/h4>\n<p style=\"text-align: center;\">*********************************************************<\/p>\n<h2 style=\"text-align: center;\"><\/h2>\n<h2 style=\"text-align: center;\"><strong>Berichte<br \/>\n\u00fcber die Lehrerkonferenz 2014<\/strong><\/h2>\n<h4 style=\"text-align: center;\"><span style=\"color: #000080;\"><em><strong> <iframe loading=\"lazy\" src=\"https:\/\/www.youtube.com\/embed\/pWQyIRubl30?rel=0\" width=\"494\" height=\"279\" frameborder=\"0\" allowfullscreen=\"allowfullscreen\"><\/iframe> <\/strong><\/em><\/span><\/h4>\n<p style=\"text-align: center;\"><b><span style=\"color: #000000;\">Teil 1 von <b>Heidi Curatolo, Aspen \/ USA<\/b><\/span><br \/>\n<\/b><a title=\"http:\/\/en.germansuzuki.com\/?p=1523\" href=\"http:\/\/en.germansuzuki.com\/?p=1523\">http:\/\/en.germansuzuki.com\/?p=1523<\/a><\/p>\n<p style=\"text-align: center;\"><span style=\"color: #000000;\"><strong>T<b>eil 2 von <\/b>Helen Hines, London \/ England<\/strong><b><br \/>\n<\/b><\/span><a title=\"http:\/\/en.germansuzuki.com\/?p=1537\" href=\"http:\/\/en.germansuzuki.com\/?p=1537\">http:\/\/en.germansuzuki.com\/?p=1537<\/a><\/p>\n<p>\u00a0====================================================================<\/p>\n","protected":false},"excerpt":{"rendered":"<p>Online-Kursanmeldung 2015 Anmeldung eines Kurzreferats Einladung zur Siebten Suzuki-Lehrerkonferenz f\u00fcr europ\u00e4ische Violin-, Viola- und Cellolehrer 31. Oktober &#8211; 1. November 2015 Beginn: Samstag, 31. Oktober 2015, 14:30 Uhr Ende: Sonntag,&#8230;<\/p>\n","protected":false},"author":2,"featured_media":0,"comment_status":"open","ping_status":"open","sticky":false,"template":"","format":"standard","meta":[],"categories":[21,9],"tags":[],"_links":{"self":[{"href":"https:\/\/www.germansuzuki.de\/index.php?rest_route=\/wp\/v2\/posts\/5463"}],"collection":[{"href":"https:\/\/www.germansuzuki.de\/index.php?rest_route=\/wp\/v2\/posts"}],"about":[{"href":"https:\/\/www.germansuzuki.de\/index.php?rest_route=\/wp\/v2\/types\/post"}],"author":[{"embeddable":true,"href":"https:\/\/www.germansuzuki.de\/index.php?rest_route=\/wp\/v2\/users\/2"}],"replies":[{"embeddable":true,"href":"https:\/\/www.germansuzuki.de\/index.php?rest_route=%2Fwp%2Fv2%2Fcomments&post=5463"}],"version-history":[{"count":40,"href":"https:\/\/www.germansuzuki.de\/index.php?rest_route=\/wp\/v2\/posts\/5463\/revisions"}],"predecessor-version":[{"id":5628,"href":"https:\/\/www.germansuzuki.de\/index.php?rest_route=\/wp\/v2\/posts\/5463\/revisions\/5628"}],"wp:attachment":[{"href":"https:\/\/www.germansuzuki.de\/index.php?rest_route=%2Fwp%2Fv2%2Fmedia&parent=5463"}],"wp:term":[{"taxonomy":"category","embeddable":true,"href":"https:\/\/www.germansuzuki.de\/index.php?rest_route=%2Fwp%2Fv2%2Fcategories&post=5463"},{"taxonomy":"post_tag","embeddable":true,"href":"https:\/\/www.germansuzuki.de\/index.php?rest_route=%2Fwp%2Fv2%2Ftags&post=5463"}],"curies":[{"name":"wp","href":"https:\/\/api.w.org\/{rel}","templated":true}]}}