{"id":5432,"date":"2015-05-10T12:39:56","date_gmt":"2015-05-10T10:39:56","guid":{"rendered":"http:\/\/www.germansuzuki.com\/?p=5432"},"modified":"2015-05-12T15:40:42","modified_gmt":"2015-05-12T13:40:42","slug":"lehrerkurse-fuer-violine-auf-mallorca-mai-2015","status":"publish","type":"post","link":"https:\/\/www.germansuzuki.de\/?p=5432","title":{"rendered":"Lehrerkurse f\u00fcr Violine auf Mallorca, Mai 2015"},"content":{"rendered":"<h2><span style=\"color: #0000ff;\"><b>Unser prachtvoller Konferenzort<\/b><\/span><br \/>\n<b><\/b><\/h2>\n<p><a href=\"http:\/\/en.germansuzuki.com\/wp-content\/uploads\/2015\/05\/Schlaraffenland_kl.jpg\"><img decoding=\"async\" loading=\"lazy\" class=\"alignnone  wp-image-1629\" alt=\"Schlaraffenland.indd\" src=\"http:\/\/en.germansuzuki.com\/wp-content\/uploads\/2015\/05\/Schlaraffenland_kl.jpg\" width=\"605\" height=\"856\" \/><\/a><\/p>\n<p>W\u00e4hrend vier Tagen trafen sich k\u00fcrzlich ungef\u00e4hr 40 Suzukilehrer aus \u00c4gypten, Argentinien, Deutschland, Gro\u00dfbritannien, Italien, \u00d6sterreich, Polen, Spanien und Venezuela, um an Weiterbildungskursen der Deutschen Suzuki Gesellschaft teilzunehmen. Es war eine wirklich fruchtbare Arbeit, gekennzeichnet durch Konzentration auf die p\u00e4dagogischen Inhalte, gepaart mit Freude und Harmonie.<\/p>\n<p>Die Hotelunterbringung und die zugeh\u00f6rigen Konferenzr\u00e4ume waren f\u00fcr unsere Zwecke in besonderem Ma\u00dfe geeignet, die Verpflegung fantastisch: es gab reichhaltigste Buffets mit zahlreichen Variationen.<\/p>\n<p>Die direkte Lage am Meer sowie mehrere gro\u00dfe, bestens gepflegte Innen- und Au\u00dfenschwimmbecken sind einmalig. Alle unsere Teilnehmer waren hochzufrieden mit diesem Hotel. Deshalb haben wir es gleich f\u00fcr das n\u00e4chste Jahr gebucht:<\/p>\n<p><strong>22.-23. M\u00e4rz 2016<\/strong>\u00a0\u00a0\u00a0\u00a0 Einzelunterricht<br \/>\n<strong>22.-27. M\u00e4rz 2016<\/strong>\u00a0\u00a0\u00a0\u00a0 Einzelunterricht, f\u00fcr Teilnehmer, die gerne nur Zusatzst\u00fccke erarbeiten wollen.<br \/>\n<strong>24.-27.\u00a0M\u00e4rz 2016<\/strong>\u00a0\u00a0\u00a0\u00a0 Da die Kurse in diesem Zeitraum parallel stattfinden, k\u00f6nnen Sie sich nur bei EINEM dieser Teacher Training Kurse anmelden: Heft 1B \/ Heft 4 \/ Heft 6 \/\u00a0 Basis-Violintechnik \/ Zusatzst\u00fccke (von Vivaldi bis Paganini)<\/p>\n<p>Die Kurse f\u00fcr Heft 1B \/ Heft 4 und Heft 6 sind geeignet, ein besonderes Repertoire zu erarbeiten oder die Inhalte zu wiederholen und zu vertiefen.<br \/>\nJeder Teacher Trainer hat seine pers\u00f6nlichen Schwerpunkte und wird diese auf seine eigene Art und Weise pr\u00e4sentieren. Deshalb bieten solche\u00a0Wiederholungskurse gute M\u00f6glichkeiten, das eigene Spekrum zu erweitern und die jeweiligen Sichtweisen unterschiedlicher Teacher Trainer kennen zu lernen.<\/p>\n<h2><span style=\"color: #0000ff;\"><br \/>\nBestpreisgarantie<\/span><\/h2>\n<p><strong>Unsere Teilnehmer einschlie\u00dflich ihrer Familienmitglieder und Freunde erhalten extrem g\u00fcnstige Preise,<br \/>\nwenn sie bis zum 31.12.2015 buchen.<\/strong><\/p>\n<p><strong><a href=\"http:\/\/www.germansuzuki.com\/wp-content\/uploads\/2015\/05\/Preise_2016.pdf\">Preisangaben<\/a><\/strong><\/p>\n<p>Diese g\u00fcnstigen Preise gelten f\u00fcr einen Gesamtzeitraum von 10 Tagen. Bitte kontaktieren Sie unser B\u00fcro fr\u00fchzeitig, falls Sie unser Angebot wahrnehmen wollen.<br \/>\nKinder bis zu 2 Jahren sind kostenfrei, Kinder ab 3 &#8211; 14 Jahren zahlen 50%.<\/p>\n<p><b>F\u00fcr unsere Teacher Training-Kurse war dies der ideale Tagungsort.<\/b><br \/>\n<iframe loading=\"lazy\" src=\"https:\/\/www.youtube.com\/embed\/xuM4F5wisuU\" height=\"343\" width=\"608\" allowfullscreen=\"\" frameborder=\"0\"><\/iframe><\/p>\n<p>Unsere Teilnehmer dankten dem Hotelmanagement f\u00fcr dessen gro\u00dfe Unterst\u00fctzung mit einem kleinen St\u00e4ndchen und gaben w\u00e4hrend des Abendessens im Hotelrestaurant f\u00fcr die zahlreichen G\u00e4ste eine kleine Serenade zum Besten.<\/p>\n<blockquote>\n<h2>KOSTENLOSER\u00a0DOWNLOAD<\/h2>\n<p>Die Noten des daf\u00fcr verwendeten Arrangements f\u00fcr 3 Violinen (insgesamt 16 Seiten) k\u00f6nnen hier kostenlos heruntergeladen werden:<br \/>\nVioline 1<br \/>\nVioline 2<br \/>\nVioline 3<br \/>\nPartitur<\/p>\n<p><strong><span style=\"color: #0000ff;\"><a href=\"http:\/\/en.germansuzuki.com\/wp-content\/uploads\/2015\/05\/Bach_double_for_3_violins.pdf\"><span style=\"color: #0000ff;\">Johann Sebastian Bach: Konzert f\u00fcr 2 Violinen in d-Moll, 2. Satz &#8211; arrangiert f\u00fcr 3 Violinen von Kerstin Wartberg\u200b<\/span><\/a><\/span><\/strong><\/p><\/blockquote>\n<p>Folgende Kurse wurden angeboten:<br \/>\nHeft 1 \/\u00a0Heft 3 \/\u00a0Heft 7 \/ Zusatz-Repertoire.<br \/>\nHier k\u00f6nnen Sie einen kleinen Einblick in unsere t\u00e4gliche Arbeit erhalten, die in Einzelunterricht sowie in Arbeit mit kleinen und gro\u00dfen Gruppen aufgeteilt war.<\/p>\n<p><a href=\"http:\/\/en.germansuzuki.com\/wp-content\/uploads\/2015\/05\/1.jpg\"><img decoding=\"async\" loading=\"lazy\" class=\"alignnone  wp-image-1637\" style=\"border: 1px solid black;\" alt=\"1\" src=\"http:\/\/en.germansuzuki.com\/wp-content\/uploads\/2015\/05\/1-1024x454.jpg\" width=\"596\" height=\"262\" \/><\/a><\/p>\n<p>&nbsp;<\/p>\n<p>&nbsp;<\/p>\n<p><a href=\"http:\/\/en.germansuzuki.com\/wp-content\/uploads\/2015\/05\/2_klein.jpg\"><img decoding=\"async\" loading=\"lazy\" class=\"alignnone  wp-image-1640\" style=\"border: 1px solid black;\" alt=\"2_klein\" src=\"http:\/\/en.germansuzuki.com\/wp-content\/uploads\/2015\/05\/2_klein-1024x728.jpg\" width=\"596\" height=\"424\" \/><\/a><\/p>\n<p>Pre-Twinkle-\u00dcbungen &#8211; diese machen nicht nur Kindern Freude<\/p>\n<blockquote>\n<h2><span style=\"color: #000000;\">KOSTENLOSER\u00a0DOWNLOAD<\/span><\/h2>\n<h2 style=\"text-align: left;\"><span style=\"color: #0000ff;\"><strong><b><br \/>\n<\/b><\/strong><\/span><a href=\"http:\/\/www.germansuzuki.com\/wp-content\/uploads\/2015\/05\/Pre-Twinkle_D.pdf\">Die ersten zehn Unterrichtschritte eines kleinen Geigensch\u00fclers<\/a><\/h2>\n<p><a href=\"http:\/\/en.germansuzuki.com\/wp-content\/uploads\/2015\/05\/Fu\u00dfpapier.jpg\"><img decoding=\"async\" loading=\"lazy\" class=\"alignnone size-medium wp-image-1698\" style=\"border: 1px solid black;\" alt=\"Fu\u00dfpapier\" src=\"http:\/\/en.germansuzuki.com\/wp-content\/uploads\/2015\/05\/Fu\u00dfpapier-300x205.jpg\" width=\"300\" height=\"205\" \/><\/a><\/p>\n<ol>\n<li>\n<address>Die Fu\u00dfstellung und die Verbeugung<\/address>\n<\/li>\n<li>\n<address>Die Geigenhaltung<\/address>\n<\/li>\n<li>\n<address>Die Bogenhaltung<\/address>\n<\/li>\n<li>\n<address>Wir spielen den ersten Twinkle-Rhythmus<\/address>\n<\/li>\n<li>\n<address>Der Saitenwechsel von der E- zur A-Saite und das A-Saiten-Liedchen<\/address>\n<\/li>\n<li>\n<address>Die Haltung der linken Hand und erste Greifversuche<\/address>\n<\/li>\n<li>\n<address>Die Vorbereitungstechnik und das Drei-Finger-Liedchen<\/address>\n<\/li>\n<li>\n<address>Die Erweiterung des Tonraumes<\/address>\n<\/li>\n<li>\n<address>Die erste Variation von \u201eTwinkle\u201c<\/address>\n<\/li>\n<li>\n<address>Wir spielen alle Twinkle-Variationen und das Thema<\/address>\n<\/li>\n<\/ol>\n<\/blockquote>\n<p>&nbsp;<\/p>\n<p><a href=\"http:\/\/en.germansuzuki.com\/wp-content\/uploads\/2015\/05\/3_kl.jpg\"><img decoding=\"async\" loading=\"lazy\" class=\"alignnone  wp-image-1642\" style=\"border: 1px solid black;\" alt=\"3_kl\" src=\"http:\/\/en.germansuzuki.com\/wp-content\/uploads\/2015\/05\/3_kl.jpg\" width=\"588\" height=\"405\" \/><\/a><\/p>\n<p>Spanisch-\u00e4gyptische Freundschaft<\/p>\n<p>&nbsp;<\/p>\n<p><a href=\"http:\/\/en.germansuzuki.com\/wp-content\/uploads\/2015\/05\/4_kl.jpg\"><img decoding=\"async\" loading=\"lazy\" class=\"alignnone  wp-image-1643\" style=\"border: 1px solid black;\" alt=\"4_kl\" src=\"http:\/\/en.germansuzuki.com\/wp-content\/uploads\/2015\/05\/4_kl.jpg\" width=\"592\" height=\"262\" \/><\/a><\/p>\n<p>Kleine Gruppe in Heft 1 mit Teilnehmern aus \u00c4gypten, Deutschland, Polen, Spanien und Venezuela.<\/p>\n<p>&nbsp;<\/p>\n<p><a href=\"http:\/\/en.germansuzuki.com\/wp-content\/uploads\/2015\/05\/5_kl.jpg\"><img decoding=\"async\" loading=\"lazy\" class=\"alignnone  wp-image-1649\" style=\"border: 1px solid black;\" alt=\"5_kl\" src=\"http:\/\/en.germansuzuki.com\/wp-content\/uploads\/2015\/05\/5_kl.jpg\" width=\"590\" height=\"312\" \/><\/a><\/p>\n<p>Zusatzliteratur mit Teilnehmern aus \u00d6sterreich, Deutschland, Italien und Spanien.<\/p>\n<p>&nbsp;<\/p>\n<p><a href=\"http:\/\/en.germansuzuki.com\/wp-content\/uploads\/2015\/05\/6_kl1.jpg\"><img decoding=\"async\" loading=\"lazy\" class=\"alignnone size-full wp-image-1651\" style=\"border: 1px solid black;\" alt=\"6_kl\" src=\"http:\/\/en.germansuzuki.com\/wp-content\/uploads\/2015\/05\/6_kl1.jpg\" width=\"591\" height=\"369\" \/><\/a><\/p>\n<p>Kleine Gruppe in Heft 3 mit Teilnehmern aus Argentinien, England, Deutschland und Spanien.<\/p>\n<p>&nbsp;<\/p>\n<p><a href=\"http:\/\/en.germansuzuki.com\/wp-content\/uploads\/2015\/05\/Kollage_Lehrerfotos_2.jpg\"><img decoding=\"async\" loading=\"lazy\" class=\"alignnone size-large wp-image-1681\" style=\"border: 1px solid black;\" alt=\"Kollage_Lehrerfotos_2\" src=\"http:\/\/en.germansuzuki.com\/wp-content\/uploads\/2015\/05\/Kollage_Lehrerfotos_2-723x1024.jpg\" width=\"597\" height=\"843\" \/><\/a><\/p>\n<p>Lasst uns zusammenarbeiten, denn die Kinder auf der ganzen Welt ben\u00f6tigen kompetente und motivierte Lehrer!<br \/>\nEs war wunderbar zu sehen, dass alle Lehrer den starken Wunsch versp\u00fcrten, tiefer in die Suzuki-Methode einzudringen.<\/p>\n<p>&nbsp;<\/p>\n<p><a href=\"http:\/\/en.germansuzuki.com\/wp-content\/uploads\/2015\/05\/Kollage_Lehrerfotos.jpg\"><img decoding=\"async\" loading=\"lazy\" class=\"alignnone size-large wp-image-1669\" style=\"border: 1px solid black;\" alt=\"Kollage_Lehrerfotos\" src=\"http:\/\/en.germansuzuki.com\/wp-content\/uploads\/2015\/05\/Kollage_Lehrerfotos-723x1024.jpg\" width=\"587\" height=\"829\" \/><\/a><\/p>\n<p>&nbsp;<\/p>\n<p><a href=\"http:\/\/en.germansuzuki.com\/wp-content\/uploads\/2015\/05\/12_kl.jpg\"><img decoding=\"async\" loading=\"lazy\" class=\"alignnone size-full wp-image-1653\" style=\"border: 1px solid black;\" alt=\"12_kl\" src=\"http:\/\/en.germansuzuki.com\/wp-content\/uploads\/2015\/05\/12_kl.jpg\" width=\"591\" height=\"459\" \/><\/a><\/p>\n<p>Immer noch frisch und gl\u00fccklich nach einem langen Arbeitstag!<\/p>\n<p>&nbsp;<\/p>\n<p><a href=\"http:\/\/en.germansuzuki.com\/wp-content\/uploads\/2015\/05\/16_kl.jpg\"><img decoding=\"async\" loading=\"lazy\" class=\"alignnone size-full wp-image-1657\" style=\"border: 1px solid black;\" alt=\"16_kl\" src=\"http:\/\/en.germansuzuki.com\/wp-content\/uploads\/2015\/05\/16_kl.jpg\" width=\"591\" height=\"543\" \/><\/a><\/p>\n<p>Die wundersch\u00f6ne Natur auf Mallorca &#8211; nur wenige Minuten entfernt vom Hotel.<\/p>\n<p>&nbsp;<\/p>\n<p><a href=\"http:\/\/www.germansuzuki.com\/wp-content\/uploads\/2015\/05\/Himmel_D.jpg\"><img decoding=\"async\" loading=\"lazy\" class=\"wp-image-5437 alignnone\" style=\"border: 1px solid black;\" alt=\"Himmel_D\" src=\"http:\/\/www.germansuzuki.com\/wp-content\/uploads\/2015\/05\/Himmel_D.jpg\" width=\"596\" height=\"270\" \/><\/a><\/p>\n<p>&nbsp;<\/p>\n<p><strong><span style=\"color: #993300;\">Die Online-Registrierung mit dem Fr\u00fchbucher-Rabatt startet im Juni 2015.<\/span><\/strong><br \/>\n<strong><span style=\"color: #993300;\">Falls Sie Ihre Familie oder Freunde mitbringen m\u00f6chten, k\u00f6nnen wir die gleichen hervorragenden Preisbedingungen anbieten.<\/span><\/strong><\/p>\n<p><strong>Kontaktieren Sie uns so fr\u00fch wie m\u00f6glich, weil wir nur \u00fcber ein begrenztes Kontingent verf\u00fcgen.<\/strong><\/p>\n<p>***************************************************************************<br \/>\n<strong>F\u00fcr weitere Informationen k\u00f6nnen Sie uns gerne unter folgender Email-Adresse kontaktieren:<\/strong><br \/>\n<strong> suzukiteachertraining@gmail.com<\/strong><\/p>\n","protected":false},"excerpt":{"rendered":"<p>Unser prachtvoller Konferenzort W\u00e4hrend vier Tagen trafen sich k\u00fcrzlich ungef\u00e4hr 40 Suzukilehrer aus \u00c4gypten, Argentinien, Deutschland, Gro\u00dfbritannien, Italien, \u00d6sterreich, Polen, Spanien und Venezuela, um an Weiterbildungskursen der Deutschen Suzuki Gesellschaft&#8230;<\/p>\n","protected":false},"author":2,"featured_media":5437,"comment_status":"open","ping_status":"open","sticky":false,"template":"","format":"standard","meta":[],"categories":[21,3],"tags":[],"_links":{"self":[{"href":"https:\/\/www.germansuzuki.de\/index.php?rest_route=\/wp\/v2\/posts\/5432"}],"collection":[{"href":"https:\/\/www.germansuzuki.de\/index.php?rest_route=\/wp\/v2\/posts"}],"about":[{"href":"https:\/\/www.germansuzuki.de\/index.php?rest_route=\/wp\/v2\/types\/post"}],"author":[{"embeddable":true,"href":"https:\/\/www.germansuzuki.de\/index.php?rest_route=\/wp\/v2\/users\/2"}],"replies":[{"embeddable":true,"href":"https:\/\/www.germansuzuki.de\/index.php?rest_route=%2Fwp%2Fv2%2Fcomments&post=5432"}],"version-history":[{"count":23,"href":"https:\/\/www.germansuzuki.de\/index.php?rest_route=\/wp\/v2\/posts\/5432\/revisions"}],"predecessor-version":[{"id":5461,"href":"https:\/\/www.germansuzuki.de\/index.php?rest_route=\/wp\/v2\/posts\/5432\/revisions\/5461"}],"wp:featuredmedia":[{"embeddable":true,"href":"https:\/\/www.germansuzuki.de\/index.php?rest_route=\/wp\/v2\/media\/5437"}],"wp:attachment":[{"href":"https:\/\/www.germansuzuki.de\/index.php?rest_route=%2Fwp%2Fv2%2Fmedia&parent=5432"}],"wp:term":[{"taxonomy":"category","embeddable":true,"href":"https:\/\/www.germansuzuki.de\/index.php?rest_route=%2Fwp%2Fv2%2Fcategories&post=5432"},{"taxonomy":"post_tag","embeddable":true,"href":"https:\/\/www.germansuzuki.de\/index.php?rest_route=%2Fwp%2Fv2%2Ftags&post=5432"}],"curies":[{"name":"wp","href":"https:\/\/api.w.org\/{rel}","templated":true}]}}