{"id":5410,"date":"2015-02-12T12:29:31","date_gmt":"2015-02-12T10:29:31","guid":{"rendered":"http:\/\/www.germansuzuki.com\/?p=5410"},"modified":"2015-02-16T18:53:45","modified_gmt":"2015-02-16T16:53:45","slug":"offener-brief-von-mike-hoover-an-die-esa","status":"publish","type":"post","link":"https:\/\/www.germansuzuki.de\/?p=5410","title":{"rendered":"Offener Brief von Mike Hoover an die ESA"},"content":{"rendered":"<h2><a href=\"http:\/\/www.germansuzuki.com\/wp-content\/uploads\/2015\/02\/Hoover.jpg\"><img decoding=\"async\" loading=\"lazy\" class=\"wp-image-5412 alignright\" style=\"border: 1px solid black; margin-left: 20px; margin-right: 0px;\" alt=\"Hoover\" src=\"http:\/\/www.germansuzuki.com\/wp-content\/uploads\/2015\/02\/Hoover.jpg\" width=\"160\" height=\"148\" srcset=\"https:\/\/www.germansuzuki.de\/wp-content\/uploads\/2015\/02\/Hoover.jpg 548w, https:\/\/www.germansuzuki.de\/wp-content\/uploads\/2015\/02\/Hoover-300x278.jpg 300w\" sizes=\"(max-width: 160px) 100vw, 160px\" \/><\/a>Liebe Leser,<\/h2>\n<p>die ESA hat den deutschen SuzukilehrerInnen in einer Rundmail mitgeteilt, dass aus markenrechtlichen Gr\u00fcnden niemand die Berufsbezeichnung &#8222;Suzukilehrer&#8220; verwenden darf, es sei denn, er w\u00e4re Mitglied der SMD.<br \/>\nDer Teacher Trainer der DSG, Mike Hoover, hat darauf ein kurzes Antwortschreiben verfasst, das wir Ihnen nicht vorenthalten m\u00f6chten.<\/p>\n<p>\u00dcbrigens handelt die ESA mit ihrer N\u00f6tigung, Mitglied von SMD zu werden, gegen deutsche Rechtsprechung, da die amerikanische Namensmarke <i>Suzuki <\/i>in Deutschland <b><span style=\"text-decoration: underline;\">nicht<\/span><\/b> gilt. Dies hat das Bundespatentgericht am 2. Juli 2013 festgestellt.<\/p>\n<p>_______________________________________________________<\/p>\n<p>10.02.2015<\/p>\n<p><em><strong>Liebe Sue Wimpeney, liebe ESA Vorstandsmitglieder,<\/strong><\/em><\/p>\n<p>ich w\u00fcrde Ihnen gerne f\u00fcr einen informativen Brief danken, aber Ihr Brief zeigt einmal mehr, dass die ESA-F\u00fchrung nicht die Schwere ihrer Handlungen in ihrem &#8222;Deutschland-Feldzug&#8220; erkennt. Ich habe den betreffenden Schriftwechsel seit Dezember 2011 mehrmals gelesen. Offensichtlich denkt die ESA-F\u00fchrung, wenn sie Unsinn oft genug wiederholt, wird daraus Wahrheit!<\/p>\n<p>Die Art, wie die SMD und ihre F\u00fchrung &#8222;die Macht \u00fcbernahm&#8220;, zeigt mir, dass ich ihr absolut nicht trauen kann. Die Tatsache, dass die ESA-F\u00fchrung sie dabei unterst\u00fctzte und in einer solch hinterh\u00e4ltigen Art handelte, bedeutet, dass ich auch dieser absolut nicht trauen kann.<br \/>\n<strong>Beide Organisationen sind in einer Weise vorgegangen, die nicht mit der Suzuki-Philosophie in Einklang gebracht werden kann, so dass ich BEIDEN ABSOLUT NICHT TRAUEN KANN. So einfach ist das.<\/strong><\/p>\n<p>Ihre Aussage: &#8222;Der Name <i>Suzuki<\/i> ist ein Warenzeichen und nur die Mitgliedschaft in der ESA gibt dem Suzukilehrer die Lizenz zur Nutzung des Namens <i>Suzuki<\/i>&#8222;, ist hier in Deutschland unzutreffend. Ich habe weder das Bed\u00fcrfnis noch die Absicht, das Suzuki-Logo zu verwenden. Aber meine Sch\u00fcler werden auch k\u00fcnftig nach der Suzuki-Methode und seiner Philosophie unterrichtet, und dies wird in meiner Region auch weiterhin \u00f6ffentlich bekannt bleiben.<\/p>\n<p>William Starr fasst es sehr gut zusammen: &#8222;&#8230; Lehrer, ob Suzukilehrer oder nicht, m\u00fcssen zu dem stehen, was sie lehren und die von ihnen unterrichteten Kinder ebenso.<strong> WIR UNTERRICHTEN KEINE \u00a0METHODE, sondern Kinder und wir geben Musikunterricht. <\/strong>Suzuki gab uns lediglich etwas mehr Vertrauen in den Sinn unserer Arbeit.&#8220; (Die Gro\u00dfschreibung stammt von mir zwecks Betonung.)<\/p>\n<p><strong>Leider habe ich kein Vertrauen in diese aktuelle ESA!<\/strong><\/p>\n<p>Freundliche Gr\u00fc\u00dfe<\/p>\n<p><em><strong>Michael Hoover<\/strong><\/em><br \/>\nEhemaliges ESA-Mitglied und Teacher Trainer f\u00fcr Violine<\/p>\n<p>________________________________________<\/p>\n<p>Tove Detrek\u00f6y (89 Jahre), Mitbegr\u00fcnderin der European Suzuki Association,<br \/>\nschrieb die folgende Frage an die Vorstandsmitglieder<br \/>\nanl\u00e4\u00dflich des ESA-Treffens in Amsterdam im Jahr 2012:<\/p>\n<p><a href=\"http:\/\/en.germansuzuki.com\/wp-content\/uploads\/2015\/02\/Quote_Tove_4.jpg\"><img decoding=\"async\" loading=\"lazy\" class=\"alignnone  wp-image-1577\" alt=\"Quote_Tove_4\" src=\"http:\/\/en.germansuzuki.com\/wp-content\/uploads\/2015\/02\/Quote_Tove_4-1024x770.jpg\" width=\"545\" height=\"408\" \/><\/a><\/p>\n","protected":false},"excerpt":{"rendered":"<p>Liebe Leser, die ESA hat den deutschen SuzukilehrerInnen in einer Rundmail mitgeteilt, dass aus markenrechtlichen Gr\u00fcnden niemand die Berufsbezeichnung &#8222;Suzukilehrer&#8220; verwenden darf, es sei denn, er w\u00e4re Mitglied der SMD&#8230;.<\/p>\n","protected":false},"author":2,"featured_media":0,"comment_status":"open","ping_status":"open","sticky":false,"template":"","format":"standard","meta":[],"categories":[1],"tags":[],"_links":{"self":[{"href":"https:\/\/www.germansuzuki.de\/index.php?rest_route=\/wp\/v2\/posts\/5410"}],"collection":[{"href":"https:\/\/www.germansuzuki.de\/index.php?rest_route=\/wp\/v2\/posts"}],"about":[{"href":"https:\/\/www.germansuzuki.de\/index.php?rest_route=\/wp\/v2\/types\/post"}],"author":[{"embeddable":true,"href":"https:\/\/www.germansuzuki.de\/index.php?rest_route=\/wp\/v2\/users\/2"}],"replies":[{"embeddable":true,"href":"https:\/\/www.germansuzuki.de\/index.php?rest_route=%2Fwp%2Fv2%2Fcomments&post=5410"}],"version-history":[{"count":7,"href":"https:\/\/www.germansuzuki.de\/index.php?rest_route=\/wp\/v2\/posts\/5410\/revisions"}],"predecessor-version":[{"id":5419,"href":"https:\/\/www.germansuzuki.de\/index.php?rest_route=\/wp\/v2\/posts\/5410\/revisions\/5419"}],"wp:attachment":[{"href":"https:\/\/www.germansuzuki.de\/index.php?rest_route=%2Fwp%2Fv2%2Fmedia&parent=5410"}],"wp:term":[{"taxonomy":"category","embeddable":true,"href":"https:\/\/www.germansuzuki.de\/index.php?rest_route=%2Fwp%2Fv2%2Fcategories&post=5410"},{"taxonomy":"post_tag","embeddable":true,"href":"https:\/\/www.germansuzuki.de\/index.php?rest_route=%2Fwp%2Fv2%2Ftags&post=5410"}],"curies":[{"name":"wp","href":"https:\/\/api.w.org\/{rel}","templated":true}]}}