{"id":5383,"date":"2015-01-30T13:56:49","date_gmt":"2015-01-30T11:56:49","guid":{"rendered":"http:\/\/www.germansuzuki.com\/?p=5383"},"modified":"2015-08-20T00:11:03","modified_gmt":"2015-08-19T22:11:03","slug":"terminuebersicht-2015","status":"publish","type":"post","link":"https:\/\/www.germansuzuki.de\/?p=5383","title":{"rendered":"Termin\u00fcbersicht 2015"},"content":{"rendered":"<h2>01. &#8211; 03.05.2015<\/h2>\n<h2>INTERNATIONAL SUZUKI TEACHERS EXCHANGE<\/h2>\n<p><strong><strong>Lehrerkurs auf Mallorca<br \/>\nKurs f\u00fcr Suzuki-ViolinlehrerInnen<br \/>\n<\/strong><\/strong><\/p>\n<p>Es finden drei parallele Intensivkurse f\u00fcr die <strong>Hefte 1, 3 und 7<\/strong> statt.<\/p>\n<p>Vom <b>28. bis 30. April 2015 <\/b>besteht au\u00dferdem die M\u00f6glichkeit, Einzelunterricht bei Frau Wartberg oder Herrn G\u00e4hler zu erhalten.<br \/>\nDas Programm wird individuell mit dem Kursteilnehmer festgelegt.<\/p>\n<p>Die Teilnehmer wohnen <b>direkt am Meer <\/b>in einem <b>4-Sterne-Hotel zu \u00e4u\u00dferst g\u00fcnstigen Preisen<\/b>, die etwa die H\u00e4lfte des normalen Hotelpreises betragen (in etwa mit den Preisen der Akademie Remscheid zu vergleichen). Es besteht auch die M\u00f6glichkeit, Familienangeh\u00f6rige mitzubringen.<\/p>\n<p><a href=\"http:\/\/www.germansuzuki.com\/?p=5242\">http:\/\/www.germansuzuki.com\/?p=5242<\/a><\/p>\n<p>&nbsp;<\/p>\n<h1>**************************<br \/>\n**************************<br \/>\n**************************<\/h1>\n<h2>06.\/07.06.2015<\/h2>\n<p><strong><strong>Kinder-Workshop in Braunschweig<br \/>\n<\/strong><\/strong><\/p>\n<p><strong>Musische Akademie im CJD Braunschweig<br \/>\n<strong>Leitung:<a title=\"Olga Bereznitskaya\" href=\"http:\/\/www.germansuzuki.com\/?p=4954\"><strong> <em>Olga Bereznitskaya <\/em><\/strong><\/a><\/strong><br \/>\n<\/strong><\/p>\n<h1>**************************<br \/>\n**************************<br \/>\n**************************<\/h1>\n<h2>26.-28.06.2015<\/h2>\n<p><strong><strong>CELLO-WORKSHOP in Wolfhagen<br \/>\nMusikschule Wolfhager Land<br \/>\n<\/strong><\/strong><\/p>\n<p><strong>Gastdozenten:<\/strong><br \/>\n<strong>Carol Bez<\/strong><br \/>\n<strong>Anders Gr\u00f8n<\/strong><br \/>\n<strong>Ulrike Volle<\/strong><\/p>\n<p><strong>Leitung: <a href=\"http:\/\/musikschule-wolfhager-land.de\/musikschule\/unser-team\/erika-umanez\/\">Erika Umanez<\/a><\/strong><\/p>\n<h1>**************************<br \/>\n**************************<br \/>\n**************************<\/h1>\n<h2>29.06.2015<\/h2>\n<p><strong><strong>DEUTSCHES SUZUKI INSTITUT<\/strong><\/strong><\/p>\n<p><strong><strong>Cello-Examen f\u00fcr Teilnehmer der Suzuki-Lehrerausbildungskurse<br \/>\n<\/strong><\/strong><\/p>\n<p><strong>Pr\u00fcfer:<\/strong><br \/>\n<strong>Carol Bez<\/strong><br \/>\n<strong>Anders Gr\u00f8n<br \/>\n<\/strong><strong>N.N.<\/strong><\/p>\n<h1>**************************<br \/>\n**************************<br \/>\n**************************<\/h1>\n<h2>31.08.2015<\/h2>\n<p><strong><strong>JUNGE CAMERATA ACADEMICA<\/strong><\/strong><\/p>\n<p><strong><strong>Konzert mit Kindern aus Birmingham im Ernst-Barlach-Gymnasium Kiel<br \/>\n<\/strong><\/strong><\/p>\n<p>18:00 Uhr<\/p>\n<p><strong>Leitung:<\/strong><br \/>\n<strong>Isabel Morey Suau<\/strong><\/p>\n<h1>**************************<br \/>\n**************************<br \/>\n**************************<\/h1>\n<h2>11.-13.09.2015<\/h2>\n<p><strong><strong>DEUTSCHES SUZUKI INSTITUT<\/strong><\/strong><\/p>\n<p><strong><strong>Violin-Examen f\u00fcr Teilnehmer der Suzuki-Lehrerausbildungskurse<br \/>\n<\/strong><\/strong><\/p>\n<p><strong>Musische Akademie im CJD Braunschweig<\/strong><\/p>\n<h1>**************************<br \/>\n**************************<br \/>\n**************************<\/h1>\n<h2>19.-27.10.2015<\/h2>\n<p><strong><strong>JUNGE CAMERATA ACADEMICA<\/strong><\/strong><\/p>\n<p><strong><strong>Konzertreise nach Mallorca<br \/>\n<\/strong><\/strong><\/p>\n<p><strong>Leitung:<\/strong><br \/>\n<strong>Isabel Morey Suau<\/strong><\/p>\n<h1>**************************<br \/>\n**************************<br \/>\n**************************<\/h1>\n<h2>7. EUROP\u00c4ISCHE LEHRERKONFERENZ 2015<\/h2>\n<h2>f\u00fcr Suzuki Violin-, Viola- und Cellolehrer<br \/>\n30. Oktober \u2013 2. November 2015<\/h2>\n<p><strong>LET US WORK TOGETHER!<br \/>\nGastdozent: <a title=\"Brian LEWIS\" href=\"http:\/\/www.brianlewisviolin.com\/Biography\/\">Brian LEWIS<\/a>, USA<br \/>\n<\/strong><\/p>\n<p>Einer der H\u00f6hepunkte wird der weltbekannte Geiger und P\u00e4dagoge BRIAN LEWIS sein,<br \/>\neiner der vielseitigsten und charismatischten Pers\u00f6nlichkeiten von heute.<br \/>\nBrian Lewis engagiert sich, das Erbe der gro\u00dfen P\u00e4dagogen Dorothy DeLay und Shinichi Suzuki f\u00fcr k\u00fcnftige Generationen sinnvoll zu verbinden.<br \/>\nSehen Sie hier einen kurzen Filmausschnitt, in dem er zu Violinlehrern \u00fcber die &#8222;Entwicklung von instrumentalen F\u00e4higkeiten&#8220; spricht.<\/p>\n<p><a href=\"https:\/\/www.youtube.com\/watch?v=N3DNCHrmEmY\">https:\/\/www.youtube.com\/watch?v=N3DNCHrmEmY<\/a><\/p>\n<p>Konferenz-Leitung: <a href=\"http:\/\/www.germansuzuki.com\/?page_id=203\"><em>Kerstin Wartberg<\/em><\/a><\/p>\n<h1>**************************<br \/>\n**************************<br \/>\n**************************<\/h1>\n<h2>14.11.2015<\/h2>\n<p><strong><strong>JUNGE CAMERATA ACADEMICA<\/strong><\/strong><\/p>\n<p><strong><strong>Abschlusskonzert der allj\u00e4hrlichen Mallorca-Konzertreise im Friedrich-Schiller-Gymnasium Preetz<br \/>\n<\/strong><\/strong><\/p>\n<p>15:00 Uhr<\/p>\n<p><strong>Leitung:<\/strong><br \/>\n<strong>Isabel Morey Suau<\/strong><\/p>\n<h1>**************************<br \/>\n**************************<br \/>\n**************************<\/h1>\n<h2>06.12.2015<\/h2>\n<p><strong><strong>JUNGE CAMERATA ACADEMICA<\/strong><\/strong><\/p>\n<p><strong><strong>Weihnachtskonzert in der Pauluskirche Kiel<br \/>\n<\/strong><\/strong><\/p>\n<p><strong>Leitung:<\/strong><br \/>\n<strong>Isabel Morey Suau<\/strong><\/p>\n<h1>**************************<br \/>\n**************************<br \/>\n**************************<\/h1>\n<h2>28.12.2015-02.01.2016<\/h2>\n<p><strong><strong>INTERNATIONAL MUSIC SUMMERSCHOOL<\/strong><\/strong><\/p>\n<p><strong><strong>1. International Winterschool Musikferien:<\/strong><\/strong><\/p>\n<ul>\n<li>t\u00e4glicher Einzelunterricht in Masterclasses<\/li>\n<li>Gruppenstunden<\/li>\n<li>Blattspiel und Fiddeln (fakultativ)<\/li>\n<li>Elternpodium<\/li>\n<li>verschiedene Konzerte<\/li>\n<li>gro\u00dfes Neujahrs-Schlusskonzert<\/li>\n<li>neu: Eltern-Kind-Singen<\/li>\n<\/ul>\n<p><strong>Lehrkr\u00e4fte:<\/strong><br \/>\n<strong>Agathe Jerie (Teacher Trainer, Schweiz), Ewa Tosik-Warszawiak (Teacher Trainer, Island\/Polen), Sigismond Cachot (A-Teacher, Frankreich) und weitere<\/strong><\/p>\n<p>Download: <a href=\"http:\/\/www.germansuzuki.com\/wp-content\/uploads\/2015\/01\/Winterschool-15.pdf\">Flyer<\/a><\/p>\n<h1>**************************<br \/>\n**************************<br \/>\n**************************<\/h1>\n<h2>24.-27.03.2016<\/h2>\n<p><strong>Lehrerkurse auf Mallorca<br \/>\nKurs f\u00fcr Suzuki-ViolinlehrerInnen<\/strong><br \/>\n<strong>24.-27.\u00a0M\u00e4rz 2016<\/strong>\u00a0\u00a0\u00a0\u00a0 Da die Kurse in diesem Zeitraum parallel stattfinden, k\u00f6nnen Sie sich nur bei EINEM dieser Teacher Training Kurse anmelden: Heft 1B \/ Heft 4 \/ Heft 6 \/\u00a0 Basis-Violintechnik \/ Zusatzst\u00fccke (von Vivaldi bis Paganini)<\/p>\n<p>Die Kurse f\u00fcr Heft 1B \/ Heft 4 und Heft 6 sind geeignet, ein besonderes Repertoire zu erarbeiten oder die Inhalte zu wiederholen und zu vertiefen.<br \/>\nJeder Teacher Trainer hat seine pers\u00f6nlichen Schwerpunkte und wird diese auf seine eigene Art und Weise pr\u00e4sentieren. Deshalb bieten solche\u00a0Wiederholungskurse gute M\u00f6glichkeiten, das eigene Spekrum zu erweitern und die jeweiligen Sichtweisen unterschiedlicher Teacher Trainer kennen zu lernen.<\/p>\n<h2>22.-27.03.2016<\/h2>\n<p><strong>Einzelunterricht auf Mallorca<br \/>\nKurs f\u00fcr Suzuki-ViolinlehrerInnen<\/strong><\/p>\n<p><strong>22.-23. M\u00e4rz 2016<\/strong>\u00a0\u00a0\u00a0\u00a0 Einzelunterricht<br \/>\n<strong>22.-27. M\u00e4rz 2016<\/strong>\u00a0\u00a0\u00a0\u00a0 Einzelunterricht, f\u00fcr Teilnehmer, die gerne nur Zusatzst\u00fccke erarbeiten wollen.<\/p>\n<p>&nbsp;<\/p>\n<p>Anmeldung ab Mitte September m\u00f6glich!<br \/>\nWeitere Informationen und Preisangaben finden Sie hier:<br \/>\nhttp:\/\/www.germansuzuki.com\/?p=5432<\/p>\n<h1>**************************<br \/>\n**************************<br \/>\n**************************<\/h1>\n<h2>03.-05.06.2016<\/h2>\n<p><strong><strong>JUNGE CAMERATA ACADEMICA<\/strong><\/strong><\/p>\n<p><strong><strong>Geigenwochenende auf Gut Brache (Wielen\/Wahlstorf)<br \/>\n<\/strong><\/strong><\/p>\n<p>Abschlusskonzert am 05.06.2015 in der Nikolaikirche Pl\u00f6n im Rahmen der &#8222;Gr\u00fcnen Note&#8220;<\/p>\n<p><strong>Leitung:<\/strong><br \/>\n<strong>Isabel Morey Suau<\/strong><\/p>\n<h1>**************************<br \/>\n**************************<br \/>\n**************************<\/h1>\n","protected":false},"excerpt":{"rendered":"<p>01. &#8211; 03.05.2015 INTERNATIONAL SUZUKI TEACHERS EXCHANGE Lehrerkurs auf Mallorca Kurs f\u00fcr Suzuki-ViolinlehrerInnen Es finden drei parallele Intensivkurse f\u00fcr die Hefte 1, 3 und 7 statt. Vom 28. bis 30&#8230;.<\/p>\n","protected":false},"author":2,"featured_media":0,"comment_status":"open","ping_status":"open","sticky":false,"template":"","format":"standard","meta":[],"categories":[18],"tags":[],"_links":{"self":[{"href":"https:\/\/www.germansuzuki.de\/index.php?rest_route=\/wp\/v2\/posts\/5383"}],"collection":[{"href":"https:\/\/www.germansuzuki.de\/index.php?rest_route=\/wp\/v2\/posts"}],"about":[{"href":"https:\/\/www.germansuzuki.de\/index.php?rest_route=\/wp\/v2\/types\/post"}],"author":[{"embeddable":true,"href":"https:\/\/www.germansuzuki.de\/index.php?rest_route=\/wp\/v2\/users\/2"}],"replies":[{"embeddable":true,"href":"https:\/\/www.germansuzuki.de\/index.php?rest_route=%2Fwp%2Fv2%2Fcomments&post=5383"}],"version-history":[{"count":6,"href":"https:\/\/www.germansuzuki.de\/index.php?rest_route=\/wp\/v2\/posts\/5383\/revisions"}],"predecessor-version":[{"id":5638,"href":"https:\/\/www.germansuzuki.de\/index.php?rest_route=\/wp\/v2\/posts\/5383\/revisions\/5638"}],"wp:attachment":[{"href":"https:\/\/www.germansuzuki.de\/index.php?rest_route=%2Fwp%2Fv2%2Fmedia&parent=5383"}],"wp:term":[{"taxonomy":"category","embeddable":true,"href":"https:\/\/www.germansuzuki.de\/index.php?rest_route=%2Fwp%2Fv2%2Fcategories&post=5383"},{"taxonomy":"post_tag","embeddable":true,"href":"https:\/\/www.germansuzuki.de\/index.php?rest_route=%2Fwp%2Fv2%2Ftags&post=5383"}],"curies":[{"name":"wp","href":"https:\/\/api.w.org\/{rel}","templated":true}]}}