{"id":5358,"date":"2014-12-23T13:48:30","date_gmt":"2014-12-23T11:48:30","guid":{"rendered":"http:\/\/www.germansuzuki.com\/?p=5358"},"modified":"2014-12-23T21:05:31","modified_gmt":"2014-12-23T19:05:31","slug":"frohe-weihnachten-und-alles-gute-fuer-das-jahr-2015","status":"publish","type":"post","link":"https:\/\/www.germansuzuki.de\/?p=5358","title":{"rendered":"Frohe Weihnachten und alles Gute f\u00fcr das Jahr 2015"},"content":{"rendered":"<h2 style=\"text-align: center;\"><span style=\"color: #0000ff;\"><strong><span style=\"color: #000000;\"><strong>Im Namen der Deutschen Suzuki Gesellschaft <\/strong><\/span><\/strong><\/span><\/h2>\n<h2 style=\"text-align: center;\"><span style=\"color: #0000ff;\"><strong><strong>senden wir <\/strong><strong>unseren Mitgliedern, Freunden<\/strong><strong> und Unterst\u00fctzern herzliche Weihnachtsgr\u00fc\u00dfe und w\u00fcnschen ein gutes Neues Jahr!<\/strong><\/strong><\/span><\/h2>\n<h2 style=\"text-align: center;\"><span style=\"color: #000000;\"><strong><a href=\"http:\/\/suzukiteachingideas.germansuzuki.com\/wp-content\/uploads\/2014\/12\/tree.jpg\"><img decoding=\"async\" loading=\"lazy\" class=\"aligncenter size-full wp-image-1410\" alt=\"tree\" src=\"http:\/\/suzukiteachingideas.germansuzuki.com\/wp-content\/uploads\/2014\/12\/tree.jpg\" width=\"625\" height=\"467\" \/><\/a><\/strong><strong><\/strong><\/span><\/h2>\n<p style=\"text-align: center;\"><strong><span style=\"color: #0000ff;\"><span style=\"color: #000000;\">Als Dankesch\u00f6n <\/span><span style=\"color: #000000;\">f\u00fcr Ihre Treue und Unterst\u00fctzung senden wir Ihnen ein<br \/>\n<strong>kleines<\/strong> <strong>musikalisches Geschenk<\/strong>:<\/span><\/span><\/strong><\/p>\n<h2 style=\"text-align: center;\"><strong><span style=\"color: #0000ff;\">Engelbert Humperdinck (1854-1921)<\/span><\/strong><\/h2>\n<h2 style=\"text-align: center;\"><span style=\"color: #000000;\">MP3: <b><span style=\"color: #0000ff;\"><em><a href=\"http:\/\/suzukiteachingideas.germansuzuki.com\/wp-content\/uploads\/2014\/12\/Humperdinck_Abendsegen_112KB.mp3\"><span style=\"color: #0000ff;\">Abendsegen <\/span><\/a><\/em><\/span><\/b><\/span><span style=\"color: #000000;\"><span style=\"font-size: small;\"><strong>Musi<i>k: Aus der Oper<\/i><\/strong><i> &#8222;H\u00e4nsel und Gretel&#8220;<\/i><\/span> <em><\/em><\/span><\/h2>\n<h2 style=\"text-align: center;\"><span style=\"color: #000000;\"><strong>KOSTENLOSER DOWNLOAD <span style=\"color: #0000ff;\"><a href=\"http:\/\/suzukiteachingideas.germansuzuki.com\/wp-content\/uploads\/2014\/12\/Humperdinck_Abendsegen_112KB.mp3\"><span style=\"color: #0000ff;\">MP3<\/span><\/a> <\/span>&amp; <a href=\"http:\/\/suzukiteachingideas.germansuzuki.com\/wp-content\/uploads\/2014\/12\/humperdinck_score.pdf\"><span style=\"color: #0000ff;\">Noten<\/span><\/a><br \/>\n<span style=\"font-size: large;\"><span style=\"font-size: large;\"><span style=\"font-size: small;\">Bearbeitung f\u00fcr 2 Violinen &amp; Klavier oder Orgel<\/span><span style=\"font-size: small;\"> von Kerstin Wartberg<\/span><\/span><\/span> <\/strong><\/span><\/h2>\n<h5 style=\"text-align: center;\"><strong><span style=\"font-size: large; color: #0000ff;\"><strong>***************************************************************<\/strong><br \/>\n<\/span><\/strong><span style=\"font-size: large; color: #0000ff;\"><span style=\"font-size: small; color: #000000;\"><span style=\"font-size: medium;\"><span style=\"font-size: small;\"><span><span>Rudolf Gaehler &amp; Kerstin Wartberg, Violinen<br \/>\nTobias Kunst, Orgel<\/span><\/span><\/span><\/span> <\/span><\/span><\/h5>\n<h5 style=\"text-align: center;\"><span style=\"font-size: large; color: #0000ff;\"><strong>***************************************************************<\/strong><\/span><\/h5>\n<blockquote>\n<h5 align=\"center\"><span style=\"color: #0000ff; font-size: large;\"><span style=\"font-family: Arial;\"><b>Abendsegen<\/b><\/span><\/span><\/h5>\n<h5 align=\"center\"><em><span style=\"font-family: Arial; color: #000000;\"><em><em><em>Abends, will ich schlafen gehn,<br \/>\nVierzehn Engel um mich stehn:<br \/>\nZwei zu meinen H\u00e4upten,<br \/>\nZwei zu meinen F\u00fc\u00dfen,<br \/>\nZwei zu meiner Rechten,<br \/>\nZwei zu meiner Linken,<br \/>\nZweie, die mich decken,<br \/>\nZweie, die mich wecken,<br \/>\nZweie, die mich weisen,<br \/>\nZu Himmels-Paradeisen.<\/em><\/em> <\/em><\/span><\/em><\/h5>\n<\/blockquote>\n","protected":false},"excerpt":{"rendered":"<p>Im Namen der Deutschen Suzuki Gesellschaft senden wir unseren Mitgliedern, Freunden und Unterst\u00fctzern herzliche Weihnachtsgr\u00fc\u00dfe und w\u00fcnschen ein gutes Neues Jahr! Als Dankesch\u00f6n f\u00fcr Ihre Treue und Unterst\u00fctzung senden wir&#8230;<\/p>\n","protected":false},"author":2,"featured_media":0,"comment_status":"open","ping_status":"open","sticky":false,"template":"","format":"standard","meta":[],"categories":[3],"tags":[],"_links":{"self":[{"href":"https:\/\/www.germansuzuki.de\/index.php?rest_route=\/wp\/v2\/posts\/5358"}],"collection":[{"href":"https:\/\/www.germansuzuki.de\/index.php?rest_route=\/wp\/v2\/posts"}],"about":[{"href":"https:\/\/www.germansuzuki.de\/index.php?rest_route=\/wp\/v2\/types\/post"}],"author":[{"embeddable":true,"href":"https:\/\/www.germansuzuki.de\/index.php?rest_route=\/wp\/v2\/users\/2"}],"replies":[{"embeddable":true,"href":"https:\/\/www.germansuzuki.de\/index.php?rest_route=%2Fwp%2Fv2%2Fcomments&post=5358"}],"version-history":[{"count":16,"href":"https:\/\/www.germansuzuki.de\/index.php?rest_route=\/wp\/v2\/posts\/5358\/revisions"}],"predecessor-version":[{"id":5370,"href":"https:\/\/www.germansuzuki.de\/index.php?rest_route=\/wp\/v2\/posts\/5358\/revisions\/5370"}],"wp:attachment":[{"href":"https:\/\/www.germansuzuki.de\/index.php?rest_route=%2Fwp%2Fv2%2Fmedia&parent=5358"}],"wp:term":[{"taxonomy":"category","embeddable":true,"href":"https:\/\/www.germansuzuki.de\/index.php?rest_route=%2Fwp%2Fv2%2Fcategories&post=5358"},{"taxonomy":"post_tag","embeddable":true,"href":"https:\/\/www.germansuzuki.de\/index.php?rest_route=%2Fwp%2Fv2%2Ftags&post=5358"}],"curies":[{"name":"wp","href":"https:\/\/api.w.org\/{rel}","templated":true}]}}