{"id":5299,"date":"2014-11-11T17:40:18","date_gmt":"2014-11-11T15:40:18","guid":{"rendered":"http:\/\/www.germansuzuki.com\/?p=5299"},"modified":"2014-11-11T18:24:17","modified_gmt":"2014-11-11T16:24:17","slug":"lehrerkurs-auf-mallorca-anmeldung-ab-sofort-moeglich","status":"publish","type":"post","link":"https:\/\/www.germansuzuki.de\/?p=5299","title":{"rendered":"Lehrerkurs auf Mallorca: Anmeldung ab sofort m\u00f6glich!"},"content":{"rendered":"<h2 style=\"text-align: left;\"><span style=\"color: #0000ff;\"><strong>INTERNATIONAL SUZUKI TEACHERS EXCHANGE<br \/>\n<\/strong><\/span><\/h2>\n<h2 style=\"text-align: left;\"><span style=\"color: #0000ff;\"><strong><span style=\"color: #000000;\"><b>01. \u2013 03. Mai 2015<\/b><\/span><br \/>\n<span style=\"color: #0000ff;\"> <b>Violin Teacher Training<\/b><\/span><\/strong><\/span><\/h2>\n<h2 style=\"text-align: left;\"><span style=\"color: #000000;\"><strong>&amp;<\/strong><\/span><\/h2>\n<h2 style=\"text-align: left;\"><span style=\"color: #000000;\"><strong><b>30. April \u2013 01. Mai 2015<br \/>\n<span style=\"color: #0000ff;\"><b>Einzelunterricht <\/b><\/span><\/b><\/strong><\/span><span style=\"color: #0000ff;\"><strong><span style=\"color: #000000;\"><b><span style=\"color: #0000ff;\">\/ Intensivkurs f\u00fcr Suzuki-Violinlehrer<\/span><big><big><\/big><\/big><\/b><\/span><\/strong><\/span><\/h2>\n<p style=\"text-align: left;\"><span style=\"color: #333333;\"><strong><a href=\"http:\/\/www.germansuzuki.com\/wp-content\/uploads\/2012\/06\/mallorca.jpg\"><img decoding=\"async\" loading=\"lazy\" class=\"alignleft size-full wp-image-3542\" style=\"border: 1px solid black; margin-top: 10px; margin-bottom: 10px;\" alt=\"mallorca\" src=\"http:\/\/www.germansuzuki.com\/wp-content\/uploads\/2012\/06\/mallorca.jpg\" width=\"100\" height=\"100\" srcset=\"https:\/\/www.germansuzuki.de\/wp-content\/uploads\/2012\/06\/mallorca.jpg 250w, https:\/\/www.germansuzuki.de\/wp-content\/uploads\/2012\/06\/mallorca-150x150.jpg 150w\" sizes=\"(max-width: 100px) 100vw, 100px\" \/><\/a><\/strong><\/span><\/p>\n<h2 style=\"text-align: left;\"><span style=\"color: #333333;\"><strong><a title=\"Anmeldeformular\" href=\"http:\/\/kursanmeldung.germansuzuki.com\/mallorca\/mallorcade2015\"><span style=\"color: #333333;\">\u00a0\u00a0\u00a0\u00a0 Anmeldeformular (hier klicken)<\/span><\/a><\/strong><\/span><\/h2>\n<p><span style=\"color: #ffffff;\">\u00a01<\/span><\/p>\n<p><span style=\"color: #ffffff;\">1<\/span><\/p>\n<h2 style=\"text-align: left;\"><span style=\"color: #008000;\"><strong>Auf alle DSG-Mitglieder wartet ein besonderes Geschenk!<\/strong><\/span><\/h2>\n<p style=\"text-align: left;\">Alle Lehrer, die derzeit <span style=\"text-decoration: underline;\"><strong>nicht<\/strong> <\/span>an einem Jahreskurs des DSI teilnehmen, erhalten eine Erm\u00e4\u00dfigung der Kursgeb\u00fchren von 90,00 \u20ac.<br \/>\nAlle Lehrer des <span style=\"text-decoration: underline;\"><strong>laufenden DSI-Jahreskurses 2014\/2015<\/strong><\/span> erhalten einen Flugkostenzuschuss von 120,00 \u20ac.<\/p>\n<h2><a title=\"Hotel Sentido Castell de Mar\" href=\"http:\/\/de.sentidohotelcastelldemar.com\/\">Hotel Sentido Castell de Mar<\/a> <img decoding=\"async\" alt=\"\\bigstar\\bigstar\\bigstar\\bigstar\" src=\"http:\/\/upload.wikimedia.org\/math\/1\/4\/c\/14c83d6aaab03691d193811e9f942634.png\" \/><\/h2>\n<p>Dieses 4-Sterne-Hotel bietet wenige Meter vom Strand entfernt eine wundervolle Aussicht \u00fcber die Bucht von Cala Millor sowie kostenloses WLAN und kostenfreien Zugang zu den Hotelpools, einem Fitnessraum und einem Whirlpool.<\/p>\n<p>Das Sentido Castell de Mar verf\u00fcgt \u00fcber elegante Zimmer mit Klimaanlage und Heizung. Die meisten bieten einen eigenen Balkon und alle Zimmer sind mit einem Safe, einem Schreibtisch und Sat-TV ausgestattet.<\/p>\n<p><a href=\"http:\/\/en.germansuzuki.com\/wp-content\/uploads\/2014\/10\/playa-cala-millor_1.jpg\"><img decoding=\"async\" loading=\"lazy\" class=\"alignnone  wp-image-1465\" style=\"border: 1px solid black;\" alt=\"playa-cala-millor_1\" src=\"http:\/\/en.germansuzuki.com\/wp-content\/uploads\/2014\/10\/playa-cala-millor_1-1024x395.jpg\" width=\"570\" height=\"221\" \/><\/a><br \/>\n<b><\/b><\/p>\n<h2><b>Ein 4-Sterne-Hotel direkt am Meer<br \/>\nzu \u00e4u\u00dferst g\u00fcnstigen Preisen<\/b><\/h2>\n<p><span style=\"color: #0000ff;\"><strong>Unsere Teilnehmer und ihre Familienangeh\u00f6rigen erhalten sensationell g\u00fcnstige Preise:<br \/>\n<\/strong><\/span><\/p>\n<p><span style=\"color: #0000ff;\"><strong>Doppelzimmer<\/strong><\/span> Standard &amp; <span style=\"color: #0000ff;\"><strong>Halbpension<\/strong><br \/>\n<\/span> <span style=\"color: #008000;\"><strong>47,00 \u20ac pro Tag \/ Person<\/strong><\/span><\/p>\n<p><span style=\"color: #0000ff;\"><strong>Doppelzimmer <\/strong><\/span>mit Meeresblick &amp; <span style=\"color: #0000ff;\"><strong><strong>Halbpension<\/strong><br \/>\n<\/strong><\/span><strong><span style=\"color: #008000;\">51,00 \u20ac pro Tag \/ Person<\/span><\/strong><\/p>\n<p>Doppelzimmer Standard zur <span style=\"color: #0000ff;\"><strong>Einzelnutzung <\/strong><\/span>&amp; <span style=\"color: #0000ff;\"><strong>Halbpension<\/strong><\/span><br \/>\n<span style=\"color: #008000;\"><strong>67,00 \u20ac pro Tag \/ Person<\/strong><\/span><\/p>\n<p>Doppelzimmer mit Meeresblick zur <span style=\"color: #0000ff;\"><strong><strong>Einzelnutzung<\/strong> <\/strong><\/span>&amp; <span style=\"color: #0000ff;\"><strong><strong>Halbpension<\/strong> <\/strong><\/span><br \/>\n<strong><span style=\"color: #008000;\">69,00 \u20ac pro Tag \/ Person<\/span><\/strong><\/p>\n<p>**************************************************************************************************<\/p>\n<h2><strong>Kursinformationen<\/strong><\/h2>\n<p>Es finden drei parallele Intensivkurse f\u00fcr die <strong>Hefte 1, 3 und 7<\/strong> statt.<br \/>\n<strong><br \/>\nKursbeginn: 1. Mai 2015, 15:00 Uhr<\/strong><br \/>\n<strong>Kursende: 3. Mai 2015, 15:00 Uhr<\/strong><\/p>\n<p><strong><span style=\"color: #0000ff;\"><span style=\"color: #000000;\">Kursgeb\u00fchren: 190,00 \u20ac<\/span><br \/>\nErm\u00e4\u00dfigte Kursgeb\u00fchren nur f\u00fcr Mitglieder der Deutschen Suzuki Gesellschaft:<span style=\"color: #000000;\"> <span style=\"color: #0000ff;\">100,00 \u20ac<br \/>\n<\/span><\/span><\/span><\/strong><\/p>\n<p><span style=\"color: #000000;\">Vom <b>30. April &#8211; 1. Mai 2015 <\/b>besteht au\u00dferdem die M\u00f6glichkeit, <strong>Einzelunterricht<\/strong> bei Frau Kerstin Wartberg (Suzuki-Repertoire) oder Herrn Rudolf G\u00e4hler (Zusatz-Literatur der Oberstufe) zu erhalten.<\/span><br \/>\nDas Programm wird individuell mit dem Kursteilnehmer festgelegt.<br \/>\n<span style=\"color: #0000ff;\"><strong>Dieses Angebot gilt nur f\u00fcr Mitglieder der Deutschen Suzuki Gesellschaft.<\/strong><\/span><\/p>\n<p>**************************************************************************************************<\/p>\n<h2><strong>Der Transfer zwischen Flughafen und Hotel dauert ca. 1 Stunde und erfolgt st\u00fcndlich.<\/strong><\/h2>\n<p>Bevor Sie Ihren Hin- und R\u00fcckflug buchen, rechnen Sie bitte die erforderliche Fahrt- und Wartezeit ein, um rechtzeitig am jeweiligen Ort sein zu k\u00f6nnen.<\/p>\n<p>Sie k\u00f6nnen sich auch gerne vor Ihrer Flugbuchung von uns beraten lassen.<\/p>\n<p>&nbsp;<\/p>\n<p><strong>Hier k\u00f6nnen Sie sich anmelden oder weitere Informationen erfragen:<br \/>\n<span style=\"color: #0000ff;\">suzukiteachertraining@gmail.com<\/span><\/strong><\/p>\n<h2><strong>Anmeldeschlu\u00df ist der 15. Dezember 2014<\/strong><\/h2>\n<p><a href=\"http:\/\/en.germansuzuki.com\/wp-content\/uploads\/2014\/10\/10708170_915087628506174_1121764867_n.jpg\"><img decoding=\"async\" loading=\"lazy\" class=\"alignnone  wp-image-1460\" style=\"border: 1px solid black;\" alt=\"Mallorca\" src=\"http:\/\/en.germansuzuki.com\/wp-content\/uploads\/2014\/10\/10708170_915087628506174_1121764867_n.jpg\" width=\"576\" height=\"432\" \/><\/a><\/p>\n<p>&nbsp;<\/p>\n<h2><a href=\"http:\/\/en.germansuzuki.com\/wp-content\/uploads\/2014\/10\/index.jpg\"><img decoding=\"async\" loading=\"lazy\" class=\"wp-image-1485 alignleft\" style=\"border: 10 px solid black;\" alt=\"index\" src=\"http:\/\/en.germansuzuki.com\/wp-content\/uploads\/2014\/10\/index.jpg\" width=\"91\" height=\"91\" \/><\/a><a title=\"International Suzuki Teachers Exchange\" href=\"https:\/\/www.facebook.com\/INTERNATIONALSUZUKITEACHERSEXCHANGE?ref=hl\"> International Suzuki Teachers Exchange<\/a><\/h2>\n","protected":false},"excerpt":{"rendered":"<p>INTERNATIONAL SUZUKI TEACHERS EXCHANGE 01. \u2013 03. Mai 2015 Violin Teacher Training &amp; 30. April \u2013 01. Mai 2015 Einzelunterricht \/ Intensivkurs f\u00fcr Suzuki-Violinlehrer \u00a0\u00a0\u00a0\u00a0 Anmeldeformular (hier klicken) \u00a01 1&#8230;<\/p>\n","protected":false},"author":2,"featured_media":3542,"comment_status":"open","ping_status":"open","sticky":false,"template":"","format":"standard","meta":[],"categories":[9],"tags":[],"_links":{"self":[{"href":"https:\/\/www.germansuzuki.de\/index.php?rest_route=\/wp\/v2\/posts\/5299"}],"collection":[{"href":"https:\/\/www.germansuzuki.de\/index.php?rest_route=\/wp\/v2\/posts"}],"about":[{"href":"https:\/\/www.germansuzuki.de\/index.php?rest_route=\/wp\/v2\/types\/post"}],"author":[{"embeddable":true,"href":"https:\/\/www.germansuzuki.de\/index.php?rest_route=\/wp\/v2\/users\/2"}],"replies":[{"embeddable":true,"href":"https:\/\/www.germansuzuki.de\/index.php?rest_route=%2Fwp%2Fv2%2Fcomments&post=5299"}],"version-history":[{"count":19,"href":"https:\/\/www.germansuzuki.de\/index.php?rest_route=\/wp\/v2\/posts\/5299\/revisions"}],"predecessor-version":[{"id":5319,"href":"https:\/\/www.germansuzuki.de\/index.php?rest_route=\/wp\/v2\/posts\/5299\/revisions\/5319"}],"wp:featuredmedia":[{"embeddable":true,"href":"https:\/\/www.germansuzuki.de\/index.php?rest_route=\/wp\/v2\/media\/3542"}],"wp:attachment":[{"href":"https:\/\/www.germansuzuki.de\/index.php?rest_route=%2Fwp%2Fv2%2Fmedia&parent=5299"}],"wp:term":[{"taxonomy":"category","embeddable":true,"href":"https:\/\/www.germansuzuki.de\/index.php?rest_route=%2Fwp%2Fv2%2Fcategories&post=5299"},{"taxonomy":"post_tag","embeddable":true,"href":"https:\/\/www.germansuzuki.de\/index.php?rest_route=%2Fwp%2Fv2%2Ftags&post=5299"}],"curies":[{"name":"wp","href":"https:\/\/api.w.org\/{rel}","templated":true}]}}