{"id":5242,"date":"2014-10-15T13:08:02","date_gmt":"2014-10-15T11:08:02","guid":{"rendered":"http:\/\/www.germansuzuki.com\/?p=5242"},"modified":"2014-10-16T07:09:33","modified_gmt":"2014-10-16T05:09:33","slug":"international-suzuki-teachers-exchange","status":"publish","type":"post","link":"https:\/\/www.germansuzuki.de\/?p=5242","title":{"rendered":"INTERNATIONAL SUZUKI TEACHERS EXCHANGE"},"content":{"rendered":"<h2 style=\"text-align: center;\"><b>HERZLICH WILLKOMMEN<\/b><\/h2>\n<p style=\"text-align: center;\">beim<br \/>\n<span style=\"color: #0000ff;\"><strong>INTERNATIONAL SUZUKI TEACHERS EXCHANGE<\/strong>,<br \/>\n<\/span><strong>der Internationalen Suzukilehrer-Austauschb\u00f6rse.<\/strong><\/p>\n<p style=\"text-align: left;\">Hier versammeln sich Suzuki-Lehrer aus aller Welt, um sich gegenseitig auszutauschen, zu treffen und voneinander zu lernen.<\/p>\n<p style=\"text-align: left;\"><span style=\"color: #0000ff;\"><strong>INTERNATIONAL SUZUKI TEACHERS EXCHANGE <\/strong><span style=\"color: #000000;\">richtet<\/span><\/span> sich an Lehrer aller Stufen &#8211; vom Neuling bis hin zum \u201eUrgestein der Suzuki-Welt\u201c &#8211; und will ganz besonders die Idee verdeutlichen, dass lebenslanges Lernen f\u00fcr jeden <b><i>Suzukilehrer <\/i><\/b>eine niemals endende Verpflichtung ist, um seine eigenen F\u00e4higkeiten kontinuierlich weiter zu entwickeln.<\/p>\n<blockquote>\n<p style=\"text-align: center;\"><span style=\"color: #000000;\"><em><strong>Bis zu unserem Tod d\u00fcrfen wir weder Zeit noch M\u00fche scheuen,<br \/>\num unsere Schw\u00e4chen in Verdienste zu verwandeln.<\/strong><\/em><\/span><br \/>\n<span style=\"color: #000000;\"><em>Shinichi Suzuki<\/em><\/span><\/p>\n<\/blockquote>\n<h2><\/h2>\n<h2 style=\"text-align: center;\"><b>Bevorstehende Veranstaltungen<\/b><\/h2>\n<h2 style=\"text-align: center;\"><span style=\"color: #000000;\">Mallorca \/ Spanien &#8211; Mai 2015<\/span><br \/>\n<span style=\"color: #000000;\"> Kalifornien \/ USA &#8211; Juli 2015<\/span><br \/>\n<span style=\"color: #000000;\"> Remscheid \/ Deutschland &#8211; November 2015<\/span><br \/>\n<span style=\"color: #000000;\"> London \/ England &#8211; Januar 2016<b><br \/>\n<\/b><\/span><\/h2>\n<p style=\"text-align: center;\"><a href=\"http:\/\/en.germansuzuki.com\/wp-content\/uploads\/2014\/10\/Mallorca_TT.jpg\"><img decoding=\"async\" loading=\"lazy\" class=\"wp-image-1451 aligncenter\" style=\"border: 1px solid black;\" alt=\"Mallorca_TT\" src=\"http:\/\/en.germansuzuki.com\/wp-content\/uploads\/2014\/10\/Mallorca_TT-724x1024.jpg\" width=\"573\" height=\"811\" \/><\/a><\/p>\n<p>&nbsp;<\/p>\n<h2><a title=\"Hotel Sentido Castell de Mar\" href=\"http:\/\/de.sentidohotelcastelldemar.com\/\">Hotel Sentido Castell de Mar<\/a> <img decoding=\"async\" alt=\"\\bigstar\\bigstar\\bigstar\\bigstar\" src=\"http:\/\/upload.wikimedia.org\/math\/1\/4\/c\/14c83d6aaab03691d193811e9f942634.png\" \/><\/h2>\n<p>Dieses 4-Sterne-Hotel bietet wenige Meter vom Strand entfernt eine wundervolle Aussicht \u00fcber die Bucht von Cala Millor sowie kostenloses WLAN und kostenfreien Zugang zu den Hotelpools, einem Fitnessraum und einem Whirlpool.<\/p>\n<p>Das Sentido Castell de Mar verf\u00fcgt \u00fcber elegante Zimmer mit Klimaanlage und Heizung. Die meisten bieten einen eigenen Balkon und alle Zimmer sind mit einem Safe, einem Schreibtisch und Sat-TV ausgestattet.<\/p>\n<p><a href=\"http:\/\/en.germansuzuki.com\/wp-content\/uploads\/2014\/10\/playa-cala-millor_1.jpg\"><img decoding=\"async\" loading=\"lazy\" class=\"alignnone  wp-image-1465\" style=\"border: 1px solid black;\" alt=\"playa-cala-millor_1\" src=\"http:\/\/en.germansuzuki.com\/wp-content\/uploads\/2014\/10\/playa-cala-millor_1-1024x395.jpg\" width=\"570\" height=\"221\" \/><\/a><br \/>\n<b><\/b><\/p>\n<h2><b>Ein 4-Sterne-Hotel direkt am Meer<br \/>\nzu \u00e4u\u00dferst g\u00fcnstigen Preisen<\/b><\/h2>\n<p><span style=\"color: #0000ff;\"><strong>Unsere Teilnehmer und ihre Familienangeh\u00f6rigen erhalten sensationell g\u00fcnstige Preise:<br \/>\n<\/strong><\/span><\/p>\n<p><span style=\"color: #0000ff;\"><strong>Doppelzimmer<\/strong><\/span> Standard &amp;\u00a0<span style=\"color: #0000ff;\"><strong>Halbpension<\/strong><br \/>\n<\/span> <span style=\"color: #008000;\"><strong>47,00 \u20ac pro Tag \/ Person<\/strong><\/span><\/p>\n<p><span style=\"color: #0000ff;\"><strong>Doppelzimmer\u00a0<\/strong><\/span>mit Meeresblick &amp;\u00a0<span style=\"color: #0000ff;\"><strong><strong>Halbpension<\/strong><br \/>\n<\/strong><\/span><strong><span style=\"color: #008000;\">51,00 \u20ac pro Tag \/ Person<\/span><\/strong><\/p>\n<p>Doppelzimmer\u00a0Standard zur <span style=\"color: #0000ff;\"><strong>Einzelnutzung <\/strong><\/span>&amp; <span style=\"color: #0000ff;\"><strong>Halbpension<\/strong><\/span><br \/>\n<span style=\"color: #008000;\"><strong>67,00 \u20ac pro Tag \/ Person<\/strong><\/span><\/p>\n<p>Doppelzimmer mit Meeresblick zur\u00a0<span style=\"color: #0000ff;\"><strong><strong>Einzelnutzung<\/strong> <\/strong><\/span>&amp;\u00a0<span style=\"color: #0000ff;\"><strong><strong>Halbpension<\/strong> <\/strong><\/span><br \/>\n<strong><span style=\"color: #008000;\">69,00 \u20ac pro Tag \/ Person<\/span><\/strong><\/p>\n<p>**************************************************************************************************<\/p>\n<h2><strong>Kursinformationen<\/strong><\/h2>\n<p>Es finden drei parallele Intensivkurse f\u00fcr die <strong>Hefte 1, 3 und 7<\/strong> statt.<br \/>\n<strong><br \/>\nKursbeginn: 1. Mai 2015, 15:00 Uhr<\/strong><br \/>\n<strong>Kursende: 3. Mai 2015, 15:00 Uhr<\/strong><\/p>\n<p><strong><span style=\"color: #0000ff;\"><span style=\"color: #000000;\">Kursgeb\u00fchren: 190,00 \u20ac<\/span><br \/>\nErm\u00e4\u00dfigte Kursgeb\u00fchren nur f\u00fcr Mitglieder der Deutschen Suzuki Gesellschaft:<span style=\"color: #000000;\"> <span style=\"color: #0000ff;\">100,00 \u20ac<br \/>\n<\/span><\/span><\/span><\/strong><\/p>\n<p><span style=\"color: #000000;\">Vom <b>30. April &#8211; 1. Mai 2015 <\/b>besteht au\u00dferdem die M\u00f6glichkeit, <strong>Einzelunterricht<\/strong> bei Frau Kerstin Wartberg (Suzuki-Repertoire) oder Herrn Rudolf G\u00e4hler (Zusatz-Literatur der Oberstufe) zu erhalten.<\/span><br \/>\nDas Programm wird individuell mit dem Kursteilnehmer festgelegt.<br \/>\n<span style=\"color: #0000ff;\"><strong>Dieses Angebot gilt nur f\u00fcr Mitglieder der Deutschen Suzuki Gesellschaft.<\/strong><\/span><\/p>\n<p>**************************************************************************************************<\/p>\n<h2><strong>Der Transfer zwischen Flughafen und Hotel dauert ca. 1 Stunde und erfolgt st\u00fcndlich.<\/strong><\/h2>\n<p>Bevor Sie Ihren Hin- und R\u00fcckflug buchen, rechnen Sie bitte die erforderliche Fahrt- und Wartezeit ein, um rechtzeitig am jeweiligen Ort sein zu k\u00f6nnen.<\/p>\n<p>Sie k\u00f6nnen sich auch gerne vor Ihrer Flugbuchung von uns beraten lassen.<\/p>\n<p>&nbsp;<\/p>\n<p><strong>Hier k\u00f6nnen Sie sich anmelden oder weitere Informationen erfragen:<br \/>\n<span style=\"color: #0000ff;\">suzukiteachertraining@gmail.com<\/span><\/strong><\/p>\n<h2><strong>Anmeldeschlu\u00df ist der 15. Dezember 2014<\/strong><\/h2>\n<p><a href=\"http:\/\/en.germansuzuki.com\/wp-content\/uploads\/2014\/10\/10708170_915087628506174_1121764867_n.jpg\"><img decoding=\"async\" loading=\"lazy\" class=\"alignnone  wp-image-1460\" style=\"border: 1px solid black;\" alt=\"Mallorca\" src=\"http:\/\/en.germansuzuki.com\/wp-content\/uploads\/2014\/10\/10708170_915087628506174_1121764867_n.jpg\" width=\"576\" height=\"432\" \/><\/a><\/p>\n<p>&nbsp;<\/p>\n<h2><a href=\"http:\/\/en.germansuzuki.com\/wp-content\/uploads\/2014\/10\/index.jpg\"><img decoding=\"async\" loading=\"lazy\" class=\"wp-image-1485 alignleft\" style=\"border: 10 px solid black;\" alt=\"index\" src=\"http:\/\/en.germansuzuki.com\/wp-content\/uploads\/2014\/10\/index.jpg\" width=\"91\" height=\"91\" \/><\/a><a title=\"International Suzuki Teachers Exchange\" href=\"https:\/\/www.facebook.com\/INTERNATIONALSUZUKITEACHERSEXCHANGE?ref=hl\"> International Suzuki Teachers Exchange<\/a><\/h2>\n","protected":false},"excerpt":{"rendered":"<p>HERZLICH WILLKOMMEN beim INTERNATIONAL SUZUKI TEACHERS EXCHANGE, der Internationalen Suzukilehrer-Austauschb\u00f6rse. Hier versammeln sich Suzuki-Lehrer aus aller Welt, um sich gegenseitig auszutauschen, zu treffen und voneinander zu lernen. INTERNATIONAL SUZUKI TEACHERS&#8230;<\/p>\n","protected":false},"author":2,"featured_media":0,"comment_status":"open","ping_status":"open","sticky":false,"template":"","format":"standard","meta":[],"categories":[21,9],"tags":[],"_links":{"self":[{"href":"https:\/\/www.germansuzuki.de\/index.php?rest_route=\/wp\/v2\/posts\/5242"}],"collection":[{"href":"https:\/\/www.germansuzuki.de\/index.php?rest_route=\/wp\/v2\/posts"}],"about":[{"href":"https:\/\/www.germansuzuki.de\/index.php?rest_route=\/wp\/v2\/types\/post"}],"author":[{"embeddable":true,"href":"https:\/\/www.germansuzuki.de\/index.php?rest_route=\/wp\/v2\/users\/2"}],"replies":[{"embeddable":true,"href":"https:\/\/www.germansuzuki.de\/index.php?rest_route=%2Fwp%2Fv2%2Fcomments&post=5242"}],"version-history":[{"count":21,"href":"https:\/\/www.germansuzuki.de\/index.php?rest_route=\/wp\/v2\/posts\/5242\/revisions"}],"predecessor-version":[{"id":5275,"href":"https:\/\/www.germansuzuki.de\/index.php?rest_route=\/wp\/v2\/posts\/5242\/revisions\/5275"}],"wp:attachment":[{"href":"https:\/\/www.germansuzuki.de\/index.php?rest_route=%2Fwp%2Fv2%2Fmedia&parent=5242"}],"wp:term":[{"taxonomy":"category","embeddable":true,"href":"https:\/\/www.germansuzuki.de\/index.php?rest_route=%2Fwp%2Fv2%2Fcategories&post=5242"},{"taxonomy":"post_tag","embeddable":true,"href":"https:\/\/www.germansuzuki.de\/index.php?rest_route=%2Fwp%2Fv2%2Ftags&post=5242"}],"curies":[{"name":"wp","href":"https:\/\/api.w.org\/{rel}","templated":true}]}}