{"id":5234,"date":"2014-10-02T16:03:23","date_gmt":"2014-10-02T14:03:23","guid":{"rendered":"http:\/\/www.germansuzuki.com\/?p=5234"},"modified":"2014-10-02T16:04:56","modified_gmt":"2014-10-02T14:04:56","slug":"5234","status":"publish","type":"post","link":"https:\/\/www.germansuzuki.de\/?p=5234","title":{"rendered":"Orchester &#8211; und Kammermusikprojekt"},"content":{"rendered":"<h2 style=\"text-align: left;\"><strong>An alle jungen Streicher!<\/strong><\/h2>\n<p style=\"text-align: left;\"><strong><\/strong>Unser Mitglied <em><strong>Annette Seyfried<\/strong><\/em> l\u00e4dt zu einer \u00e4u\u00dferst interessanten Veranstaltung ein.<\/p>\n<p style=\"text-align: left;\"><a href=\"http:\/\/www.germansuzuki.com\/wp-content\/uploads\/2014\/10\/Seyfried1.jpg\"><img decoding=\"async\" loading=\"lazy\" class=\"size-full wp-image-5235 alignnone\" alt=\"Seyfried1\" src=\"http:\/\/www.germansuzuki.com\/wp-content\/uploads\/2014\/10\/Seyfried1.jpg\" width=\"268\" height=\"600\" srcset=\"https:\/\/www.germansuzuki.de\/wp-content\/uploads\/2014\/10\/Seyfried1.jpg 268w, https:\/\/www.germansuzuki.de\/wp-content\/uploads\/2014\/10\/Seyfried1-134x300.jpg 134w\" sizes=\"(max-width: 268px) 100vw, 268px\" \/><\/a><\/p>\n<p>&nbsp;<\/p>\n<h2>Mehr Informationen k\u00f6nnen Sie HIER abrufen:<br \/>\n<a href=\"http:\/\/www.germansuzuki.com\/wp-content\/uploads\/2014\/10\/Flyer-Herbstakademie-der-Jungen-Streicherakademie.pdf\">Flyer Herbstakademie der Jungen Streicherakademie.pdf<\/a><\/h2>\n","protected":false},"excerpt":{"rendered":"<p>An alle jungen Streicher! Unser Mitglied Annette Seyfried l\u00e4dt zu einer \u00e4u\u00dferst interessanten Veranstaltung ein. &nbsp; Mehr Informationen k\u00f6nnen Sie HIER abrufen: Flyer Herbstakademie der Jungen Streicherakademie.pdf<\/p>\n","protected":false},"author":2,"featured_media":0,"comment_status":"open","ping_status":"open","sticky":false,"template":"","format":"standard","meta":[],"categories":[9],"tags":[],"_links":{"self":[{"href":"https:\/\/www.germansuzuki.de\/index.php?rest_route=\/wp\/v2\/posts\/5234"}],"collection":[{"href":"https:\/\/www.germansuzuki.de\/index.php?rest_route=\/wp\/v2\/posts"}],"about":[{"href":"https:\/\/www.germansuzuki.de\/index.php?rest_route=\/wp\/v2\/types\/post"}],"author":[{"embeddable":true,"href":"https:\/\/www.germansuzuki.de\/index.php?rest_route=\/wp\/v2\/users\/2"}],"replies":[{"embeddable":true,"href":"https:\/\/www.germansuzuki.de\/index.php?rest_route=%2Fwp%2Fv2%2Fcomments&post=5234"}],"version-history":[{"count":4,"href":"https:\/\/www.germansuzuki.de\/index.php?rest_route=\/wp\/v2\/posts\/5234\/revisions"}],"predecessor-version":[{"id":5240,"href":"https:\/\/www.germansuzuki.de\/index.php?rest_route=\/wp\/v2\/posts\/5234\/revisions\/5240"}],"wp:attachment":[{"href":"https:\/\/www.germansuzuki.de\/index.php?rest_route=%2Fwp%2Fv2%2Fmedia&parent=5234"}],"wp:term":[{"taxonomy":"category","embeddable":true,"href":"https:\/\/www.germansuzuki.de\/index.php?rest_route=%2Fwp%2Fv2%2Fcategories&post=5234"},{"taxonomy":"post_tag","embeddable":true,"href":"https:\/\/www.germansuzuki.de\/index.php?rest_route=%2Fwp%2Fv2%2Ftags&post=5234"}],"curies":[{"name":"wp","href":"https:\/\/api.w.org\/{rel}","templated":true}]}}