{"id":5216,"date":"2014-10-01T08:17:14","date_gmt":"2014-10-01T06:17:14","guid":{"rendered":"http:\/\/www.germansuzuki.com\/?p=5216"},"modified":"2014-10-01T18:10:53","modified_gmt":"2014-10-01T16:10:53","slug":"wolfhager-suzuki-cello-tage-2015","status":"publish","type":"post","link":"https:\/\/www.germansuzuki.de\/?p=5216","title":{"rendered":"Wolfhager Suzuki-Cello-Tage 2015"},"content":{"rendered":"<h2 style=\"text-align: center;\"><strong>Herzliche Einladung an alle Cellisten!<\/strong><\/h2>\n<h2 style=\"text-align: left;\"><strong><\/strong><br \/>\n<a href=\"http:\/\/www.germansuzuki.com\/wp-content\/uploads\/2014\/10\/plakat_WEB.jpg\"><img decoding=\"async\" loading=\"lazy\" class=\"size-full wp-image-5217 alignnone\" alt=\"plakat_WEB\" src=\"http:\/\/www.germansuzuki.com\/wp-content\/uploads\/2014\/10\/plakat_WEB.jpg\" width=\"582\" height=\"821\" \/><\/a><\/h2>\n<p>&nbsp;<\/p>\n<p>Anmeldeschluss ist der 31. M\u00e4rz 2015. N\u00e4here Informationen auch unter <a title=\"www.musikschule.de.vu\" href=\"http:\/\/www.musikschule.de.vu\" target=\"_blank\">www.musikschule.de.vu<\/a> !<\/p>\n<p>Das Anmeldeformular k\u00f6nnen Sie hier abrufen: <a title=\"PDF\" href=\"http:\/\/www.germansuzuki.com\/wp-content\/uploads\/2014\/10\/Wolfhager-Suzuki-Cello-Tage-Anmeldung.pdf\" target=\"_blank\">PDF<\/a> \/ <a title=\"WORD\" href=\"http:\/\/www.germansuzuki.com\/wp-content\/uploads\/2014\/10\/Wolfhager-Suzuki-Cello-Tage-Anmeldung.docx\" target=\"_blank\">WORD<\/a><\/p>\n","protected":false},"excerpt":{"rendered":"<p>Herzliche Einladung an alle Cellisten! &nbsp; Anmeldeschluss ist der 31. M\u00e4rz 2015. N\u00e4here Informationen auch unter www.musikschule.de.vu ! Das Anmeldeformular k\u00f6nnen Sie hier abrufen: PDF \/ WORD<\/p>\n","protected":false},"author":2,"featured_media":5217,"comment_status":"closed","ping_status":"closed","sticky":false,"template":"","format":"standard","meta":[],"categories":[9],"tags":[],"_links":{"self":[{"href":"https:\/\/www.germansuzuki.de\/index.php?rest_route=\/wp\/v2\/posts\/5216"}],"collection":[{"href":"https:\/\/www.germansuzuki.de\/index.php?rest_route=\/wp\/v2\/posts"}],"about":[{"href":"https:\/\/www.germansuzuki.de\/index.php?rest_route=\/wp\/v2\/types\/post"}],"author":[{"embeddable":true,"href":"https:\/\/www.germansuzuki.de\/index.php?rest_route=\/wp\/v2\/users\/2"}],"replies":[{"embeddable":true,"href":"https:\/\/www.germansuzuki.de\/index.php?rest_route=%2Fwp%2Fv2%2Fcomments&post=5216"}],"version-history":[{"count":11,"href":"https:\/\/www.germansuzuki.de\/index.php?rest_route=\/wp\/v2\/posts\/5216\/revisions"}],"predecessor-version":[{"id":5232,"href":"https:\/\/www.germansuzuki.de\/index.php?rest_route=\/wp\/v2\/posts\/5216\/revisions\/5232"}],"wp:featuredmedia":[{"embeddable":true,"href":"https:\/\/www.germansuzuki.de\/index.php?rest_route=\/wp\/v2\/media\/5217"}],"wp:attachment":[{"href":"https:\/\/www.germansuzuki.de\/index.php?rest_route=%2Fwp%2Fv2%2Fmedia&parent=5216"}],"wp:term":[{"taxonomy":"category","embeddable":true,"href":"https:\/\/www.germansuzuki.de\/index.php?rest_route=%2Fwp%2Fv2%2Fcategories&post=5216"},{"taxonomy":"post_tag","embeddable":true,"href":"https:\/\/www.germansuzuki.de\/index.php?rest_route=%2Fwp%2Fv2%2Ftags&post=5216"}],"curies":[{"name":"wp","href":"https:\/\/api.w.org\/{rel}","templated":true}]}}