{"id":5147,"date":"2014-05-19T12:03:41","date_gmt":"2014-05-19T10:03:41","guid":{"rendered":"http:\/\/www.germansuzuki.com\/?p=5147"},"modified":"2014-05-19T12:27:19","modified_gmt":"2014-05-19T10:27:19","slug":"zitate-zum-nachdenken-frueh-uebt-sich","status":"publish","type":"post","link":"https:\/\/www.germansuzuki.de\/?p=5147","title":{"rendered":"Zitate zum Nachdenken: Fr\u00fch \u00fcbt sich &#8230;"},"content":{"rendered":"<p><iframe loading=\"lazy\" src=\"\/\/www.youtube.com\/embed\/JHy6bBKu0j4\" height=\"335\" width=\"593\" allowfullscreen=\"\" frameborder=\"0\"><\/iframe><\/p>\n<h2><span style=\"color: #0000ff;\"><strong>Zitate zum Nachdenken<\/strong><\/span><\/h2>\n<p><span style=\"color: #000000;\"><em>aus<\/em><strong> <\/strong><strong>&#8222;Erziehung ist Liebe&#8220; von <\/strong><\/span><em><strong><span style=\"color: #000000;\">Shinichi Suzuki<\/span> <\/strong><\/em><\/p>\n<h2><span style=\"color: #000000;\"><em><b>\u201eBis zu unserem Tod d\u00fcrfen wir weder Zeit noch M\u00fche scheuen, um unsere Schw\u00e4chen <\/b><\/em><\/span><strong><em><b><span style=\"color: #000000;\">in Verdienste zu verwandeln.\u201c<\/span> <\/b><\/em><\/strong><\/h2>\n<p><span style=\"color: #000000;\">Dieser kurze Film (2\u00bd Min.) zeigt auf sehr anschauliche Weise, wie <strong>Suzukis Leitidee des lebenslangen Lernens<\/strong> von der Kindheit bis ins Alter auch in der Natur lebendige Praxis ist.<\/span><\/p>\n","protected":false},"excerpt":{"rendered":"<p>Zitate zum Nachdenken aus &#8222;Erziehung ist Liebe&#8220; von Shinichi Suzuki \u201eBis zu unserem Tod d\u00fcrfen wir weder Zeit noch M\u00fche scheuen, um unsere Schw\u00e4chen in Verdienste zu verwandeln.\u201c Dieser kurze&#8230;<\/p>\n","protected":false},"author":2,"featured_media":0,"comment_status":"open","ping_status":"open","sticky":false,"template":"","format":"standard","meta":[],"categories":[1],"tags":[],"_links":{"self":[{"href":"https:\/\/www.germansuzuki.de\/index.php?rest_route=\/wp\/v2\/posts\/5147"}],"collection":[{"href":"https:\/\/www.germansuzuki.de\/index.php?rest_route=\/wp\/v2\/posts"}],"about":[{"href":"https:\/\/www.germansuzuki.de\/index.php?rest_route=\/wp\/v2\/types\/post"}],"author":[{"embeddable":true,"href":"https:\/\/www.germansuzuki.de\/index.php?rest_route=\/wp\/v2\/users\/2"}],"replies":[{"embeddable":true,"href":"https:\/\/www.germansuzuki.de\/index.php?rest_route=%2Fwp%2Fv2%2Fcomments&post=5147"}],"version-history":[{"count":8,"href":"https:\/\/www.germansuzuki.de\/index.php?rest_route=\/wp\/v2\/posts\/5147\/revisions"}],"predecessor-version":[{"id":5155,"href":"https:\/\/www.germansuzuki.de\/index.php?rest_route=\/wp\/v2\/posts\/5147\/revisions\/5155"}],"wp:attachment":[{"href":"https:\/\/www.germansuzuki.de\/index.php?rest_route=%2Fwp%2Fv2%2Fmedia&parent=5147"}],"wp:term":[{"taxonomy":"category","embeddable":true,"href":"https:\/\/www.germansuzuki.de\/index.php?rest_route=%2Fwp%2Fv2%2Fcategories&post=5147"},{"taxonomy":"post_tag","embeddable":true,"href":"https:\/\/www.germansuzuki.de\/index.php?rest_route=%2Fwp%2Fv2%2Ftags&post=5147"}],"curies":[{"name":"wp","href":"https:\/\/api.w.org\/{rel}","templated":true}]}}