{"id":5114,"date":"2014-05-18T12:24:35","date_gmt":"2014-05-18T10:24:35","guid":{"rendered":"http:\/\/www.germansuzuki.com\/?p=5114"},"modified":"2014-09-09T14:29:46","modified_gmt":"2014-09-09T12:29:46","slug":"kompaktseminar-fuer-geiger-und-cellisten","status":"publish","type":"post","link":"https:\/\/www.germansuzuki.de\/?p=5114","title":{"rendered":"Kompaktseminar f\u00fcr Geiger und Cellisten"},"content":{"rendered":"<h1><span style=\"color: #993300;\">01.\/02.11.2014<\/span><\/h1>\n<p><span style=\"color: #000000;\"><strong>Beginn: <\/strong>Samstag, 01. November 2014, 14:30 Uhr<strong><br \/>\nEnde: <\/strong>Sonntag, 02. November 2014, 15:00 Uhr<\/span><\/p>\n<h2><span style=\"color: #000000;\"><strong>Einf\u00fchrungskurs in die Suzuki-Methode<\/strong><\/span><br \/>\n<span style=\"color: #000000;\"> <strong> &amp;<\/strong><\/span><br \/>\n<span style=\"color: #000000;\"><strong><span style=\"color: #000000;\"> Kurs mit Simon Fischer<\/span><br \/>\n<\/strong><\/span><\/h2>\n<h2><\/h2>\n<h2><span style=\"color: #993300;\"><a href=\"http:\/\/www.kursanmeldung.germansuzuki.com\/kompaktseminar\/kompaktseminar.html\"><span style=\"color: #993300;\"><strong>Online-Kursanmeldung<\/strong><\/span><\/a><\/span><\/h2>\n<p><strong><a href=\"http:\/\/www.germansuzuki.com\/wp-content\/uploads\/2013\/04\/Geigerschlange_orig_bearb.jpg\"><img decoding=\"async\" loading=\"lazy\" class=\"alignnone size-full wp-image-4392\" style=\"border: 1px solid black;\" title=\"Geigerschlange_orig_bearb\" alt=\"\" src=\"http:\/\/www.germansuzuki.com\/wp-content\/uploads\/2013\/04\/Geigerschlange_orig_bearb.jpg\" width=\"334\" height=\"236\" \/><\/a><\/strong><\/p>\n<p><span style=\"color: #000000;\"><strong>\u00a0<\/strong><\/span><\/p>\n<h2><span style=\"color: #993300;\"><strong>A. Einf\u00fchrungskurs in die Suzuki-Methode<\/strong><\/span><\/h2>\n<p><span style=\"color: #000000;\"><strong>Suzukis Unterrichtskonzept<\/strong>, auch <em>Muttersprachenmethode<\/em> genannt, hat sich in vielen L\u00e4ndern der Welt durchgesetzt und ist u.a. wegen seiner Systematik sehr beliebt. Es bietet den interessierten Lehrern einen Schatz an jahrzehntelangen Erfahrungen im Bereich der <strong>Breiten- aber auch der Begabtenf\u00f6rderung <\/strong>und der <strong>Kombination von Gruppen- und Einzelunterricht.<\/strong><\/span><\/p>\n<p><span style=\"color: #000000;\">Ein wesentliches Merkmal der Muttersprachenmethode ist der Verzicht auf Noten w\u00e4hrend der ersten Unterrichtszeit. Beim Musizieren stehen die Schulung des Geh\u00f6rs, die Konzentration auf den Rhythmus und die Intonation, die Haltung, der Bewegungsablauf beim Spielen, der Klang und der Ausdruck im Vordergrund.<\/span><\/p>\n<p><span style=\"color: #000000;\">So gehen die <strong>elementaren Zusammenh\u00e4nge <\/strong>zwischen <strong>H\u00f6ren, Vorstellen, F\u00fchlen und Spielen<\/strong> unmittelbar ineinander \u00fcber. Von Anfang an erlebt Ihr Kind die Musik als ein lebendiges Ganzes und mu\u00df sie sich <em>nicht analytisch<\/em> erarbeiten.<\/span><\/p>\n<p><span style=\"color: #000000;\">Auch dieser Schritt kann von dem <strong>nat\u00fcrlichen Vorgang des Sprechenlernens<\/strong> abgeleitet werden: <strong>Zuerst Sprechen, danach Lesen<\/strong>. Die Teilnehmer erhalten schwerpunktm\u00e4\u00dfig einen Einblick in die Unterstufenarbeit, aber auch Ausblicke in die Mittel- und Oberstufe.<\/span><\/p>\n<p><span style=\"color: #000000;\"><strong>Bitte bringen Sie Ihr Instrument mit, da wir viele \u00dcbungen und Unterrichtsspiele ausprobieren wollen!<\/strong><\/span><\/p>\n<p>&nbsp;<\/p>\n<h2><span style=\"color: #993300;\"><strong>B. Kurs mit Simon Fischer<\/strong><\/span><\/h2>\n<p><strong><em> <img decoding=\"async\" loading=\"lazy\" class=\"alignnone\" style=\"border: 1px solid black;\" alt=\"\" src=\"http:\/\/suzukiteachingideas.germansuzuki.com\/wp-content\/uploads\/2013\/11\/Fischer+Heidi.jpg\" width=\"428\" height=\"321\" \/><\/em><\/strong><\/p>\n<p><span style=\"color: #000000;\"><strong>Der weltweit bekannte Geiger, P\u00e4dagoge und Buchautor aus London SIMON FISCHER h\u00e4lt ein Kompaktseminar f\u00fcr Violin-, Viola- und Cellolehrer.<br \/>\n<\/strong><\/span><\/p>\n<p>Seine These hei\u00dft: &#8222;You can do anything on the instrument, if you just break it down, step-by-step.&#8220;<\/p>\n<p style=\"text-align: left;\"><strong><span style=\"color: #000000;\"><strong><em><a href=\"http:\/\/www.youtube.com\/watch?v=qQ_DIjcUo64\">In diesem Video<\/a> <\/em><\/strong>k\u00f6nnen Sie sich einen Eindruck von Simon Fischer\u2019s umfangreichem Wissen verschaffen.<\/span><\/strong><\/p>\n<p>Simon Fischer wird seinen <strong>Vortrag auf Englisch<\/strong> halten, der <strong>abschnittsweise von einem \u00dcbersetzer ins Deutsche <\/strong>\u00fcbertragen wird. Die praktische Anwendung wird in mehreren Lehrproben mit Kindern, Studenten und Lehrern lebendig demonstriert.<\/p>\n<p>Simon Fischer referiert und unterrichtet auf unserem Workshop <strong>Geiger, Bratscher und auch Cellisten<\/strong>.<\/p>\n<h5><strong><em><br \/>\n<\/em><\/strong><\/h5>\n<table style=\"height: 1px;\" width=\"90\" border=\"0\" cellspacing=\"0\" cellpadding=\"0\">\n<tbody>\n<tr>\n<td valign=\"top\" width=\"357\"><span style=\"color: #000000;\">\u00a0<\/span><\/td>\n<td valign=\"top\" width=\"351\"><span style=\"color: #000000;\">\u00a0<\/span><\/td>\n<\/tr>\n<\/tbody>\n<\/table>\n<h2><span style=\"color: #993300;\"><strong>Weitere Konferenz-Beitr\u00e4ge u.a.:<\/strong><\/span><\/h2>\n<p><span style=\"color: #000000;\"><strong>Musikunterricht mit ADS\/ADHS-Kindern<em><br \/>\nProblematisches Verhalten: Konfliktl\u00f6sungen im Unterrichtsalltag<\/em><\/strong><\/span><br \/>\n<span style=\"color: #000000;\"> Referentin ist die Kinder\u00e4rztin Dr. <em>Ingrid Schlenk<\/em><\/span><\/p>\n<p><span style=\"color: #000000;\"><strong>Spielerischer Unterricht mit Vorschulkindern<br \/>\nDie Chance der fr\u00fchen Jahre nutzen<\/strong><\/span><br \/>\n<span style=\"color: #000000;\"> Erfahrene Fr\u00fchinstrumentalp\u00e4dagogen geben Einblicke in ihre Unterrichtsmodelle<\/span><\/p>\n<p><span style=\"color: #000000;\">Wir haben f\u00fcr Sie ein kompaktes Programm zusammengestellt, das von der instrumentalen Fr\u00fcherziehung bis hin zur Verbesserung Ihrer eigenen instrumentalen Spielf\u00e4higkeit reicht. In der Kursgeb\u00fchr ist umfangreiches Material in Form von Notenheften, B\u00fcchern und CDs enthalten.\u00a0 <strong><br \/>\n<\/strong><\/span><\/p>\n<p>&nbsp;<\/p>\n<h2><span style=\"color: #993300;\"><strong>Zus\u00e4tzliches Angebot f\u00fcr interessierte Violin- und Cellolehrer<\/strong><\/span><\/h2>\n<p><span style=\"color: #000000;\"><span style=\"color: #993300;\"><strong>Beginn: <\/strong><\/span>Sonntag, 02. November 2014, 16:30 Uhr<strong><br \/>\n<span style=\"color: #993300;\"><strong>Ende: <\/strong><\/span><\/strong>Montag, 03. November 2014, 13:30 Uhr<\/span><\/p>\n<h2><span style=\"color: #000000;\"><span style=\"color: #993300;\"><br \/>\n<strong>Intensivkurs:<\/strong> <\/span><strong><\/strong><span style=\"color: #993300;\"><b>Ziele im ersten Unterrichtsjahr<\/b><\/span><\/span><\/h2>\n<p><span style=\"color: #000000;\"><b><span style=\"text-decoration: underline;\">Kurzbeschreibung:<\/span><\/b><\/span><\/p>\n<p><span style=\"color: #000000;\">Erfahrene Suzuki-Lehrer aus verschiedenen europ\u00e4ischen L\u00e4ndern und den USA berichten \u00fcber ihren ganz pers\u00f6nlichen Weg, das erste Unterrichtsjahr zu gestalten.<\/span><br \/>\n<span style=\"color: #000000;\"> Welche instrumentaltechnischen und musikalischen Ziele stehen f\u00fcr sie im Vordergrund und wie setzen sie diese bei ihren Sch\u00fclern um? Wie entwickeln sie in ihnen Ausdauer, Disziplin und Konzentrationsf\u00e4higkeit? Wie helfen sie den Eltern, ihre Kinder effektiv zu unterst\u00fctzen?<\/span><\/p>\n<p><span style=\"color: #000000;\"><strong><br \/>\n<\/strong><\/span><\/p>\n<p><span style=\"color: #000000;\"><strong><span style=\"color: #993300;\">Kursleitung:<\/span><br \/>\n<\/strong>Kerstin Wartberg<\/span><\/p>\n<p><span style=\"color: #993300;\"><strong>Tagungsort:<\/strong><\/span><br \/>\n<span style=\"color: #000000;\"> Akademie Remscheid f\u00fcr musische Bildung und Medienerziehung<\/span><br \/>\n<span style=\"color: #000000;\"> 42857 Remscheid (NRW)<\/span><\/p>\n<p><span style=\"color: #993300;\"><strong>Die Kursanmeldung ist bereits jetzt schon m\u00f6glich. <\/strong><\/span><br \/>\n<span style=\"color: #000000;\"> Wir empfehlen Ihnen eine baldige Anmeldung,<\/span><br \/>\n<span style=\"color: #000000;\"> damit Sie sicher ein Zimmer und Verpflegung in der Akademie Remscheid erhalten.<\/span><\/p>\n<p><span style=\"color: #993300;\"><strong>Information:<\/strong><\/span><br \/>\n<span style=\"color: #000000;\"> Deutsche Suzuki Gesellschaft e.V.<\/span><br \/>\n<span style=\"color: #000000;\"> Sekretariat Monika Pieck, Ankerstra\u00dfe 34, D-53757 Sankt Augustin<\/span><br \/>\n<span style=\"color: #000000;\"> Tel: +49 (0)2241 2 89 46<\/span><br \/>\n<span style=\"color: #000000;\"> Fax: +49 3222 156 45 09<a href=\"mailto:Suzuki.wartberg@t-online.de\"><span style=\"color: #000000;\"><br \/>\nXchange@germansuzuki.com<\/span><\/a><\/span><\/p>\n<p><span style=\"color: #000000;\">\u00a0<\/span><\/p>\n<h2><span style=\"color: #000000;\"><span style=\"color: #000000;\"><strong><span style=\"color: #ff0000;\">\u00a0<\/span><\/strong><\/span><\/span><\/h2>\n<p><span style=\"color: #000000;\">\u00a0<\/span><\/p>\n<p><span style=\"color: #000000;\">\u00a0<\/span><\/p>\n","protected":false},"excerpt":{"rendered":"<p>01.\/02.11.2014 Beginn: Samstag, 01. November 2014, 14:30 Uhr Ende: Sonntag, 02. November 2014, 15:00 Uhr Einf\u00fchrungskurs in die Suzuki-Methode &amp; Kurs mit Simon Fischer Online-Kursanmeldung \u00a0 A. Einf\u00fchrungskurs in die&#8230;<\/p>\n","protected":false},"author":2,"featured_media":5144,"comment_status":"open","ping_status":"open","sticky":false,"template":"","format":"standard","meta":[],"categories":[9],"tags":[],"_links":{"self":[{"href":"https:\/\/www.germansuzuki.de\/index.php?rest_route=\/wp\/v2\/posts\/5114"}],"collection":[{"href":"https:\/\/www.germansuzuki.de\/index.php?rest_route=\/wp\/v2\/posts"}],"about":[{"href":"https:\/\/www.germansuzuki.de\/index.php?rest_route=\/wp\/v2\/types\/post"}],"author":[{"embeddable":true,"href":"https:\/\/www.germansuzuki.de\/index.php?rest_route=\/wp\/v2\/users\/2"}],"replies":[{"embeddable":true,"href":"https:\/\/www.germansuzuki.de\/index.php?rest_route=%2Fwp%2Fv2%2Fcomments&post=5114"}],"version-history":[{"count":24,"href":"https:\/\/www.germansuzuki.de\/index.php?rest_route=\/wp\/v2\/posts\/5114\/revisions"}],"predecessor-version":[{"id":5603,"href":"https:\/\/www.germansuzuki.de\/index.php?rest_route=\/wp\/v2\/posts\/5114\/revisions\/5603"}],"wp:featuredmedia":[{"embeddable":true,"href":"https:\/\/www.germansuzuki.de\/index.php?rest_route=\/wp\/v2\/media\/5144"}],"wp:attachment":[{"href":"https:\/\/www.germansuzuki.de\/index.php?rest_route=%2Fwp%2Fv2%2Fmedia&parent=5114"}],"wp:term":[{"taxonomy":"category","embeddable":true,"href":"https:\/\/www.germansuzuki.de\/index.php?rest_route=%2Fwp%2Fv2%2Fcategories&post=5114"},{"taxonomy":"post_tag","embeddable":true,"href":"https:\/\/www.germansuzuki.de\/index.php?rest_route=%2Fwp%2Fv2%2Ftags&post=5114"}],"curies":[{"name":"wp","href":"https:\/\/api.w.org\/{rel}","templated":true}]}}