{"id":5044,"date":"2014-05-18T15:44:55","date_gmt":"2014-05-18T13:44:55","guid":{"rendered":"http:\/\/www.germansuzuki.com\/?p=5044"},"modified":"2015-11-22T20:01:37","modified_gmt":"2015-11-22T18:01:37","slug":"6-europaeische-lehrerkonferenz-2014","status":"publish","type":"post","link":"https:\/\/www.germansuzuki.de\/?p=5044","title":{"rendered":"Sechste Europ\u00e4ische Lehrerkonferenz 2014"},"content":{"rendered":"<table style=\"height: 1610px;\" width=\"576\" border=\"0\" cellspacing=\"0\" cellpadding=\"0\">\n<tbody>\n<tr>\n<td valign=\"top\" width=\"385\">\n<blockquote>\n<h1><\/h1>\n<h4><span style=\"color: #008000;\"><em>JETZT ANMELDEN<br \/>\nund vom Fr\u00fchbucher-Tarif profitieren\u00a0!!!!!!!!!!!!!!!!!!<\/em><\/span><\/h4>\n<h2><span style=\"color: #000080;\"><a href=\"http:\/\/www.kursanmeldung.germansuzuki.com\/anmeldunglehrerde2014.html\"><span style=\"color: #000080;\"><strong>Online-Kursanmeldung 2014<\/strong><\/span><\/a><\/span><\/h2>\n<h2><span style=\"color: #000080;\"><strong><a href=\"http:\/\/www.germansuzuki.com\/wp-content\/uploads\/2014\/05\/Anmeldung_Kurzreferat_D_14.doc\"><span style=\"color: #000080;\">Anmeldung eines Kurzreferats<\/span><\/a><\/strong><\/span><\/h2>\n<h4><span style=\"color: #008000;\"><em>\u00a0<\/em><\/span><\/h4>\n<h2><span style=\"color: #008000;\"><strong>Einladung zur<br \/>\nSechsten Suzuki-Lehrerkonferenz <\/strong><\/span><\/h2>\n<h2 style=\"text-align: left;\"><span style=\"color: #008000;\">f\u00fcr europ\u00e4ische Violin-, Viola- und Cellolehrer<\/span><\/h2>\n<h2><span style=\"color: #000080;\"><strong>1. \u2013 2. November 2014<\/strong><\/span><\/h2>\n<p><span style=\"color: #000080;\"><strong>Beginn: <\/strong><\/span><span style=\"color: #000000;\">Samstag, 01. November 2014, 14:30 Uhr<strong><br \/>\n<span style=\"color: #000080;\">Ende<\/span>: <\/strong>Sonntag, 02. November 2013, 15:00 Uhr<\/span><\/p>\n<p><strong>\u00a0<\/strong><\/p>\n<h1><span style=\"color: #000080;\"><strong>LET US WORK TOGETHER!<\/strong><\/span><\/h1>\n<p><span style=\"color: #000000;\">\u2666 Austausch- und Ideenb\u00f6rse<br \/>\n\u2666 Referate von Suzuki-Lehrern aus dem In- und Ausland<br \/>\n\u2666 Instrumentalkurse\/Ensemblearbeit<br \/>\n\u2666 Gespr\u00e4chskreise<\/span><\/p>\n<h2><strong><span style=\"color: #000080;\">Gastreferent: Simon Fischer<\/span><\/strong><\/h2>\n<p style=\"padding-left: 30px;\"><span style=\"color: #000000;\">Aufgrund der \u00fcberaus positiven Reaktionen und auf Bitten vieler Kursteilnehmer haben wir erneut SIMOM FISCHER, den\u00a0weltweit bekannten Geiger, P\u00e4dagogen und Buchautor aus London, als Gastreferent eingeladen.<\/span><\/p>\n<p style=\"padding-left: 30px;\"><span style=\"color: #000000;\">Und JA!<\/span><br \/>\n<span style=\"color: #000000;\"> Er stimmte zu und wird auch im Jahr 2014 zu unserer Konferenz nach Remscheid kommen!<\/span><\/p>\n<p style=\"text-align: center;\"><span style=\"color: #000080;\"><strong><em><br \/>\n<img decoding=\"async\" loading=\"lazy\" class=\"aligncenter\" style=\"border: 1px solid black;\" alt=\"\" src=\"http:\/\/suzukiteachingideas.germansuzuki.com\/wp-content\/uploads\/2013\/11\/Fischer+Heidi.jpg\" width=\"440\" height=\"330\" \/><\/em><\/strong><\/span><\/p>\n<p><span style=\"color: #000000;\"><strong><em><br \/>\n<a href=\"http:\/\/www.youtube.com\/watch?v=qQ_DIjcUo64\">In diesem Video<\/a> <\/em><\/strong><\/span><span style=\"color: #000000;\">k\u00f6nnen Sie sich einen Eindruck von Simon Fischer&#8217;s umfangreichem Wissen verschaffen.<\/span><\/p>\n<p><span style=\"color: #000000;\">Simon Fischer wird seinen <strong>Vortrag auf Englisch<\/strong> halten, der <strong>abschnittsweise von einem \u00dcbersetzer ins Deutsche <\/strong>\u00fcbertragen wird. Die praktische Anwendung wird in mehreren Lehrproben mit Kindern, Studenten und Lehrern lebendig demonstriert.<\/span><\/p>\n<p><span style=\"color: #000000;\">Simon Fischer unterrichtet auf unserem Workshop <strong>Geiger, Bratscher und auch Cellisten<\/strong>.<br \/>\n<\/span><\/p>\n<p><span style=\"color: #000000;\"> <span style=\"color: #000080;\"><strong>Teilnehmer, die von Simon Fischer unterrichtet werden m\u00f6chten, k\u00f6nnen sich bei der Konferenzleitung melden.<\/strong><\/span><\/span><\/p>\n<h2><span style=\"color: #000080;\"><strong>Zus\u00e4tzliche Kurse<\/strong><\/span><\/h2>\n<h2 style=\"text-align: left;\"><span style=\"color: #000000;\"><strong>Kurs A:<br \/>\nIntensivkurs f\u00fcr Suzuki-Violinlehrer<br \/>\n<\/strong><\/span><\/h2>\n<p><span style=\"color: #000000;\"><strong>Beginn: <strong>Freitag<\/strong><\/strong><strong>, 31. Oktober 2014, 14:30 <\/strong><strong><strong>Uhr<\/strong><br \/>\n<strong>Ende: <\/strong><\/strong><strong>Samstag, 01. November 2014, 12:00 <strong>Uhr<\/strong><\/strong><b><br \/>\n<\/b><\/span><\/p>\n<h2 style=\"text-align: left;\"><strong><span style=\"color: #000080;\"><br \/>\nBASICS f\u00fcr junge Geiger<br \/>\n<\/span><\/strong><\/h2>\n<p><span style=\"text-decoration: underline;\"><strong><span style=\"color: #000000; text-decoration: underline;\">Kurzbeschreibung:<\/span><\/strong><\/span><\/p>\n<p><span style=\"color: #000000;\">Um die St\u00fccke in Heft 4 &#8211; 6 einmal gut spielen zu k\u00f6nnen, sollten mehrere Techniken der linken und rechten Hand langfristig vorbereitet und entwickelt werden. In diesem Kurs wollen wir besonders den Aspekt ber\u00fccksichtigen, wie beispielsweise Vibrato, <\/span><span style=\"color: #000000;\">Lagenspiel, Doppelgriffe sowie unterschiedliche Stricharten und Bogengeschwindigkeiten gr\u00fcndlich angelegt werden k\u00f6nnen, um sie dann in den St\u00fccken der Mittelstufe anzuwenden.<\/span><\/p>\n<p><span style=\"color: #000000;\"><strong>**************************************************************<br \/>\n<\/strong><\/span><\/p>\n<h2 style=\"text-align: left;\"><strong><span style=\"color: #000080;\"><span style=\"color: #000000;\">Kurs C: Intensivkurs f\u00fcr Suzuki-Violinlehrer und <big><big><big><big> <\/big><\/big><\/big><\/big>interessierte Instrumentalp\u00e4dagogen<\/span><\/span><\/strong><\/h2>\n<p><span style=\"color: #000000;\"><strong>Beginn: Sonn<strong>tag<\/strong><\/strong><strong>, <strong>02. November 2014<\/strong>, 16:30 <\/strong><strong><strong>Uhr<\/strong><br \/>\n<strong>Ende: <\/strong><\/strong><strong>Montag, 03. November 2014, 13:30 <strong>Uhr<\/strong><\/strong><\/span><\/p>\n<h2><strong><span style=\"color: #000080;\">Ziele im ersten Unterrichtsjahr<\/span><\/strong><\/h2>\n<p><span style=\"text-decoration: underline;\"><strong><span style=\"color: #000000; text-decoration: underline;\">Kurzbeschreibung:<\/span><\/strong><\/span><\/p>\n<p><span style=\"color: #000000;\">Erfahrene Suzuki-Lehrer aus verschiedenen europ\u00e4ischen L\u00e4ndern und den USA berichten \u00fcber ihren ganz pers\u00f6nlichen Weg, das erste Unterrichtsjahr zu gestalten.<br \/>\nWelche instrumentaltechnischen und musikalischen Ziele stehen f\u00fcr sie im Vordergrund und wie setzen sie diese bei ihren Sch\u00fclern um? Wie entwickeln sie in ihnen Ausdauer, Disziplin und Konzentration? Wie helfen sie den Eltern, ihre Kinder effektiv zu unterst\u00fctzen?<\/span><\/p>\n<p><span style=\"color: #000000;\"><strong>**************************************************************<br \/>\n<\/strong><strong> <\/strong><\/span><\/p>\n<h2 style=\"text-align: left;\"><strong><span style=\"color: #000080;\">Kurs D: Intensivkurs f\u00fcr Suzuki-Cellolehrer und <big><big><big><big> <\/big><\/big><\/big><\/big>interessierte Instrumentalp\u00e4dagogen<\/span><\/strong><\/h2>\n<p><span style=\"color: #000000;\"><strong>Beginn: Sonn<strong>tag<\/strong><\/strong><strong>, <strong>02. November 2014<\/strong>, 16:30 <\/strong><strong><strong>Uhr<\/strong><br \/>\n<strong>Ende: <\/strong><\/strong><strong>Montag, 03. November 2014, 13:30 <strong>Uhr<\/strong><\/strong><\/span><\/p>\n<p><span style=\"color: #000080;\"><strong>Dozenten: Anders\u00a0Gr\u00f8n, D\u00e4nemark &amp; Carol Bez, Schweiz<\/strong><\/span><\/p>\n<p><span style=\"color: #000000;\"><strong>**************************************************************<br \/>\n<\/strong><strong> <\/strong><\/span><\/p>\n<h2 style=\"text-align: left;\"><a href=\"http:\/\/www.germansuzuki.com\/?p=5114\"><span style=\"color: #008000;\"><span style=\"color: #008000;\">EINF\u00dcHRUNGSKURS <\/span><span style=\"color: #008000;\">f\u00fcr Interessenten<\/span><\/span><\/a><\/h2>\n<p style=\"text-align: left;\"><span style=\"color: #000000;\"><strong>Parallel zur Suzuki-Lehrerkonferenz <\/strong><br \/>\n<\/span><\/p>\n<h4 style=\"text-align: left;\"><a href=\"http:\/\/www.germansuzuki.com\/?p=5114\"><span style=\"color: #000000;\"><strong><span style=\"color: #000080;\">Kompaktseminar f\u00fcr Geiger und Cellisten<\/span><\/strong><\/span><\/a><\/h4>\n<p style=\"text-align: left;\"><span style=\"color: #000000;\"><strong> Einf\u00fchrungskurs in die Suzuki-Unterrichtsmethode &amp; Kurs mit Simon Fischer<\/strong><strong><br \/>\n<\/strong><\/span><\/p>\n<h4 style=\"text-align: left;\"><span style=\"color: #000000;\"><strong> <span style=\"color: #000080;\">Bitte weisen Sie die Kollegen an Ihrer Musikschule darauf hin!<br \/>\n<\/span><\/strong><\/span><\/h4>\n<p style=\"text-align: left;\"><span style=\"color: #000000;\">***************************************************************<\/span><\/p>\n<p style=\"text-align: left;\"><span style=\"color: #000000;\"><strong>Kursleitung:<br \/>\n<\/strong>Kerstin Wartberg<\/span><\/p>\n<p style=\"text-align: left;\"><span style=\"color: #000000;\"><span style=\"color: #000000;\"><strong>Tagungsort:<\/strong><\/span><br \/>\nAkademie Remscheid f\u00fcr musische Bildung und Medienerziehung<br \/>\n42857 Remscheid (NRW)<\/span><\/p>\n<p><a href=\"http:\/\/http:\/\/en.germansuzuki.com\/wp-content\/uploads\/2012\/11\/Tove+Kerstin_Vortrag_035_kl.jpg\"><img decoding=\"async\" loading=\"lazy\" class=\"alignnone\" style=\"border: 1px solid black;\" alt=\"\" src=\"http:\/\/en.germansuzuki.com\/wp-content\/uploads\/2012\/11\/Tove+Kerstin_Vortrag_035_kl.jpg\" width=\"439\" height=\"269\" \/><\/a><\/p>\n<p><span style=\"color: #000000;\"><strong>Die Kursanmeldung ist bereits jetzt schon m\u00f6glich. <\/strong><br \/>\nWir empfehlen eine baldige Anmeldung,<br \/>\num sicher ein Zimmer und Verpflegung in der Akademie Remscheid zu erhalten.<\/span><\/p>\n<p><span style=\"color: #000000;\"><strong>Information:<br \/>\n<\/strong>Deutsche Suzuki Gesellschaft e.V.<br \/>\nSekretariat Monika Pieck, Ankerstra\u00dfe 34, D-53757 Sankt Augustin<br \/>\nTel: +49 (0)2241 28946<br \/>\n<span style=\"color: #000000;\">Fax: <\/span><\/span><span style=\"color: #000000;\">+49 3222 156 45 09<\/span><span style=\"color: #000000;\"><a href=\"mailto:Suzuki.wartberg@t-online.de\"><br \/>\nXchange@germansuzuki.com<\/a><\/span><\/p>\n<p style=\"text-align: left;\"><em>\u00a0<\/em><\/p>\n<p><a href=\"http:\/\/www.germansuzuki.com\/wp-content\/uploads\/2014\/05\/5Th-Xchange-con-Wartberg-y-ditte-4.jpg\"><img decoding=\"async\" loading=\"lazy\" class=\"size-thumbnail wp-image-5089 alignleft\" style=\"border: 1px solid black;\" alt=\"5Th Xchange con Wartberg y ditte 4\" src=\"http:\/\/www.germansuzuki.com\/wp-content\/uploads\/2014\/05\/5Th-Xchange-con-Wartberg-y-ditte-4-150x150.jpg\" width=\"150\" height=\"150\" \/><\/a><\/p>\n<p>&nbsp;<\/p>\n<h4><\/h4>\n<h4 style=\"text-align: left;\"><em><span style=\"color: #000000;\">Wir w\u00fcrden uns freuen,<br \/>\nSie auf der Suzuki-Lehrerkonferenz 2014<br \/>\nbegr\u00fc\u00dfen zu k\u00f6nnen!<\/span><\/em><\/h4>\n<p>&nbsp;<\/p>\n<p>&nbsp;<\/p>\n<p>&nbsp;<\/p><\/blockquote>\n<h2><strong><br \/>\nBericht \u00fcber die Lehrerkonferenz 2013<\/strong><\/h2>\n<p><b>Heidi Curatolo: Bericht \u00fcber die 5. Suzuki-Lehrerkonferenz (TEIL 1)<br \/>\nIntensivkurs &#8211; Heft 6<br \/>\n<\/b><a title=\"http:\/\/www.germansuzuki.com\/?p=4729\" href=\"http:\/\/www.germansuzuki.com\/?p=4729\">http:\/\/www.germansuzuki.com\/?p=4729<\/a><\/p>\n<p><b>Heidi Curatolo: Bericht \u00fcber die 5. Suzuki-Lehrerkonferenz (TEIL 2)<br \/>\nHauptkonferenz<br \/>\n<\/b><a title=\"http:\/\/www.germansuzuki.com\/?p=4740\" href=\"http:\/\/www.germansuzuki.com\/?p=4740\">http:\/\/www.germansuzuki.com\/?p=4740<\/a><\/p>\n<p><b>Heidi Curatolo: Bericht \u00fcber die 5. Suzuki-Lehrerkonferenz (TEIL 3)<\/b><a href=\"http:\/\/www.germansuzuki.com\/?p=4740\"><br \/>\n<\/a><b>Intensivkurse &#8211; Heft 1 <\/b><a href=\"http:\/\/www.germansuzuki.com\/?p=4740\"><br \/>\n<\/a><a href=\"http:\/\/www.germansuzuki.com\/?p=4833\">http:\/\/www.germansuzuki.com\/?p=4833<\/a><\/p>\n<p><strong><br \/>\n<\/strong><\/p>\n<p><em><strong><br \/>\n<\/strong><\/em><\/p>\n<p>&nbsp;<\/td>\n<\/tr>\n<tr>\n<td valign=\"top\" width=\"385\"><\/td>\n<\/tr>\n<\/tbody>\n<\/table>\n","protected":false},"excerpt":{"rendered":"<p>JETZT ANMELDEN und vom Fr\u00fchbucher-Tarif profitieren\u00a0!!!!!!!!!!!!!!!!!! Online-Kursanmeldung 2014 Anmeldung eines Kurzreferats \u00a0 Einladung zur Sechsten Suzuki-Lehrerkonferenz f\u00fcr europ\u00e4ische Violin-, Viola- und Cellolehrer 1. \u2013 2. November 2014 Beginn: Samstag, 01&#8230;.<\/p>\n","protected":false},"author":2,"featured_media":5089,"comment_status":"open","ping_status":"open","sticky":false,"template":"","format":"standard","meta":[],"categories":[9],"tags":[],"_links":{"self":[{"href":"https:\/\/www.germansuzuki.de\/index.php?rest_route=\/wp\/v2\/posts\/5044"}],"collection":[{"href":"https:\/\/www.germansuzuki.de\/index.php?rest_route=\/wp\/v2\/posts"}],"about":[{"href":"https:\/\/www.germansuzuki.de\/index.php?rest_route=\/wp\/v2\/types\/post"}],"author":[{"embeddable":true,"href":"https:\/\/www.germansuzuki.de\/index.php?rest_route=\/wp\/v2\/users\/2"}],"replies":[{"embeddable":true,"href":"https:\/\/www.germansuzuki.de\/index.php?rest_route=%2Fwp%2Fv2%2Fcomments&post=5044"}],"version-history":[{"count":66,"href":"https:\/\/www.germansuzuki.de\/index.php?rest_route=\/wp\/v2\/posts\/5044\/revisions"}],"predecessor-version":[{"id":5212,"href":"https:\/\/www.germansuzuki.de\/index.php?rest_route=\/wp\/v2\/posts\/5044\/revisions\/5212"}],"wp:featuredmedia":[{"embeddable":true,"href":"https:\/\/www.germansuzuki.de\/index.php?rest_route=\/wp\/v2\/media\/5089"}],"wp:attachment":[{"href":"https:\/\/www.germansuzuki.de\/index.php?rest_route=%2Fwp%2Fv2%2Fmedia&parent=5044"}],"wp:term":[{"taxonomy":"category","embeddable":true,"href":"https:\/\/www.germansuzuki.de\/index.php?rest_route=%2Fwp%2Fv2%2Fcategories&post=5044"},{"taxonomy":"post_tag","embeddable":true,"href":"https:\/\/www.germansuzuki.de\/index.php?rest_route=%2Fwp%2Fv2%2Ftags&post=5044"}],"curies":[{"name":"wp","href":"https:\/\/api.w.org\/{rel}","templated":true}]}}