{"id":5006,"date":"2014-05-04T23:59:48","date_gmt":"2014-05-04T21:59:48","guid":{"rendered":"http:\/\/www.germansuzuki.com\/?p=5006"},"modified":"2014-05-05T23:21:20","modified_gmt":"2014-05-05T21:21:20","slug":"grossartiger-jubilaeumsworkshop-in-weinstadt","status":"publish","type":"post","link":"https:\/\/www.germansuzuki.de\/?p=5006","title":{"rendered":"Gro\u00dfartiger JUBIL\u00c4UMSWORKSHOP in Weinstadt"},"content":{"rendered":"<p>Lieber Mike Hoover,<\/p>\n<p>im Namen der Deutschen Suzuki Gesellschaft m\u00f6chte ich Ihnen noch einmal ganz herzlich gratulieren zu Ihrem rundum gelungenen <strong>JUBIL\u00c4UMSWORKSHOP in Weinstadt aus Anlass des 20j\u00e4hrigen Bestehens Ihrer Suzuki-Arbeit an der Musikschule Unteres Remstal<\/strong>!<\/p>\n<div id=\"attachment_5026\" style=\"width: 589px\" class=\"wp-caption alignnone\"><a href=\"http:\/\/www.germansuzuki.com\/wp-content\/uploads\/2014\/05\/Mike-II_kl1.jpg\"><img aria-describedby=\"caption-attachment-5026\" decoding=\"async\" loading=\"lazy\" class=\" wp-image-5026\" style=\"border: 1px solid black;\" alt=\"Mike II.indd\" src=\"http:\/\/www.germansuzuki.com\/wp-content\/uploads\/2014\/05\/Mike-II_kl1-724x1024.jpg\" width=\"579\" height=\"819\" srcset=\"https:\/\/www.germansuzuki.de\/wp-content\/uploads\/2014\/05\/Mike-II_kl1-724x1024.jpg 724w, https:\/\/www.germansuzuki.de\/wp-content\/uploads\/2014\/05\/Mike-II_kl1-212x300.jpg 212w, https:\/\/www.germansuzuki.de\/wp-content\/uploads\/2014\/05\/Mike-II_kl1.jpg 1772w\" sizes=\"(max-width: 579px) 100vw, 579px\" \/><\/a><p id=\"caption-attachment-5026\" class=\"wp-caption-text\">Fotos: Jens Volle<\/p><\/div>\n<p>&nbsp;<\/p>\n<p><span style=\"color: #000080;\"><strong>Angefangen mit der Auswahl des ausgezeichneten Dozententeams (den Suzuki-Lehrern):<\/strong><\/span><\/p>\n<ul>\n<li>Kathrin Averdung, Violine<\/li>\n<li>Isabel Morey Suau, Violine<\/li>\n<li>David Rodriguez Toledo, Violine<\/li>\n<li>Astrid Siegmund, Violine<\/li>\n<li>Ruth Ortiz, Instrumentale Fr\u00fcherziehung<\/li>\n<li>Max Paetzold, Violine<\/li>\n<li>Erika Umanez, Violoncello<\/li>\n<li>Ulrike Volle, Violoncello<\/li>\n<\/ul>\n<p><strong><span style=\"color: #333399;\">und den bestens vorbereiteten Pianisten<\/span><\/strong><\/p>\n<ul>\n<li>Neil Fellows<\/li>\n<li>Yvonne Bauer<\/li>\n<li>Ralph Bergmann f\u00fcr das Abendkonzert<\/li>\n<\/ul>\n<p>&nbsp;<\/p>\n<div id=\"attachment_5041\" style=\"width: 310px\" class=\"wp-caption alignnone\"><a href=\"http:\/\/www.germansuzuki.com\/wp-content\/uploads\/2014\/05\/Suzukiworkshop2014-79_kl.jpg\"><img aria-describedby=\"caption-attachment-5041\" decoding=\"async\" loading=\"lazy\" class=\"size-medium wp-image-5041\" alt=\"Foto: Jens Volle\" src=\"http:\/\/www.germansuzuki.com\/wp-content\/uploads\/2014\/05\/Suzukiworkshop2014-79_kl-300x204.jpg\" width=\"300\" height=\"204\" srcset=\"https:\/\/www.germansuzuki.de\/wp-content\/uploads\/2014\/05\/Suzukiworkshop2014-79_kl-300x204.jpg 300w, https:\/\/www.germansuzuki.de\/wp-content\/uploads\/2014\/05\/Suzukiworkshop2014-79_kl.jpg 574w\" sizes=\"(max-width: 300px) 100vw, 300px\" \/><\/a><p id=\"caption-attachment-5041\" class=\"wp-caption-text\">Foto: Jens Volle<\/p><\/div>\n<p><strong><span style=\"color: #333399;\"><strong>sowie dem Percussion-Lehrer<\/strong> Uwe K\u00fchner<br \/>\nwar die gesamte Veranstaltung in jeder Hinsicht ein gro\u00dfer Erfolg.<\/span><\/strong><\/p>\n<div id=\"attachment_5027\" style=\"width: 589px\" class=\"wp-caption alignnone\"><a href=\"http:\/\/www.germansuzuki.com\/wp-content\/uploads\/2014\/05\/Mike-III_kl.jpg\"><img aria-describedby=\"caption-attachment-5027\" decoding=\"async\" loading=\"lazy\" class=\" wp-image-5027\" style=\"border: 1px solid black;\" alt=\"Mike III.indd\" src=\"http:\/\/www.germansuzuki.com\/wp-content\/uploads\/2014\/05\/Mike-III_kl-724x1024.jpg\" width=\"579\" height=\"819\" srcset=\"https:\/\/www.germansuzuki.de\/wp-content\/uploads\/2014\/05\/Mike-III_kl-724x1024.jpg 724w, https:\/\/www.germansuzuki.de\/wp-content\/uploads\/2014\/05\/Mike-III_kl-212x300.jpg 212w, https:\/\/www.germansuzuki.de\/wp-content\/uploads\/2014\/05\/Mike-III_kl.jpg 1772w\" sizes=\"(max-width: 579px) 100vw, 579px\" \/><\/a><p id=\"caption-attachment-5027\" class=\"wp-caption-text\">Fotos: Jens Volle<\/p><\/div>\n<p>&nbsp;<\/p>\n<p>Die 100 teilnehmenden Geigen- und Cellosch\u00fcler sowie ihre Eltern, die sich bereitwillig an den Bem\u00fchungen um einen reibungslosen Ablauf aller Veranstaltungen beteiligten, waren begeistert von dem bunten Unterrichtsprogramm, das sogar f\u00fcr die fortgeschrittenen Sch\u00fcler einen Meisterkurs mit <strong>Rudolf G\u00e4hler<\/strong>\u00a0 einschloss.<\/p>\n<div id=\"attachment_5019\" style=\"width: 589px\" class=\"wp-caption alignnone\"><a href=\"http:\/\/www.germansuzuki.com\/wp-content\/uploads\/2014\/05\/Mike-I_kl.jpg\"><img aria-describedby=\"caption-attachment-5019\" decoding=\"async\" loading=\"lazy\" class=\" wp-image-5019\" style=\"border: 1px solid black;\" alt=\"Mike I.indd\" src=\"http:\/\/www.germansuzuki.com\/wp-content\/uploads\/2014\/05\/Mike-I_kl-724x1024.jpg\" width=\"579\" height=\"819\" srcset=\"https:\/\/www.germansuzuki.de\/wp-content\/uploads\/2014\/05\/Mike-I_kl-724x1024.jpg 724w, https:\/\/www.germansuzuki.de\/wp-content\/uploads\/2014\/05\/Mike-I_kl-212x300.jpg 212w, https:\/\/www.germansuzuki.de\/wp-content\/uploads\/2014\/05\/Mike-I_kl.jpg 1654w\" sizes=\"(max-width: 579px) 100vw, 579px\" \/><\/a><p id=\"caption-attachment-5019\" class=\"wp-caption-text\">Fotos: Jens Volle<\/p><\/div>\n<div id=\"attachment_5030\" style=\"width: 167px\" class=\"wp-caption alignleft\"><a href=\"http:\/\/www.germansuzuki.com\/wp-content\/uploads\/2014\/05\/Mike-Workshop2014-43_kl.jpg\"><img aria-describedby=\"caption-attachment-5030\" decoding=\"async\" loading=\"lazy\" class=\"wp-image-5030    \" style=\"margin-left: 0px; margin-right: 40px; border: 1px solid black;\" alt=\"Mike-Workshop2014-43_kl\" src=\"http:\/\/www.germansuzuki.com\/wp-content\/uploads\/2014\/05\/Mike-Workshop2014-43_kl.jpg\" width=\"157\" height=\"161\" \/><\/a><p id=\"caption-attachment-5030\" class=\"wp-caption-text\">Foto: Jens Volle<\/p><\/div>\n<p>An jedes Detail war gedacht und Ihre Frau sorgte daf\u00fcr, dass auch Unvorhergesehenes jederzeit bew\u00e4ltigt werden konnte. Die R\u00e4umlichkeiten in Weinstadt, die Verpflegung, die Unterbringung waren f\u00fcr uns gekennzeichnet durch gute Qualit\u00e4t, kurze Wege und ungest\u00f6rte Arbeitsatmosph\u00e4re. F\u00fcr das sch\u00f6ne Abendkonzert mit Ihnen und Ihren Sch\u00fclern und dem Lehrer-Ensemble sowie die gro\u00dfe Abschlussveranstaltung hatte die Musikschul-Leitung das B\u00fcrgerzentrum im nahegelegenen Waiblingen zur Verf\u00fcgung gestellt, das allen Anspr\u00fcchen mehr als gerecht wurde.<\/p>\n<p>Die Deutsche Suzuki Gesellschaft e.V. ist stolz auf Ihre lebendige und attraktive Unterrichtst\u00e4tigkeit.<\/p>\n<p>Die Arrangements, die Sie eigens f\u00fcr diesen Workshop geschrieben haben, waren ausgezeichnet und werden sicherlich gerne von vielen Kollegen in ihre Veranstaltungen integriert werden, wenn Sie es erlauben.<\/p>\n<p><img decoding=\"async\" loading=\"lazy\" class=\"alignleft\" style=\"margin-left: 5px; margin-right: 5px; border: 1px solid black;\" alt=\"http:\/\/www.germansuzuki.com\/wp-content\/uploads\/2013\/12\/Kerstin+Mike.jpg\" src=\"http:\/\/www.germansuzuki.com\/wp-content\/uploads\/2013\/12\/Kerstin+Mike.jpg\" width=\"132\" height=\"75\" \/>Danke f\u00fcr Ihr au\u00dfergew\u00f6hnliches Engagement! Kinder, Eltern und Lehrer waren begeistert!<\/p>\n<p>Im Namen der DSG w\u00fcnsche ich Ihnen und Ihrer Frau einige Tage der Erholung nach dieser gro\u00dfen Anstrengung und sende Ihnen sehr herzliche Gr\u00fc\u00dfe!<\/p>\n<p>Kerstin Wartberg<\/p>\n","protected":false},"excerpt":{"rendered":"<p>Lieber Mike Hoover, im Namen der Deutschen Suzuki Gesellschaft m\u00f6chte ich Ihnen noch einmal ganz herzlich gratulieren zu Ihrem rundum gelungenen JUBIL\u00c4UMSWORKSHOP in Weinstadt aus Anlass des 20j\u00e4hrigen Bestehens Ihrer&#8230;<\/p>\n","protected":false},"author":2,"featured_media":5034,"comment_status":"open","ping_status":"open","sticky":false,"template":"","format":"standard","meta":[],"categories":[3],"tags":[],"_links":{"self":[{"href":"https:\/\/www.germansuzuki.de\/index.php?rest_route=\/wp\/v2\/posts\/5006"}],"collection":[{"href":"https:\/\/www.germansuzuki.de\/index.php?rest_route=\/wp\/v2\/posts"}],"about":[{"href":"https:\/\/www.germansuzuki.de\/index.php?rest_route=\/wp\/v2\/types\/post"}],"author":[{"embeddable":true,"href":"https:\/\/www.germansuzuki.de\/index.php?rest_route=\/wp\/v2\/users\/2"}],"replies":[{"embeddable":true,"href":"https:\/\/www.germansuzuki.de\/index.php?rest_route=%2Fwp%2Fv2%2Fcomments&post=5006"}],"version-history":[{"count":26,"href":"https:\/\/www.germansuzuki.de\/index.php?rest_route=\/wp\/v2\/posts\/5006\/revisions"}],"predecessor-version":[{"id":5042,"href":"https:\/\/www.germansuzuki.de\/index.php?rest_route=\/wp\/v2\/posts\/5006\/revisions\/5042"}],"wp:featuredmedia":[{"embeddable":true,"href":"https:\/\/www.germansuzuki.de\/index.php?rest_route=\/wp\/v2\/media\/5034"}],"wp:attachment":[{"href":"https:\/\/www.germansuzuki.de\/index.php?rest_route=%2Fwp%2Fv2%2Fmedia&parent=5006"}],"wp:term":[{"taxonomy":"category","embeddable":true,"href":"https:\/\/www.germansuzuki.de\/index.php?rest_route=%2Fwp%2Fv2%2Fcategories&post=5006"},{"taxonomy":"post_tag","embeddable":true,"href":"https:\/\/www.germansuzuki.de\/index.php?rest_route=%2Fwp%2Fv2%2Ftags&post=5006"}],"curies":[{"name":"wp","href":"https:\/\/api.w.org\/{rel}","templated":true}]}}