{"id":4942,"date":"2014-02-15T01:39:43","date_gmt":"2014-02-14T23:39:43","guid":{"rendered":"http:\/\/www.germansuzuki.com\/?p=4942"},"modified":"2014-02-16T22:41:40","modified_gmt":"2014-02-16T20:41:40","slug":"una-profesora-de-violin-disponible-a-partir-de-agosto-del-2014","status":"publish","type":"post","link":"https:\/\/www.germansuzuki.de\/?p=4942","title":{"rendered":"Kiel \/ Alemania: Un\/a profesor\/a de viol\u00edn disponible a partir de Agosto del 2014"},"content":{"rendered":"<p><a href=\"http:\/\/www.germansuzuki.com\/wp-content\/uploads\/2014\/02\/cameratabild.jpg\"><img decoding=\"async\" loading=\"lazy\" class=\"alignnone  wp-image-4925\" style=\"border: 1px solid black;\" alt=\"cameratabild\" src=\"http:\/\/www.germansuzuki.com\/wp-content\/uploads\/2014\/02\/cameratabild-1024x640.jpg\" width=\"556\" height=\"348\" srcset=\"https:\/\/www.germansuzuki.de\/wp-content\/uploads\/2014\/02\/cameratabild-1024x640.jpg 1024w, https:\/\/www.germansuzuki.de\/wp-content\/uploads\/2014\/02\/cameratabild-300x187.jpg 300w, https:\/\/www.germansuzuki.de\/wp-content\/uploads\/2014\/02\/cameratabild.jpg 1280w\" sizes=\"(max-width: 556px) 100vw, 556px\" \/><\/a><\/p>\n<h2><a title=\"Junge Camerata Academica\" href=\"http:\/\/testblogsk2690.wordpress.com\/\"><span style=\"color: #993300;\"><b><span style=\"font-size: large;\">Junge Camerata Academica<\/span><\/b><\/span><\/a><\/h2>\n<p><span style=\"color: #993300;\"><strong>Instituto <strong>Suzuki <\/strong>\u00a0<strong>Alem\u00e1n<\/strong>, Departamento de Kiel<\/strong><\/span><strong><strong><br \/>\n<span style=\"color: #993300;\"><a title=\"Isabel Morey Suau\" href=\"http:\/\/testblogsk2690.wordpress.com\/about-2\/leitunglehrkrafte\/isabel-morey\/\"><span style=\"color: #993300;\">Isabel Morey Suau<\/span><\/a><\/span><\/strong><\/strong><\/p>\n<p>&nbsp;<\/p>\n<h2 style=\"text-align: left;\"><span style=\"color: #000000;\"><b>Perfil que buscamos\/ Precisamos<\/b>:\u00a0<\/span><br \/>\n<strong><span style=\"color: #993300;\"><b>Un\/a profesor\/a de viol\u00edn disponible a partir de Agosto del 2014<\/b><br \/>\n<\/span><\/strong><\/h2>\n<p>&nbsp;<\/p>\n<h2><strong><\/strong><span style=\"color: #993300;\"><strong>Descripci\u00f3n de las tareas a realizar:<\/strong><\/span><\/h2>\n<div>\n<p>1) Clases individuales siguiendo el M\u00e9todo Suzuki<br \/>\n2) Profesor asistente\/refuerzo\u00a0dentro del horario escolar<br \/>\nClases grupales a alumnos con\u00a0edades comprendidas entre los 6 y los 11 a\u00f1os<br \/>\n3) Abrir una clase de Suzuki en la guarder\u00eda aneja a la Escuela<br \/>\n4) Participaci\u00f3n en Workshops, viajes de conciertos e intercambios<br \/>\nque realice\u00a0la Junge Camerata Academica<\/p>\n<\/div>\n<h2><strong><span style=\"color: #993300;\">Ofrecemos:<\/span><\/strong><\/h2>\n<div>\n<p>&#8211; M\u00ednimo 20 horas semanales, con contrato directos con los alumnos.<br \/>\n&#8211; Posibilidad de aumentar\/incrementar f\u00e1cilmente el n\u00famero de clases.<br \/>\n&#8211; Poder ampliar o empezar directamente en Kiel la formaci\u00f3n en el M\u00e9todo Suzuki<\/p>\n<\/div>\n<h2><strong><span style=\"color: #993300;\">Esperamos:<\/span><\/strong><\/h2>\n<div>\n<p>&#8211;\u00a0 T\u00edtulo superior de Viol\u00edn<br \/>\n&#8211;\u00a0 Como m\u00ednimo el primer nivel de Suzuki ( o, por el contrario,<br \/>\nel compromiso de empezar la formaci\u00f3n este mismo a\u00f1o en Kiel.)<br \/>\n&#8211;\u00a0 Experiencia pedag\u00f3gica, inter\u00e9s y pasi\u00f3n por nuestro trabajo.<br \/>\n&#8211;\u00a0 Capacidad para trabajar en equipo.<\/p>\n<\/div>\n<div><\/div>\n<h2><strong><span style=\"color: #993300;\">Ofertas hasta el 10.03.2014 a:<br \/>\n<\/span><\/strong><\/h2>\n<div><strong><span style=\"color: #993300;\">Isabel Morey Suau<\/span><\/strong><br \/>\n<a href=\"mailto:leitung@junge-camerata-academica.de\" target=\"_blank\">leitung@junge-camerata-<wbr \/>academica.de<br \/>\n<\/a><a href=\"http:\/\/www.germansuzuki.com\/wp-content\/uploads\/2014\/02\/junge_camerata.jpg\"><img decoding=\"async\" loading=\"lazy\" class=\"alignnone size-medium wp-image-4935\" alt=\"junge_camerata\" src=\"http:\/\/www.germansuzuki.com\/wp-content\/uploads\/2014\/02\/junge_camerata-300x85.jpg\" width=\"226\" height=\"64\" srcset=\"https:\/\/www.germansuzuki.de\/wp-content\/uploads\/2014\/02\/junge_camerata-300x85.jpg 300w, https:\/\/www.germansuzuki.de\/wp-content\/uploads\/2014\/02\/junge_camerata.jpg 885w\" sizes=\"(max-width: 226px) 100vw, 226px\" \/><\/a><\/div>\n<div><\/div>\n<h2><a title=\"La oferta de trabajo en ALEM\u00c1N\" href=\"http:\/\/www.germansuzuki.com\/?p=4921\"><strong><span style=\"color: #993300;\">La oferta de trabajo en ALEM\u00c1N<\/span><\/strong><\/a><br \/>\n<strong><\/strong><a title=\"La oferta de trabajo en INGL\u00c9S\" href=\"http:\/\/en.germansuzuki.com\/?p=1305\"><span style=\"color: #993300;\"><strong>La oferta de trabajo en INGL\u00c9S<\/strong><\/span><\/a><\/h2>\n<p>&nbsp;<\/p>\n","protected":false},"excerpt":{"rendered":"<p>Junge Camerata Academica Instituto Suzuki \u00a0Alem\u00e1n, Departamento de Kiel Isabel Morey Suau &nbsp; Perfil que buscamos\/ Precisamos:\u00a0 Un\/a profesor\/a de viol\u00edn disponible a partir de Agosto del 2014 &nbsp; Descripci\u00f3n&#8230;<\/p>\n","protected":false},"author":2,"featured_media":0,"comment_status":"open","ping_status":"open","sticky":false,"template":"","format":"standard","meta":[],"categories":[20],"tags":[],"_links":{"self":[{"href":"https:\/\/www.germansuzuki.de\/index.php?rest_route=\/wp\/v2\/posts\/4942"}],"collection":[{"href":"https:\/\/www.germansuzuki.de\/index.php?rest_route=\/wp\/v2\/posts"}],"about":[{"href":"https:\/\/www.germansuzuki.de\/index.php?rest_route=\/wp\/v2\/types\/post"}],"author":[{"embeddable":true,"href":"https:\/\/www.germansuzuki.de\/index.php?rest_route=\/wp\/v2\/users\/2"}],"replies":[{"embeddable":true,"href":"https:\/\/www.germansuzuki.de\/index.php?rest_route=%2Fwp%2Fv2%2Fcomments&post=4942"}],"version-history":[{"count":9,"href":"https:\/\/www.germansuzuki.de\/index.php?rest_route=\/wp\/v2\/posts\/4942\/revisions"}],"predecessor-version":[{"id":4946,"href":"https:\/\/www.germansuzuki.de\/index.php?rest_route=\/wp\/v2\/posts\/4942\/revisions\/4946"}],"wp:attachment":[{"href":"https:\/\/www.germansuzuki.de\/index.php?rest_route=%2Fwp%2Fv2%2Fmedia&parent=4942"}],"wp:term":[{"taxonomy":"category","embeddable":true,"href":"https:\/\/www.germansuzuki.de\/index.php?rest_route=%2Fwp%2Fv2%2Fcategories&post=4942"},{"taxonomy":"post_tag","embeddable":true,"href":"https:\/\/www.germansuzuki.de\/index.php?rest_route=%2Fwp%2Fv2%2Ftags&post=4942"}],"curies":[{"name":"wp","href":"https:\/\/api.w.org\/{rel}","templated":true}]}}