{"id":4872,"date":"2014-01-14T12:46:54","date_gmt":"2014-01-14T10:46:54","guid":{"rendered":"http:\/\/www.germansuzuki.com\/?p=4872"},"modified":"2014-01-14T15:10:51","modified_gmt":"2014-01-14T13:10:51","slug":"terminuebersicht-2014-wird-erstellt","status":"publish","type":"post","link":"https:\/\/www.germansuzuki.de\/?p=4872","title":{"rendered":"Termin\u00fcbersicht 2014 wird erstellt!"},"content":{"rendered":"<h2><span style=\"color: #0000ff;\">Liebe Suzuki-Lehrerinnen und Lehrer!<\/span><\/h2>\n<p><strong>Bitte schicken Sie uns Ihre Veranstaltungs-Ank\u00fcndigungen f\u00fcr das Jahr 2014!<\/strong><br \/>\n<strong>Erste Infos sind bereits eingetroffen, die wir hier ver\u00f6ffentlicht haben:<\/strong><\/p>\n<h2><a title=\" Termin\u00fcbersicht 2014 \" href=\"http:\/\/www.germansuzuki.com\/?p=4845\">Termin\u00fcbersicht 2014<\/a><\/h2>\n<div id=\"attachment_4886\" style=\"width: 310px\" class=\"wp-caption alignnone\"><a title=\"Weihnachtskonzert \u201eJunge Camerata Kiel\u201c Anerkannte Suzuki-Schule der DSG Leitung: Isabel Morey Suau\" href=\"http:\/\/www.germansuzuki.com\/wp-content\/uploads\/2014\/01\/Isabel_Weihnachtskonzert.jpg\"><img aria-describedby=\"caption-attachment-4886\" decoding=\"async\" loading=\"lazy\" class=\"size-medium wp-image-4886\" style=\"border: 1px solid black;\" title=\"Weihnachtskonzert \u201eJunge Camerata Kiel\u201c Anerkannte Suzuki-Schule der DSG Leitung: Isabel Morey Suau\" alt=\"Weihnachtskonzert \u201eJunge Camerata Kiel\u201c Anerkannte Suzuki-Schule der DSG Leitung: Isabel Morey Suau\" src=\"http:\/\/www.germansuzuki.com\/wp-content\/uploads\/2014\/01\/Isabel_Weihnachtskonzert-300x225.jpg\" width=\"300\" height=\"225\" srcset=\"https:\/\/www.germansuzuki.de\/wp-content\/uploads\/2014\/01\/Isabel_Weihnachtskonzert-300x225.jpg 300w, https:\/\/www.germansuzuki.de\/wp-content\/uploads\/2014\/01\/Isabel_Weihnachtskonzert.jpg 640w\" sizes=\"(max-width: 300px) 100vw, 300px\" \/><\/a><p id=\"caption-attachment-4886\" class=\"wp-caption-text\">Weihnachtskonzert 2013 \u201eJunge Camerata Kiel\u201c<br \/>Anerkannte Suzuki-Schule der DSG<br \/>Leitung: Isabel Morey Suau<\/p><\/div>\n<p>&nbsp;<\/p>\n<p><strong>Wir w\u00fcrden uns freuen, wenn auch Ihre Workshops, Konzerte u.a. Suzuki-Veranstaltungen hier zu finden w\u00e4ren!<\/strong><\/p>\n<p><strong>Ein GUTES und ERFOLGREICHES Jahr 2014<br \/>\nw\u00fcnscht Ihnen<br \/>\nIhre<\/strong><br \/>\n<strong> <\/strong><strong><span style=\"font-size: large;\"><span style=\"font-size: small;\"><br \/>\n<img decoding=\"async\" loading=\"lazy\" alt=\"http:\/\/www.germansuzuki.com\/wp-content\/themes\/commerce\/images\/backgrounds\/bg_branding.png\" src=\"http:\/\/www.germansuzuki.com\/wp-content\/themes\/commerce\/images\/backgrounds\/bg_branding.png\" width=\"283\" height=\"45\" \/><br \/>\n<\/span><\/span><\/strong><\/p>\n","protected":false},"excerpt":{"rendered":"<p>Liebe Suzuki-Lehrerinnen und Lehrer! Bitte schicken Sie uns Ihre Veranstaltungs-Ank\u00fcndigungen f\u00fcr das Jahr 2014! Erste Infos sind bereits eingetroffen, die wir hier ver\u00f6ffentlicht haben: Termin\u00fcbersicht 2014 &nbsp; Wir w\u00fcrden uns&#8230;<\/p>\n","protected":false},"author":2,"featured_media":0,"comment_status":"open","ping_status":"open","sticky":false,"template":"","format":"standard","meta":[],"categories":[3],"tags":[],"_links":{"self":[{"href":"https:\/\/www.germansuzuki.de\/index.php?rest_route=\/wp\/v2\/posts\/4872"}],"collection":[{"href":"https:\/\/www.germansuzuki.de\/index.php?rest_route=\/wp\/v2\/posts"}],"about":[{"href":"https:\/\/www.germansuzuki.de\/index.php?rest_route=\/wp\/v2\/types\/post"}],"author":[{"embeddable":true,"href":"https:\/\/www.germansuzuki.de\/index.php?rest_route=\/wp\/v2\/users\/2"}],"replies":[{"embeddable":true,"href":"https:\/\/www.germansuzuki.de\/index.php?rest_route=%2Fwp%2Fv2%2Fcomments&post=4872"}],"version-history":[{"count":11,"href":"https:\/\/www.germansuzuki.de\/index.php?rest_route=\/wp\/v2\/posts\/4872\/revisions"}],"predecessor-version":[{"id":4889,"href":"https:\/\/www.germansuzuki.de\/index.php?rest_route=\/wp\/v2\/posts\/4872\/revisions\/4889"}],"wp:attachment":[{"href":"https:\/\/www.germansuzuki.de\/index.php?rest_route=%2Fwp%2Fv2%2Fmedia&parent=4872"}],"wp:term":[{"taxonomy":"category","embeddable":true,"href":"https:\/\/www.germansuzuki.de\/index.php?rest_route=%2Fwp%2Fv2%2Fcategories&post=4872"},{"taxonomy":"post_tag","embeddable":true,"href":"https:\/\/www.germansuzuki.de\/index.php?rest_route=%2Fwp%2Fv2%2Ftags&post=4872"}],"curies":[{"name":"wp","href":"https:\/\/api.w.org\/{rel}","templated":true}]}}