{"id":4845,"date":"2014-01-13T21:53:11","date_gmt":"2014-01-13T19:53:11","guid":{"rendered":"http:\/\/www.germansuzuki.com\/?p=4845"},"modified":"2015-01-30T13:40:44","modified_gmt":"2015-01-30T11:40:44","slug":"terminuebersicht-2014","status":"publish","type":"post","link":"https:\/\/www.germansuzuki.de\/?p=4845","title":{"rendered":"Termin\u00fcbersicht 2014"},"content":{"rendered":"<h2 style=\"text-align: left;\"><span style=\"color: #0000ff;\"><strong>Veranstaltungen<br \/>\n<span style=\"color: #0000ff;\">von Suzukilehrern der DSG und<\/span><\/strong><\/span><strong> europ\u00e4ischen Gastdozenten<\/strong><\/h2>\n<blockquote>\n<h4 style=\"text-align: left;\"><strong><span style=\"color: #000000;\">Liebe Kolleginnen und Kollegen,<br \/>\nhier finden Sie die Termine 2014, die bisher unser B\u00fcro erreicht haben.<\/span><\/strong><\/h4>\n<h4><strong>Diese Liste wird st\u00e4ndig aktualisiert.<\/strong><\/h4>\n<h4 style=\"text-align: left;\"><span style=\"color: #800000;\"><strong>Falls Sie Ihre Veranstaltung eintragen m\u00f6chten, k\u00f6nnen Sie dies in dem unteren Kommentarfeld tun.<\/strong><\/span><\/h4>\n<\/blockquote>\n<h3><\/h3>\n<h2>03.-05.01.2014<\/h2>\n<p><strong>Cello-Lehrerkurs<br \/>\nAusbildungsphase C<\/strong><\/p>\n<p>Mainz<br \/>\nDeutsche Suzuki Gesellschaft e.V.<br \/>\nLeitung: <em><a href=\"http:\/\/www.germansuzuki.com\/?p=4027\">Anders Gr\u00f8n<\/a><\/em><\/p>\n<h1>**************************<br \/>\n<span style=\"color: #008000;\">**************************<\/span><br \/>\n<span style=\"color: #008000;\"> **************************<\/span><\/h1>\n<p>&nbsp;<\/p>\n<h2><span style=\"color: #0000ff;\">16.01.2014<\/span><\/h2>\n<p><strong><strong>BAYERISCHES <strong>SUZUKI INSTITUT<\/strong>, Abteilung Ingolstadt<\/strong><\/strong><\/p>\n<p><strong>Neujahrsempfang<\/strong><br \/>\n<strong>Suzuki-Musikkreis der Johann-Michael-Sailer-Schule Ingolstadt<\/strong><br \/>\n<em><strong><strong>Anerkannte Suzuki-Schule der DSG<\/strong><\/strong><\/em><br \/>\nSeniorenheim Bienengarten<strong><\/strong><\/p>\n<p>Es spielen Sch\u00fcler der Klassen Andrea Agotha-Vajer, Traute Ehlerding, Veronika Kimiti, Sergej Simkin<br \/>\nLeitung: <a title=\"Veronika Kimiti\" href=\"http:\/\/www.suzuki-musikkreis-ingolstadt.de\/index.php\/wir-ueber-uns\/unsere-lehrkraefte\/77-keine-kategorie\/90\"><em>Veronika Kimiti<\/em><\/a><\/p>\n<h1><span style=\"color: #008000;\">**************************<\/span><br \/>\n<span style=\"color: #008000;\"> **************************<\/span><br \/>\n**************************<\/h1>\n<p>&nbsp;<\/p>\n<h2><span style=\"color: #0000ff;\">14.-16.02.2014<\/span><\/h2>\n<p><strong>DEUTSCHES SUZUKI INSTITUT<\/strong><\/p>\n<p>Musikalische Fr\u00fchf\u00f6rderung \/ CML<br \/>\nLehrerausbildungskurs der Stufen 1 und 2<br \/>\nAusbildungsphase A<br \/>\nHeidelberg<br \/>\nLeitung: <a title=\"Marco Messina\" href=\"http:\/\/www.germansuzuki.com\/?p=4820\"><em>Marco Messina<\/em><\/a><\/p>\n<h1><span style=\"color: #008000;\"> **************************<\/span><br \/>\n<span style=\"color: #008000;\">**************************<\/span><br \/>\n**************************<\/h1>\n<p>&nbsp;<\/p>\n<h2><span style=\"color: #0000ff;\">15.02.2014<\/span><\/h2>\n<p><strong>BAYERISCHES <strong>SUZUKI INSTITUT<\/strong>, Abteilung Ingolstadt<\/strong><\/p>\n<p><strong>TAG der offenen T\u00dcR<\/strong><br \/>\n<strong>Johann-Michael-Sailer-Schule Ingolstadt<\/strong><\/p>\n<p><strong>Suzuki-Musikkreis der Johann-Michael-Sailer-Schule Ingolstadt<\/strong><br \/>\n<em><strong><strong>Anerkannte Suzuki-Schule der DSG<\/strong><\/strong><\/em><\/p>\n<p>Es spielen Sch\u00fcler der Klassen Andrea Agotha-Vajer, Traute Ehlerding, Veronika Kimiti, Sergej Simkin<br \/>\nLeitung: <a title=\"Veronika Kimiti\" href=\"http:\/\/www.suzuki-musikkreis-ingolstadt.de\/index.php\/wir-ueber-uns\/unsere-lehrkraefte\/77-keine-kategorie\/90\"><em>Veronika Kimiti<\/em><\/a><\/p>\n<h1><span style=\"color: #008000;\">**************************<br \/>\n**************************<\/span><br \/>\n**************************<\/h1>\n<p>&nbsp;<\/p>\n<h2><span style=\"color: #0000ff;\">M\u00e4rz 2014<\/span><\/h2>\n<p><strong>NORDDEUTSCHES SUZUKI INSTITUT, Abteilung Kiel<br \/>\nWORKSHOP mit Henning Vater, Leiter und Konzertmeister des <em>G\u00f6ttinger Barockorchesters<\/em><\/strong><br \/>\n<span style=\"color: #0000ff;\"><strong>Junge Camerata<\/strong><\/span><br \/>\n<em><strong><strong>Anerkannte Suzuki-Schule der DSG<\/strong><\/strong><\/em><\/p>\n<p>Leitung:<strong> <\/strong><a href=\"http:\/\/www.junge-camerata-academica.de\/\"><em>Isabel Morey Suau<\/em><\/a><\/p>\n<h1><span style=\"color: #008000;\">**************************<br \/>\n**************************<\/span><br \/>\n**************************<\/h1>\n<p>&nbsp;<\/p>\n<h2><span style=\"color: #0000ff;\">22.03.2014<\/span><\/h2>\n<p><strong><strong>BAYERISCHES <strong>SUZUKI INSTITUT<\/strong>, Abteilung Ingolstadt<\/strong><\/strong><\/p>\n<p><strong>SCHULMUSIKTAG<\/strong><strong><br \/>\n<strong><strong>Johann-Michael-Sailer-Schule Ingolstadt<br \/>\n<\/strong><\/strong><\/strong><br \/>\n<strong>Suzuki-Musikkreis der Johann-Michael-Sailer-Schule Ingolstadt<\/strong><br \/>\n<em><strong><strong>Anerkannte Suzuki-Schule der DSG<\/strong><\/strong><\/em><\/p>\n<p>Es spielen Sch\u00fcler der Klassen Andrea Agotha-Vajer, Traute Ehlerding, Veronika Kimiti, Sergej Simkin<br \/>\nLeitung: <a title=\"Veronika Kimiti\" href=\"http:\/\/www.suzuki-musikkreis-ingolstadt.de\/index.php\/wir-ueber-uns\/unsere-lehrkraefte\/77-keine-kategorie\/90\"><em>Veronika Kimiti<\/em><\/a><\/p>\n<h1><span style=\"color: #008000;\">**************************<br \/>\n**************************<\/span><br \/>\n**************************<\/h1>\n<p>&nbsp;<\/p>\n<h2><span style=\"color: #0000ff;\">28.-30.03.2014<\/span><\/h2>\n<p><strong>Cello-Lehrerkurs und Pr\u00fcfung der Stufe 1 + 2 in Mainz<br \/>\nPeter-Cornelius-Konservatorium<\/strong><br \/>\nDeutsche Suzuki Gesellschaft e.V.<\/p>\n<p><strong>Pr\u00fcfer:<\/strong><br \/>\nAntonio Mosca, Italien<br \/>\nCarol Bez, Schweiz<br \/>\n<strong>Leitung:<\/strong> <em><a href=\"http:\/\/www.germansuzuki.com\/?p=4027\">Anders Gr\u00f8n<\/a><\/em>, D\u00e4nemark<\/p>\n<h1><span style=\"color: #008000;\">**************************<br \/>\n**************************<\/span><br \/>\n**************************<\/h1>\n<p>&nbsp;<\/p>\n<h2><span style=\"color: #0000ff;\">11.-13.04.2014<\/span><\/h2>\n<p><strong>DEUTSCHES SUZUKI INSTITUT<\/strong><\/p>\n<p><strong>F\u00fcr Teilnehmer aller Lehrerkurse:<br \/>\nDreit\u00e4gige Kursphase in der Akademie Remscheid<br \/>\n<\/strong><\/p>\n<p><strong>Teacher Trainer und Dozenten:<br \/>\n<\/strong><a href=\"http:\/\/www.germansuzuki.com\/?page_id=1970\"><em>Kathrin Averdung<\/em><\/a><strong>,<\/strong><strong> <\/strong><strong> <\/strong><em><a href=\"http:\/\/www.germansuzuki.com\/?p=3216\">Rudolf G\u00e4hler<\/a><\/em><strong>,<\/strong><strong> <\/strong><strong> <\/strong><a href=\"http:\/\/www.germansuzuki.com\/?page_id=1970\"><em>Isabel Morey Suau<\/em><em> <\/em><\/a><strong>,<\/strong><strong> <\/strong><strong><\/strong><strong><\/strong><a title=\"Constanze Wurzel\" href=\"http:\/\/www.germansuzuki.com\/?page_id=1970\"><em>Constanze Wurzel<\/em><\/a><\/p>\n<p><strong>Leitung: <\/strong><em><a href=\"http:\/\/www.germansuzuki.com\/?page_id=203\"><em>Kerstin Wartberg.<\/em><\/a><br \/>\n<\/em><\/p>\n<h1><span style=\"color: #008000;\">**************************<\/span><br \/>\n<span style=\"color: #008000;\"> **************************<\/span><br \/>\n**************************<\/h1>\n<p>&nbsp;<\/p>\n<p>&nbsp;<\/p>\n<h2>22. -26.04.2014<\/h2>\n<p style=\"text-align: left;\"><strong>BADEN-W\u00dcRTTEMBERGISCHES SUZUKI INSTITUT, Abteilung Weinstadt<\/strong><\/p>\n<h2 style=\"text-align: left;\">Suzuki-Workshop f\u00fcr Violine und Cello in Weinstadt-Beutelsbach (b. Stuttgart)<\/h2>\n<p><strong>Leitung: <a title=\"Mike Hoover\" href=\"http:\/\/www.germansuzuki.com\/?page_id=1970\">Mike Hoover<\/a><\/strong><\/p>\n<h2><strong>EINLADUNG zum <a title=\"JUBIL\u00c4UMSWORKSHOP\" href=\"http:\/\/www.germansuzuki.com\/?p=4751\"><strong>JUBIL\u00c4UMSWORKSHOP<\/strong><\/a><br \/>\n<\/strong><\/h2>\n<p><a href=\"http:\/\/www.germansuzuki.com\/wp-content\/uploads\/2013\/12\/Hoover_1.jpg\"><img decoding=\"async\" loading=\"lazy\" alt=\"Hoover_1\" src=\"http:\/\/www.germansuzuki.com\/wp-content\/uploads\/2013\/12\/Hoover_1-300x82.jpg\" width=\"353\" height=\"98\" \/><\/a><\/p>\n<h6>20 Jahre <strong>Suzuki-Unterricht an der Musikschule Unteres Remstal<br \/>\n<\/strong><\/h6>\n<h1><span style=\"color: #008000;\">**************************<br \/>\n**************************<\/span><br \/>\n**************************<\/h1>\n<p>&nbsp;<\/p>\n<h2>16.-23.05.2014<\/h2>\n<p><strong><strong>BAYERISCHES <strong>SUZUKI INSTITUT<\/strong>, Abteilung Ingolstadt<\/strong><\/strong><\/p>\n<p><strong>Ungarn-Austausch<\/strong><strong><br \/>\n<strong><strong><\/strong><\/strong><\/strong><\/p>\n<p><strong><strong><strong><span style=\"color: #0000ff;\"><b>22.05.2014:<\/b> Abschlusskonzert <\/span><b><span style=\"color: #0000ff;\">der Ungarnfahrer<\/span><br \/>\n<strong>Johann-Michael-Sailer-Schule Ingolstadt<\/strong><\/b><br \/>\n<\/strong><\/strong><\/strong><br \/>\n<strong>Suzuki-Musikkreis der Johann-Michael-Sailer-Schule Ingolstadt<\/strong><br \/>\n<em><strong><strong>Anerkannte Suzuki-Schule der DSG<\/strong><\/strong><\/em><strong><strong><br \/>\n<\/strong><\/strong><\/p>\n<p><strong><strong><em>Leitung: <a title=\"Veronika Kimiti\" href=\"http:\/\/www.suzuki-musikkreis-ingolstadt.de\/index.php\/wir-ueber-uns\/unsere-lehrkraefte\/77-keine-kategorie\/90\"><em>Veronika Kimiti<\/em><\/a><\/em><br \/>\n<\/strong><\/strong><\/p>\n<h1><span style=\"color: #008000;\">**************************<br \/>\n**************************<\/span><br \/>\n**************************<\/h1>\n<h2>17. Mai, 16.00 Uhr<\/h2>\n<p><strong>Kammer-Benefizkonzert des Suzuki-Ensembles Hattingen<br \/>\nzugunsten von &#8222;Save the Children&#8220;<\/strong><\/p>\n<p>Stadtmuseum Hattingen in Blankenstein, Marktplatz 1-3<br \/>\n<strong>Leitung: <em><a href=\"http:\/\/www.germansuzuki.com\/wp-content\/uploads\/2012\/02\/Koszalka.pdf\">Maria Koszalka<\/a><\/em><\/strong><\/p>\n<h1>**************************<br \/>\n<span style=\"color: #003300;\">**************************<\/span><br \/>\n<span style=\"color: #003300;\"> **************************<\/span><\/h1>\n<h2><\/h2>\n<h2><span style=\"color: #0000ff;\">29. \u2013 31.05.2014<\/span><\/h2>\n<p><strong><b>\u201cHimmelfahrt\u201d-Suzuki-Workshop <\/b><br \/>\n<\/strong><\/p>\n<p>Ev. Thomas-Kirchengemeinde, Eugen-Richter-Str. 10, 40470 D\u00fcsseldorf<\/p>\n<p><b>Programm:<br \/>\n<\/b>Gruppenstunden<b> <\/b>v. Pre-Twinkle bis Heft 7<br \/>\n<span style=\"color: #0000ff;\"><strong>Samstag, 16.00 Uhr: Konzert in der Thomaskirche<\/strong><\/span><\/p>\n<p><strong>Leitung: <em>Ines Armanino<\/em>, D\u00fcsseldorf<br \/>\n<span style=\"color: #333333;\">Informationen: ines.armanino@me.com<\/span><\/strong><\/p>\n<p><strong>\u00a0<\/strong><\/p>\n<h1><span style=\"color: #008000;\">**************************<br \/>\n**************************<\/span><br \/>\n**************************<\/h1>\n<h2><\/h2>\n<h2><span style=\"color: #0000ff;\">30.05. &#8211; 01.06.2014<\/span><\/h2>\n<p><strong><strong>NORDDEUTSCHES SUZUKI INSTITUT, Abteilung Kiel<\/strong><br \/>\nSuzuki Workshop: Workshop auf Hof Brache<br \/>\n<\/strong>Wielen<br \/>\n<strong>Gastdozenten:<\/strong> <em>David Rodriguez<\/em> und <em>Claudio Forcada<\/em><\/p>\n<p><strong>Junge Camerata<\/strong><br \/>\n<em><strong><strong>Anerkannte Suzuki-Schule der DSG<\/strong><\/strong><\/em><br \/>\nLeitung:<strong> <\/strong><a href=\"http:\/\/www.junge-camerata-academica.de\/\"><em>Isabel Morey Suau<\/em><\/a><\/p>\n<h1><span style=\"color: #008000;\">**************************<br \/>\n**************************<\/span><br \/>\n**************************<\/h1>\n<h2>21.06.2014, 11:00 Uhr<\/h2>\n<p><strong><span style=\"color: #000080;\">Er\u00f6ffnungskonzert der<br \/>\nSuzuki Geigenschule Berlin<br \/>\n<\/span><\/strong><\/p>\n<p><strong>Taiji School Berlin, Willibald-Alexis-Str. 12, 10965 Berlin<\/strong><br \/>\n<strong>Leitung: Margherita Biederbick<\/strong><\/p>\n<h1><span style=\"color: #008000;\">**************************<\/span><br \/>\n<span style=\"color: #008000;\"> **************************<\/span><br \/>\n**************************<\/h1>\n<h2><span style=\"color: #0000ff;\">28. Juni, 16.00 Uhr<\/span><\/h2>\n<p><strong>Sommer-Benefizkonzert der Suzuki-Sch\u00fcler Hattingen<\/strong><br \/>\n<strong>zugunsten von &#8222;\u00c4rzte ohne Grenzen&#8220;<\/strong><\/p>\n<p>Altes Rathaus, Untermarkt 9<br \/>\n<strong>Leitung: <em><a href=\"http:\/\/www.germansuzuki.com\/wp-content\/uploads\/2012\/02\/Koszalka.pdf\">Maria Koszalka<\/a><\/em><\/strong><\/p>\n<h1><span style=\"color: #008000;\">**************************<\/span><br \/>\n<span style=\"color: #008000;\"> **************************<\/span><br \/>\n<span style=\"color: #003300;\"> **************************<\/span><\/h1>\n<h2><span style=\"color: #0000ff;\">27. &#8211; 29.06.2014<\/span><\/h2>\n<p><strong> SUZUKI-TAGE IM PARK<br \/>\nSuzuki- und Orchester-Workshop in F\u00fcrth<\/strong><\/p>\n<p><strong><a href=\"http:\/\/www.germansuzuki.com\/wp-content\/uploads\/2014\/01\/Einladung-STiP-2014.pdf\">Anmeldung und Infos<\/a><\/strong><br \/>\n<em><\/em><\/p>\n<p>SUZUKI-KREIS Mittelfranken e.V.<br \/>\nLeitung:<strong> <\/strong><a href=\"http:\/\/www.musikschule-fuerth.de\/Frank-Richter\/m184l1\/Frank-Richter.html\"><em>Frank Richter<\/em><\/a><\/p>\n<h1><span style=\"color: #008000;\">**************************<\/span><br \/>\n<span style=\"color: #008000;\"> **************************<\/span><br \/>\n<span style=\"color: #000000;\">**************************<\/span><\/h1>\n<h2><span style=\"color: #0000ff;\">12.07.2014, 15:00 Uhr<\/span><\/h2>\n<p><span style=\"color: #000000;\"><strong><strong>NORDDEUTSCHES SUZUKI INSTITUT, Abteilung Braunschweig<\/strong><br \/>\nGro\u00dfes Suzuki Sommerkonzert<br \/>\n<\/strong>Konzertsaal der Musischen Akademie CJD im Braunschweig<\/span><\/p>\n<p><span style=\"color: #000000;\"> Leitung:<a title=\"Olga Bereznitskaya\" href=\"http:\/\/www.germansuzuki.com\/?p=4954\"><strong> <em>Olga Bereznitskaya <\/em><\/strong><\/a><\/span><\/p>\n<h1><span style=\"color: #008000;\">**************************<\/span><br \/>\n<span style=\"color: #008000;\"> **************************<\/span><br \/>\n<span style=\"color: #000000;\"> **************************\u00a0<\/span><\/h1>\n<p>&nbsp;<\/p>\n<h2>11. -13.07.2014<\/h2>\n<h2>Suzuki-Workshop Oberwesel<\/h2>\n<p><strong>Leitung: Liana Mogilevskaja<br \/>\nDozenten: Katalin Szigeti, Ditte Barth, Gino Romero Ramirez,Viktoria Burjakovskaja, Janine Zillmann, Heidi K\u00f6nig, Liana Mogilevskaja, Olga Nodel, David Rodriguez. <\/strong><\/p>\n<h1><span style=\"color: #008000;\">**************************<\/span><br \/>\n<span style=\"color: #008000;\"> **************************<\/span><br \/>\n**************************<\/h1>\n<h2>31.7. &#8211; 3.8.2014<\/h2>\n<p><strong>9. Internationales Suzuki Festival M\u00fcrzzuschlag, \u00d6sterreich<\/strong><\/p>\n<p>4 Tage intensives Programm mit<\/p>\n<ul>\n<li>Suzuki-Gruppenunterricht<\/li>\n<li>Orchesterspiel<\/li>\n<li>Konzerten<\/li>\n<li>Einzelunterricht<\/li>\n<li>gemeinsamem Freizeitprogramm<\/li>\n<\/ul>\n<p><strong>Infos &amp; Anmeldung<\/strong><\/p>\n<p>Veranstalter: AUSTRIAN SUZUKI INSTITUTE of MUSIC (ASIOM)<\/p>\n<h1><span style=\"color: #008000;\">**************************<br \/>\n**************************<\/span><br \/>\n**************************<\/h1>\n<p>&nbsp;<\/p>\n<h2>02. &#8211; 09.08.2014<\/h2>\n<p><strong><a title=\"5. Internationale Sommerschule in der Schweiz\" href=\"http:\/\/www.germansuzuki.com\/?p=4784\">5. Internationale Sommerschule in der Schweiz<\/a><br \/>\n<\/strong><\/p>\n<p>in <strong>CH-3800 Interlaken<\/strong> (Berner Oberland)<\/p>\n<ul>\n<li><em>T\u00e4glicher Einzelunterricht in Masterclasses<\/em><\/li>\n<li><em>Gruppenstunden<\/em><\/li>\n<li><em>Vomblattspielen und fiddeln<\/em><\/li>\n<li><em>Elternpodium<\/em><\/li>\n<li><em>Verschiedene Konzerte<\/em><\/li>\n<li><em>Grosses Schlusskonzert<\/em><\/li>\n<\/ul>\n<p>Leitung:<em> <a href=\"http:\/\/www.germansuzuki.com\/?page_id=1970\">Agathe Jerie<\/a><br \/>\n<\/em><\/p>\n<h1><span style=\"color: #008000;\">**************************<br \/>\n**************************<\/span><br \/>\n**************************<\/h1>\n<p>&nbsp;<\/p>\n<h2>12. &#8211; 14.09.2014<\/h2>\n<p><strong><strong>DEUTSCHES SUZUKI INSTITUT<\/strong><br \/>\nViolin-Lehrerkurse und -Pr\u00fcfungen der Stufen 1-5<br \/>\nAkademie Remscheid<br \/>\nPr\u00fcfer:<br \/>\nMary Trewin, England<br \/>\nAndrea Mugrauer, \u00d6sterreich<br \/>\n<\/strong><\/p>\n<h1><span style=\"color: #008000;\">**************************<\/span><br \/>\n<span style=\"color: #008000;\"> **************************<\/span><br \/>\n**************************<\/h1>\n<p>&nbsp;<\/p>\n<h2>26. &#8211; 28.09. 2014<\/h2>\n<p><strong><strong>BAYERISCHES <strong>SUZUKI INSTITUT<\/strong>, Abteilung Ingolstadt<\/strong><\/strong><\/p>\n<p><strong>WORKSHOP<\/strong><strong><strong><strong><br \/>\n<\/strong><\/strong><\/strong><strong>Suzuki-Musikkreis der Johann-Michael-Sailer-Schule Ingolstadt<\/strong><br \/>\n<em><strong><strong>Anerkannte Suzuki-Schule der DSG<\/strong><\/strong><\/em><strong><strong><br \/>\n<\/strong><\/strong><\/p>\n<p><strong>Leitung: <a title=\"Veronika Kimiti\" href=\"http:\/\/www.suzuki-musikkreis-ingolstadt.de\/index.php\/wir-ueber-uns\/unsere-lehrkraefte\/77-keine-kategorie\/90\"><em>Veronika Kimiti<\/em><\/a><\/strong><\/p>\n<h3><\/h3>\n<h1><span style=\"color: #008000;\">**************************<br \/>\n**************************<\/span><br \/>\n**************************<\/h1>\n<p>&nbsp;<\/p>\n<h2>13. \u2013 21.10.2014<\/h2>\n<p><strong>NORDDEUTSCHES SUZUKI INSTITUT, Abteilung Kiel<\/strong><\/p>\n<p><strong>&#8222;Junge Camerata&#8220; &#8211; Konzertreise nach Mallorca 2014<\/strong><br \/>\nZu dieser Reise sind alle Teilnehmer der Violinlehrerkurse herzlich eingeladen. Die aktive Teilnahme gilt als Unterrichtspraktikum. Vormittags k\u00f6nnen Sie bei den dreist\u00fcndigen Proben der 4 \u2013 14 j\u00e4hrigen Sch\u00fcler hospitieren und assistieren. Die Nachmittage stehen Ihnen zur freien Verf\u00fcgung. Abends finden Konzerte u.a. in der Kathedrale von Palma statt, bei denen Sie mithelfen sollten: z.B. Geigen stimmen, Kinder f\u00fcr ihren Auftritt auf die B\u00fchne bringen etc. Diese Konzertreise ist eine ideale Mischung aus Praktikum und Urlaub.<br \/>\n<strong>Leitung: <a href=\"http:\/\/www.junge-camerata-academica.de\/\"><em>Isabel Morey Suau<\/em><\/a><\/strong><\/p>\n<h1><span style=\"color: #008000;\">**************************<br \/>\n**************************<\/span><br \/>\n**************************<\/h1>\n<blockquote>\n<h2>6. EUROP\u00c4ISCHE LEHRERKONFERENZ 2014<\/h2>\n<h2>f\u00fcr Suzuki Violin-, Viola- und Cellolehrer<br \/>\n31. Oktober \u2013 3. November 2014<\/h2>\n<h2><\/h2>\n<h2><strong>Sixth Suzuki Teachers\u2019 Xchange Weekend in GERMANY <em><br \/>\n(Violin\/Viola\/Cello)<\/em><\/strong><\/h2>\n<h2><\/h2>\n<p><span style=\"color: #0000ff;\"><strong>LET US WORK TOGETHER!<\/strong><\/span><\/p>\n<blockquote><p><span style=\"color: #000000;\"><strong>Aufgrund der \u00fcberaus positiven Reaktionen und auf Bitten<br \/>\nvieler Kursteilnehmer haben wir erneut<br \/>\n<span style=\"color: #0000ff;\">SIMOM FISCHER<\/span> als Gastreferent eingeladen.<\/strong><\/span><\/p>\n<p><strong><span style=\"color: #000000;\">Und JA!<\/span><\/strong><br \/>\n<span style=\"color: #000000;\"><strong> Er stimmte zu und wird auch<\/strong> <strong>im Jahr 2014 <strong>zu unserer n\u00e4chsten Konferenz nach Remscheid kommen<\/strong><\/strong>!<\/span><\/p><\/blockquote>\n<h2><span style=\"color: #000000;\">\u00a0<\/span><\/h2>\n<p><strong><span style=\"color: #0000ff;\">Akademie Remscheid<\/span><br \/>\n<span style=\"color: #0000ff;\">Kurs A: <\/span><span style=\"color: #000000;\">31.10. &#8211; 01.11.2014 Intensivkurs f\u00fcr Suzuki-Violinlehrer:<\/span><span style=\"color: #000000;\"> Heft 4 \u2013 Revised Edition<\/span><br \/>\n<span style=\"color: #0000ff;\">Kurs B: <\/span> <\/strong><strong><span style=\"color: #000000;\">01. &#8211; 02.11.2014 Europ\u00e4ische Suzukilehrer Konferenz<\/span><br \/>\n<\/strong><span style=\"color: #0000ff;\"><strong>Kurs C: <\/strong><\/span><span style=\"color: #000000;\"><strong>01. &#8211; 02.11.2014 <\/strong><strong>Kompaktseminar f\u00fcr Geiger und Cellisten: <\/strong><strong><br \/>\n<\/strong>Einf\u00fchrungskurs in die Suzuki-Unterrichtsmethode &amp; Kurs mit Simon Fischer <\/span><strong><br \/>\n<\/strong><strong><span style=\"color: #0000ff;\">Kurs D: <\/span> <\/strong><strong><span style=\"color: #000000;\">02. &#8211; 03.11.2014 Intensivkurs f\u00fcr Suzuki-Violinlehrer: <\/span><\/strong><strong><strong>Ziele im ersten Unterrichtsjahr<\/strong><br \/>\n<\/strong><strong><span style=\"color: #0000ff;\">Kurs E:<\/span> <\/strong><span style=\"color: #000000;\"><strong>02. &#8211; 03.11.2014 <\/strong><strong>Cello-Lehrerkurs<\/strong><\/span><\/p>\n<p style=\"text-align: left;\">Konferenz-Leitung: <a href=\"http:\/\/www.germansuzuki.com\/?page_id=203\"><em>Kerstin Wartberg<\/em><\/a><\/p>\n<\/blockquote>\n<p>&nbsp;<\/p>\n<h2>07.12.2014<\/h2>\n<p><strong><strong>NORDDEUTSCHES SUZUKI INSTITUT, Abteilung Kiel<\/strong><\/strong><\/p>\n<p>Weihnachtskonzert<br \/>\nPaulus Kirche, Kiel<br \/>\nJunge Camerata<\/p>\n<p>Leitung:<strong> <\/strong><a href=\"http:\/\/www.junge-camerata-academica.de\/\"><em>Isabel Morey Suau<\/em><\/a><\/p>\n<h1><span style=\"color: #008000;\">**************************<br \/>\n**************************<\/span><br \/>\n**************************<\/h1>\n<h2>Termin\u00fcbersicht 2015<\/h2>\n<h1><span style=\"color: #008000;\">**************************<\/span><br \/>\n<span style=\"color: #008000;\"> **************************<\/span><br \/>\n**************************<\/h1>\n<h2>01.-03.05.2015<\/h2>\n<p><strong><strong>Lehrerkurs auf Mallorca<br \/>\n<span style=\"font-size: large;\">Kurs f\u00fcr Suzuki-ViolinlehrerInnen<br \/>\n<\/span><\/strong><\/strong><\/p>\n<p>Es finden drei parallele Intensivkurse f\u00fcr die <strong>Hefte 1, 3 und 7<\/strong> statt.<\/p>\n<p>Vom <b>28. bis 30. April 2015 <\/b>besteht au\u00dferdem die M\u00f6glichkeit, Einzelunterricht bei Frau Wartberg oder Herrn G\u00e4hler zu erhalten.<br \/>\nDas Programm wird individuell mit dem Kursteilnehmer festgelegt.<\/p>\n<p>Die Teilnehmer wohnen <b>direkt am Meer <\/b>in einem <b>4-Sterne-Hotel zu \u00e4u\u00dferst g\u00fcnstigen Preisen<\/b>, die etwa die H\u00e4lfte des normalen Hotelpreises betragen (in etwa mit den Preisen der Akademie Remscheid zu vergleichen). Es besteht auch die M\u00f6glichkeit, Familienangeh\u00f6rige mitzubringen.<\/p>\n<p>&nbsp;<\/p>\n<h1><span style=\"color: #008000;\">**************************<\/span><br \/>\n<span style=\"color: #008000;\"> **************************<\/span><br \/>\n**************************<\/h1>\n<h2>06.\/07.06.2015<\/h2>\n<p><strong><strong>Kinder-Workshop in Braunschweig<br \/>\n<\/strong><\/strong><\/p>\n<p><strong>Musische Akademie im CJD Braunschweig<br \/>\n<strong>Leitung:<a title=\"Olga Bereznitskaya\" href=\"http:\/\/www.germansuzuki.com\/?p=4954\"><strong> <em>Olga Bereznitskaya <\/em><\/strong><\/a><\/strong><br \/>\n<\/strong><\/p>\n<h1><span style=\"color: #008000;\">**************************<\/span><br \/>\n<span style=\"color: #008000;\"> **************************<\/span><br \/>\n**************************<\/h1>\n<h2>26.-28.06.2015<\/h2>\n<p><strong><strong>CELLO-WORKSHOP in Wolfhagen<br \/>\nMusikschule Wolfhager Land<br \/>\n<\/strong><\/strong><\/p>\n<p><strong>Gastdozenten:<\/strong><br \/>\n<strong>Carol Bez<\/strong><br \/>\n<strong>Anders Gr\u00f8n<\/strong><br \/>\n<strong>Ulrike Volle<\/strong><\/p>\n<p><strong>Leitung: <a href=\"http:\/\/musikschule-wolfhager-land.de\/musikschule\/unser-team\/erika-umanez\/\">Erika Umanez<\/a><\/strong><\/p>\n<h1><span style=\"color: #008000;\">**************************<\/span><br \/>\n<span style=\"color: #008000;\"> **************************<\/span><br \/>\n**************************<\/h1>\n<h2>29.06.2015<\/h2>\n<p><strong><strong>DEUTSCHES SUZUKI INSTITUT<\/strong><\/strong><\/p>\n<p><strong><strong>Cello-Examen f\u00fcr Teilnehmer der Suzuki-Lehrerausbildungskurse<br \/>\n<\/strong><\/strong><\/p>\n<p><strong>Pr\u00fcfer:<\/strong><br \/>\n<strong>Carol Bez<\/strong><br \/>\n<strong>Anders Gr\u00f8n<br \/>\n<\/strong><strong>N.N.<\/strong><\/p>\n<h1><span style=\"color: #008000;\">**************************<\/span><br \/>\n<span style=\"color: #008000;\"> **************************<\/span><br \/>\n**************************<\/h1>\n<h2>11.-13.09.2015<\/h2>\n<p><strong><strong>DEUTSCHES SUZUKI INSTITUT<\/strong><\/strong><\/p>\n<p><strong><strong>Violin-Examen f\u00fcr Teilnehmer der Suzuki-Lehrerausbildungskurse<br \/>\n<\/strong><\/strong><\/p>\n<p><strong>Musische Akademie im CJD Braunschweig<\/strong><\/p>\n<h1><span style=\"color: #008000;\">**************************<\/span><br \/>\n<span style=\"color: #008000;\"> **************************<\/span><br \/>\n**************************<\/h1>\n<h2><\/h2>\n<h2><\/h2>\n<h2>7. EUROP\u00c4ISCHE LEHRERKONFERENZ 2015<\/h2>\n<h2>f\u00fcr Suzuki Violin-, Viola- und Cellolehrer<br \/>\n30. Oktober \u2013 2. November 2015<\/h2>\n<p><span style=\"color: #008000;\"><strong>LET US WORK TOGETHER!<\/strong><\/span><\/p>\n<p>Konferenz-Leitung: <a href=\"http:\/\/www.germansuzuki.com\/?page_id=203\"><em>Kerstin Wartberg<\/em><\/a><\/p>\n<p>&nbsp;<\/p>\n","protected":false},"excerpt":{"rendered":"<p>Veranstaltungen von Suzukilehrern der DSG und europ\u00e4ischen Gastdozenten Liebe Kolleginnen und Kollegen, hier finden Sie die Termine 2014, die bisher unser B\u00fcro erreicht haben. Diese Liste wird st\u00e4ndig aktualisiert. Falls&#8230;<\/p>\n","protected":false},"author":2,"featured_media":0,"comment_status":"open","ping_status":"open","sticky":false,"template":"","format":"standard","meta":[],"categories":[18],"tags":[],"_links":{"self":[{"href":"https:\/\/www.germansuzuki.de\/index.php?rest_route=\/wp\/v2\/posts\/4845"}],"collection":[{"href":"https:\/\/www.germansuzuki.de\/index.php?rest_route=\/wp\/v2\/posts"}],"about":[{"href":"https:\/\/www.germansuzuki.de\/index.php?rest_route=\/wp\/v2\/types\/post"}],"author":[{"embeddable":true,"href":"https:\/\/www.germansuzuki.de\/index.php?rest_route=\/wp\/v2\/users\/2"}],"replies":[{"embeddable":true,"href":"https:\/\/www.germansuzuki.de\/index.php?rest_route=%2Fwp%2Fv2%2Fcomments&post=4845"}],"version-history":[{"count":50,"href":"https:\/\/www.germansuzuki.de\/index.php?rest_route=\/wp\/v2\/posts\/4845\/revisions"}],"predecessor-version":[{"id":5382,"href":"https:\/\/www.germansuzuki.de\/index.php?rest_route=\/wp\/v2\/posts\/4845\/revisions\/5382"}],"wp:attachment":[{"href":"https:\/\/www.germansuzuki.de\/index.php?rest_route=%2Fwp%2Fv2%2Fmedia&parent=4845"}],"wp:term":[{"taxonomy":"category","embeddable":true,"href":"https:\/\/www.germansuzuki.de\/index.php?rest_route=%2Fwp%2Fv2%2Fcategories&post=4845"},{"taxonomy":"post_tag","embeddable":true,"href":"https:\/\/www.germansuzuki.de\/index.php?rest_route=%2Fwp%2Fv2%2Ftags&post=4845"}],"curies":[{"name":"wp","href":"https:\/\/api.w.org\/{rel}","templated":true}]}}