{"id":4820,"date":"2013-12-10T20:52:15","date_gmt":"2013-12-10T18:52:15","guid":{"rendered":"http:\/\/www.germansuzuki.com\/?p=4820"},"modified":"2013-12-11T19:08:09","modified_gmt":"2013-12-11T17:08:09","slug":"neue-kurse-ab-februar-2014-musikalische-fruehfoerderung-cml","status":"publish","type":"post","link":"https:\/\/www.germansuzuki.de\/?p=4820","title":{"rendered":"Neue Kurse ab Februar 2014: Musikalische Fr\u00fchf\u00f6rderung \/ CML"},"content":{"rendered":"<h2 style=\"text-align: left;\"><strong>Ab Februar 2014 bietet die DSG<br \/>\n<span style=\"color: #339966;\">neue Ausbildungslehrg\u00e4nge<\/span> mit Pr\u00fcfungsabschluss<br \/>\nf\u00fcr das <span style=\"color: #339966;\">Musikalische Fr\u00fchf\u00f6rderungsprogramm<\/span><br \/>\n(CML, fr\u00fcher <em>Ritmica<\/em> genannt) an,<br \/>\n<\/strong><\/h2>\n<p style=\"text-align: left;\"><strong>entwickelt von <em>Elena Enrico<\/em> (Italienisches Suzuki Institut).<\/strong><\/p>\n<p style=\"text-align: left;\"><a href=\"http:\/\/www.germansuzuki.com\/wp-content\/uploads\/2012\/09\/CML_1.jpg\"><img decoding=\"async\" loading=\"lazy\" title=\"CML_1\" alt=\"\" src=\"http:\/\/www.germansuzuki.com\/wp-content\/uploads\/2012\/09\/CML_1.jpg\" width=\"271\" height=\"177\" \/><\/a><\/p>\n<p style=\"text-align: left;\">&#8222;Children\u2019s Musical Garden&#8220; wurde als <strong>Vorbereitungskurs auf den Suzuki-Unterricht<\/strong> entwickelt.<\/p>\n<p style=\"text-align: left;\">In mehreren europ\u00e4ischen Suzuki-Instituten hat es mittlerweile einen wichtigen Platz, da es sowohl fachlich als auch wirtschaftlich die Suzuki-Arbeit unterst\u00fctzt.<\/p>\n<p style=\"text-align: left;\">Mit diesen Eltern-\/Kind-Kursen<strong> <\/strong>gelingt es besser, neue Sch\u00fcler mit ihren Eltern f\u00fcr den Suzuki-Unterricht zu interessieren und auf diesen Weg vorzubereiten.<\/p>\n<p style=\"text-align: left;\">Auf spielerische Weise werden erste Erfahrungen gesammelt.<\/p>\n<p style=\"text-align: left;\">Der Kurs richtet sich unabh\u00e4ngig von ihrem Hauptinstrument an alle Suzukilehrer, die u.a. mit diesem Programm<\/p>\n<ul style=\"text-align: left;\">\n<li>Kinder sowohl allgemein-musikalisch als auch hinsichtlich der grunds\u00e4tzlichen Lernbereitschaft auf spielerische Weise f\u00f6rdern wollen<\/li>\n<li>das \u00dcben zuhause mit einem Elternteil anregen und ein\u00fcben wollen (die Eltern sollen beispielsweise t\u00e4glich mit ihrem Kind \u00fcben und bestimmte Lieder mit ihm singen, Finger\u00fcbungen und Rhythmen trainieren etc.)<\/li>\n<li>Kinder und Eltern mit einem Gro\u00dfteil des Repertoires aus dem 1. Suzuki-Heft vertraut machen wollen<\/li>\n<\/ul>\n<p style=\"text-align: left;\"><a href=\"http:\/\/www.germansuzuki.com\/wp-content\/uploads\/2012\/09\/CML_2.jpg\"><img decoding=\"async\" loading=\"lazy\" class=\"alignnone size-full wp-image-3733\" style=\"border: 1px solid black;\" title=\"CML_2\" alt=\"\" src=\"http:\/\/www.germansuzuki.com\/wp-content\/uploads\/2012\/09\/CML_2.jpg\" width=\"246\" height=\"185\" srcset=\"https:\/\/www.germansuzuki.de\/wp-content\/uploads\/2012\/09\/CML_2.jpg 308w, https:\/\/www.germansuzuki.de\/wp-content\/uploads\/2012\/09\/CML_2-300x225.jpg 300w\" sizes=\"(max-width: 246px) 100vw, 246px\" \/><\/a><\/p>\n<p style=\"text-align: left;\"><span style=\"color: #0000ff;\"><strong>Die Ausbildung zum Lehrer des musikalischen Fr\u00fchf\u00f6rderungsprogrammes gliedert sich in drei Abschnitte:<\/strong><\/span><\/p>\n<p style=\"text-align: left;\">Kurs 1A, 1B und 1C mit einer anschlie\u00dfenden Pr\u00fcfungsphase.<br \/>\nJede der drei Kursphasen geht jeweils von Freitag bis Sonntag.<\/p>\n<p style=\"text-align: left;\"><span style=\"color: #0000ff;\"><strong>Die erste Ausbildungsphase (Kurs 1A)<\/strong><\/span> findet vom\u00a014. \u2013 16. Februar 2014 in Heidelberg statt.<br \/>\nBeginn: 14.02.2014, 14:30 Uhr<br \/>\nEnde: 16.02.2014, 13:30 Uhr<\/p>\n<p style=\"text-align: left;\"><span style=\"color: #0000ff;\"><strong>Mindestteilnehmerzahl:<\/strong><\/span> 7 Personen.<\/p>\n<p style=\"text-align: left;\"><strong><span style=\"color: #0000ff;\">Kursleitung:<\/span><\/strong> Marco Messina, Italien<\/p>\n<p style=\"text-align: left;\"><a href=\"http:\/\/www.germansuzuki.com\/wp-content\/uploads\/2012\/09\/CML_4_Messina.jpg\"><img decoding=\"async\" loading=\"lazy\" class=\"alignnone size-full wp-image-3732\" title=\"CML_4_Messina\" alt=\"\" src=\"http:\/\/www.germansuzuki.com\/wp-content\/uploads\/2012\/09\/CML_4_Messina.jpg\" width=\"247\" height=\"204\" \/><\/a><\/p>\n<p style=\"text-align: left;\"><strong><span style=\"color: #0000ff;\">Geb\u00fchr f\u00fcr den dreit\u00e4gigen Kurs 1A<\/span><\/strong> in Heidelberg: 190,00 EUR (f\u00fcr DSG-Mitglieder)<\/p>\n<p>&nbsp;<\/p>\n<h2 style=\"text-align: left;\"><span style=\"color: #003300;\">Ein Anmeldeformular f\u00fcr die erste Phase des<strong> <\/strong>Ausbildungslehrganges finden Sie\u00a0<strong><span style=\"text-decoration: underline;\"><a href=\"http:\/\/www.germansuzuki.com\/wp-content\/uploads\/2013\/12\/Anmeldung_Messina_2014.pdf\">HIER.<\/a><\/span><\/strong><\/span><\/h2>\n<h2 style=\"text-align: left;\"><span style=\"color: #0000ff;\">Weitere Informationen zum <\/span><\/h2>\n<h2 style=\"text-align: left;\"><span style=\"color: #0000ff;\">Musikalischen Fr\u00fchf\u00f6rderungsprogramm <\/span><\/h2>\n<p style=\"text-align: left;\">Das Programm wendet sich an 3-6 j\u00e4hrige Kinder und ihre Eltern. Nach einigen Monaten sind die Kinder bestens vorbereitet, ein Instrument zu erlernen, denn zu diesem Zeitpunkt kennen die Kinder bereits das Repertoire des ersten Suzuki-Heftes und sind mit ihm innerlich vertraut, da sie dazu gesungen und getanzt haben sowie mit jedem einzelnen St\u00fcck viele Spiele und \u00dcbungen verbinden.<\/p>\n<p style=\"text-align: left;\">In diesen Eltern-\/Kind-Kursen werden zahlreiche F\u00e4higkeiten entwickelt: Feinmotorik, Koordination, Disziplin, Lernverhalten, Entwicklung des melodischen, harmonischen und rhythmischen Geh\u00f6rs, Singen und Auswendiglernen.<\/p>\n<p style=\"text-align: left;\">Der Kurs vermittelt auch den Eltern viele gute Erfahrungen. Sie erhalten beispielsweise Anregungen f\u00fcr das t\u00e4gliche \u00dcben zuhause, lernen ihrem Kind zu helfen, wie es seine F\u00e4higkeiten verbessern und die L\u00e4nge seiner Aufmerksamkeitsspanne erweitern kann.<br \/>\nIn Italien ist dieses Programm mittlerweile weit verbreitet. Seit 1985 wurde es kontinuierlich weiterentwickelt. Viele Schulen (Suzuki-Schulen, Kinderg\u00e4rten, Grundschulen, traditionelle Musikschulen und sogar Musikhochschulen) haben CML in ihr Unterrichtsangebot aufgenommen. Nicht zuletzt bilden diese Kurse die finanzielle Grundlage von vielen Suzuki-Schulen, besonders in Italien.<\/p>\n<p style=\"text-align: left;\">Seit mehreren Jahren wird dieses Programm auch in anderen europ\u00e4ischen L\u00e4ndern angewendet.<br \/>\nWeitere Informationen erhalten Sie auf der Website <a href=\"www.musicalgarden.it\">www.musicalgarden.it<\/a><\/p>\n","protected":false},"excerpt":{"rendered":"<p>Ab Februar 2014 bietet die DSG neue Ausbildungslehrg\u00e4nge mit Pr\u00fcfungsabschluss f\u00fcr das Musikalische Fr\u00fchf\u00f6rderungsprogramm (CML, fr\u00fcher Ritmica genannt) an, entwickelt von Elena Enrico (Italienisches Suzuki Institut). &#8222;Children\u2019s Musical Garden&#8220; wurde&#8230;<\/p>\n","protected":false},"author":2,"featured_media":3733,"comment_status":"open","ping_status":"open","sticky":false,"template":"","format":"standard","meta":[],"categories":[3],"tags":[],"_links":{"self":[{"href":"https:\/\/www.germansuzuki.de\/index.php?rest_route=\/wp\/v2\/posts\/4820"}],"collection":[{"href":"https:\/\/www.germansuzuki.de\/index.php?rest_route=\/wp\/v2\/posts"}],"about":[{"href":"https:\/\/www.germansuzuki.de\/index.php?rest_route=\/wp\/v2\/types\/post"}],"author":[{"embeddable":true,"href":"https:\/\/www.germansuzuki.de\/index.php?rest_route=\/wp\/v2\/users\/2"}],"replies":[{"embeddable":true,"href":"https:\/\/www.germansuzuki.de\/index.php?rest_route=%2Fwp%2Fv2%2Fcomments&post=4820"}],"version-history":[{"count":4,"href":"https:\/\/www.germansuzuki.de\/index.php?rest_route=\/wp\/v2\/posts\/4820\/revisions"}],"predecessor-version":[{"id":4826,"href":"https:\/\/www.germansuzuki.de\/index.php?rest_route=\/wp\/v2\/posts\/4820\/revisions\/4826"}],"wp:featuredmedia":[{"embeddable":true,"href":"https:\/\/www.germansuzuki.de\/index.php?rest_route=\/wp\/v2\/media\/3733"}],"wp:attachment":[{"href":"https:\/\/www.germansuzuki.de\/index.php?rest_route=%2Fwp%2Fv2%2Fmedia&parent=4820"}],"wp:term":[{"taxonomy":"category","embeddable":true,"href":"https:\/\/www.germansuzuki.de\/index.php?rest_route=%2Fwp%2Fv2%2Fcategories&post=4820"},{"taxonomy":"post_tag","embeddable":true,"href":"https:\/\/www.germansuzuki.de\/index.php?rest_route=%2Fwp%2Fv2%2Ftags&post=4820"}],"curies":[{"name":"wp","href":"https:\/\/api.w.org\/{rel}","templated":true}]}}