{"id":4751,"date":"2013-12-07T13:38:01","date_gmt":"2013-12-07T11:38:01","guid":{"rendered":"http:\/\/www.germansuzuki.com\/?p=4751"},"modified":"2013-12-07T20:44:33","modified_gmt":"2013-12-07T18:44:33","slug":"suzuki-workshop-fuer-violine-und-cello-22-26-april","status":"publish","type":"post","link":"https:\/\/www.germansuzuki.de\/?p=4751","title":{"rendered":"Suzuki-Workshop f\u00fcr Violine und Cello, 22. &#8211; 26. April 2014"},"content":{"rendered":"<h2><strong><span style=\"color: #000080;\"><span style=\"color: #800000;\">EINLADUNG zum <strong>JUBIL\u00c4UMSWORKSHOP<\/strong><\/span><br \/>\n<\/span><\/strong><\/h2>\n<p><a href=\"http:\/\/www.germansuzuki.com\/wp-content\/uploads\/2013\/12\/Hoover_1.jpg\"><img decoding=\"async\" loading=\"lazy\" class=\"alignnone size-medium wp-image-4755\" style=\"border: 1px solid black;\" alt=\"Hoover_1\" src=\"http:\/\/www.germansuzuki.com\/wp-content\/uploads\/2013\/12\/Hoover_1-300x82.jpg\" width=\"353\" height=\"98\" srcset=\"https:\/\/www.germansuzuki.de\/wp-content\/uploads\/2013\/12\/Hoover_1-300x82.jpg 300w, https:\/\/www.germansuzuki.de\/wp-content\/uploads\/2013\/12\/Hoover_1-1024x281.jpg 1024w, https:\/\/www.germansuzuki.de\/wp-content\/uploads\/2013\/12\/Hoover_1.jpg 1239w\" sizes=\"(max-width: 353px) 100vw, 353px\" \/><\/a><\/p>\n<h6><span style=\"color: #000000;\">20 Jahre <\/span><span style=\"color: #000000;\"><strong>Suzuki-Unterricht an der Musikschule Unteres Remstal<br \/>\n<\/strong><\/span><\/h6>\n<h2><span style=\"color: #000000;\"><strong><span style=\"color: #800000;\">Suzuki-Workshop f\u00fc<\/span><strong><span style=\"color: #800000;\">r Violine und Cello<\/span><br \/>\n<\/strong>in Weinstadt-Beutelsbach (b. Stuttgart)<\/strong><br \/>\n<\/span><strong><span style=\"color: #000000;\">Leitung: Mike Hoover<\/span><\/strong><\/h2>\n<p><a href=\"http:\/\/www.germansuzuki.com\/wp-content\/uploads\/2013\/12\/Hoover_2.jpg\"><img decoding=\"async\" loading=\"lazy\" class=\"alignnone size-medium wp-image-4781\" style=\"border: 1px solid black;\" alt=\"Hoover_2\" src=\"http:\/\/www.germansuzuki.com\/wp-content\/uploads\/2013\/12\/Hoover_2-300x231.jpg\" width=\"350\" height=\"268\" \/><\/a><\/p>\n<h2><span style=\"color: #800000;\"><strong><a href=\"http:\/\/www.germansuzuki.com\/wp-content\/uploads\/2013\/12\/2014-WS-Infopaket.pdf\"><span style=\"color: #800000;\">Infos &amp; Anmeldeformular<\/span><\/a><\/strong><\/span><\/h2>\n<h2><strong><a href=\"http:\/\/www.germansuzuki.com\/wp-content\/uploads\/2013\/12\/2014-WS-Unterk\u00fcnfte.pdf\"><span style=\"color: #800000;\">\u00dcbernachtungsm\u00f6glichkeiten<\/span><\/a><\/strong><span style=\"color: #800000;\"><strong><br \/>\n<\/strong><\/span><\/h2>\n<p><span style=\"color: #000080;\"><strong><br \/>\n<\/strong><\/span><\/p>\n<h2><span style=\"color: #000080;\"><strong><strong><span style=\"color: #000000;\">Es unterrichten Dozenten des<\/span><br \/>\n<span style=\"color: #800000;\">DEUTSCHEN SUZUKI INSTITUTS<\/span><br \/>\n<a href=\"http:\/\/www.germansuzuki.com\/wp-content\/uploads\/2013\/12\/Kerstin+Mike.jpg\"><img decoding=\"async\" loading=\"lazy\" class=\"alignnone  wp-image-4761\" style=\"border: 1px solid black;\" alt=\"Kerstin+Mike\" src=\"http:\/\/www.germansuzuki.com\/wp-content\/uploads\/2013\/12\/Kerstin+Mike-300x176.jpg\" width=\"240\" height=\"141\" srcset=\"https:\/\/www.germansuzuki.de\/wp-content\/uploads\/2013\/12\/Kerstin+Mike-300x176.jpg 300w, https:\/\/www.germansuzuki.de\/wp-content\/uploads\/2013\/12\/Kerstin+Mike.jpg 560w\" sizes=\"(max-width: 240px) 100vw, 240px\" \/><\/a><br \/>\n<\/strong><\/strong><\/span><\/h2>\n<p><span style=\"color: #800000;\"><strong>Kerstin Wartberg, Violine<\/strong><\/span><br \/>\n<span style=\"color: #000000;\">K\u00fcnstl.-p\u00e4dag. Leiterin des Deutschen Suzuki Instituts<\/span><\/p>\n<p><span style=\"color: #000080;\"><strong><span style=\"color: #800000;\">Michael Hoover, Violine<\/span><br \/>\n<\/strong><span style=\"color: #000000;\">Musikschule Unteres Remstal, Teacher Trainer des Deutschen Suzuki Instituts<\/span><\/span><\/p>\n<p><strong><span style=\"color: #800000;\">Kathrin Averdung, Violine<\/span><br \/>\n<\/strong><span style=\"color: #000000;\">D\u00fcsseldorf, Teacher Trainerin des Deutschen Suzuki Instituts<\/span><\/p>\n<p><strong><span style=\"color: #800000;\">Isabel Morey Suau,Violine<\/span><br \/>\n<\/strong><span style=\"color: #000000;\">Kiel, Teacher Trainerin des Deutschen Suzuki Instituts<\/span><\/p>\n<p><strong><span style=\"color: #800000;\">Astrid Siegmund, Violine<\/span><br \/>\n<\/strong><span style=\"color: #000000;\">Schule f. Musik, Theater &amp; Tanz, Sindelfingen<\/span><\/p>\n<p><span style=\"color: #000080;\"><strong><span style=\"color: #800000;\">David Rodriguez, Violine<\/span><br \/>\n<\/strong><span style=\"color: #000000;\">Suzuki-Violinschule Kobern-Gondorf<br \/>\n<\/span><br \/>\n<strong><span style=\"color: #800000;\">Erika Umanez, Violoncello<\/span><br \/>\n<\/strong><span style=\"color: #000000;\">Musikschule Wolfhager Land, Wolfhagen\/Kassel<br \/>\n<\/span><br \/>\n<strong><span style=\"color: #800000;\">Ulrike Volle, Violoncello<\/span><br \/>\n<\/strong><span style=\"color: #000000;\">Musikschule Plochingen\/Stuttgart<\/span><\/span><\/p>\n<p>***********************************************<\/p>\n<p><span style=\"color: #800000;\"><strong>Violinmeisterkurs mit Rudolf G\u00e4hler<\/strong><\/span><br \/>\n<span style=\"color: #000000;\">Parallel zum Workshop (Do. 24. und Fr. 25. April) <\/span><br \/>\n<span style=\"color: #000000;\">findet ein Meisterkurs f\u00fcr Sch\u00fcler ab Heft 6 statt.\u00a0<\/span><\/p>\n<p>&nbsp;<\/p>\n","protected":false},"excerpt":{"rendered":"<p>EINLADUNG zum JUBIL\u00c4UMSWORKSHOP 20 Jahre Suzuki-Unterricht an der Musikschule Unteres Remstal Suzuki-Workshop f\u00fcr Violine und Cello in Weinstadt-Beutelsbach (b. Stuttgart) Leitung: Mike Hoover Infos &amp; Anmeldeformular \u00dcbernachtungsm\u00f6glichkeiten Es unterrichten Dozenten&#8230;<\/p>\n","protected":false},"author":2,"featured_media":4761,"comment_status":"open","ping_status":"open","sticky":false,"template":"","format":"standard","meta":[],"categories":[9],"tags":[],"_links":{"self":[{"href":"https:\/\/www.germansuzuki.de\/index.php?rest_route=\/wp\/v2\/posts\/4751"}],"collection":[{"href":"https:\/\/www.germansuzuki.de\/index.php?rest_route=\/wp\/v2\/posts"}],"about":[{"href":"https:\/\/www.germansuzuki.de\/index.php?rest_route=\/wp\/v2\/types\/post"}],"author":[{"embeddable":true,"href":"https:\/\/www.germansuzuki.de\/index.php?rest_route=\/wp\/v2\/users\/2"}],"replies":[{"embeddable":true,"href":"https:\/\/www.germansuzuki.de\/index.php?rest_route=%2Fwp%2Fv2%2Fcomments&post=4751"}],"version-history":[{"count":26,"href":"https:\/\/www.germansuzuki.de\/index.php?rest_route=\/wp\/v2\/posts\/4751\/revisions"}],"predecessor-version":[{"id":4783,"href":"https:\/\/www.germansuzuki.de\/index.php?rest_route=\/wp\/v2\/posts\/4751\/revisions\/4783"}],"wp:featuredmedia":[{"embeddable":true,"href":"https:\/\/www.germansuzuki.de\/index.php?rest_route=\/wp\/v2\/media\/4761"}],"wp:attachment":[{"href":"https:\/\/www.germansuzuki.de\/index.php?rest_route=%2Fwp%2Fv2%2Fmedia&parent=4751"}],"wp:term":[{"taxonomy":"category","embeddable":true,"href":"https:\/\/www.germansuzuki.de\/index.php?rest_route=%2Fwp%2Fv2%2Fcategories&post=4751"},{"taxonomy":"post_tag","embeddable":true,"href":"https:\/\/www.germansuzuki.de\/index.php?rest_route=%2Fwp%2Fv2%2Ftags&post=4751"}],"curies":[{"name":"wp","href":"https:\/\/api.w.org\/{rel}","templated":true}]}}