{"id":4703,"date":"2013-10-18T21:53:11","date_gmt":"2013-10-18T19:53:11","guid":{"rendered":"http:\/\/www.germansuzuki.com\/?p=4703"},"modified":"2013-10-19T10:45:45","modified_gmt":"2013-10-19T08:45:45","slug":"radio-reportage-uber-shinichi-suzuki","status":"publish","type":"post","link":"https:\/\/www.germansuzuki.de\/?p=4703","title":{"rendered":"Radio-Reportage \u00fcber Shinichi Suzuki"},"content":{"rendered":"<h2>Zum 115. Geburtstag<strong> <em><\/em><\/strong><\/h2>\n<p>Die Autorin Claudia Belemann produzierte im Auftrag des WDR eine interessante und lebendige Reportage, die am 18. Oktober zun\u00e4chst im WDR ausgestrahlt wurde und danach bei zahlreichen anderen Programmen auf Sendung geht.<\/p>\n<p style=\"text-align: center;\"><a href=\"http:\/\/www.germansuzuki.com\/wp-content\/uploads\/2013\/10\/Suzuki5.jpg\"><img decoding=\"async\" loading=\"lazy\" class=\"aligncenter size-full wp-image-4705\" style=\"border: 1px solid black;\" title=\"Suzuki5\" src=\"http:\/\/www.germansuzuki.com\/wp-content\/uploads\/2013\/10\/Suzuki5.jpg\" alt=\"\" width=\"433\" height=\"295\" srcset=\"https:\/\/www.germansuzuki.de\/wp-content\/uploads\/2013\/10\/Suzuki5.jpg 1032w, https:\/\/www.germansuzuki.de\/wp-content\/uploads\/2013\/10\/Suzuki5-300x204.jpg 300w, https:\/\/www.germansuzuki.de\/wp-content\/uploads\/2013\/10\/Suzuki5-1024x698.jpg 1024w\" sizes=\"(max-width: 433px) 100vw, 433px\" \/><\/a><\/p>\n<p>Neben der Geigerin<em> <a href=\"http:\/\/www.youtube.com\/watch?feature=player_embedded&amp;v=zdVWTfzjDCE\">Hilary Hahn<\/a><\/em> als Interviewpartnerin und als ehemalige Suzukisch\u00fclerin wurde auch der deutsche Suzukilehrer <em>Hans-Martin Schwindt<\/em> mit Sch\u00fclern seiner <em>Suzuki-Violinschule-M\u00fcnster<\/em> vorgestellt. Am\u00fcsante Einw\u00fcrfe von Frau Waltraud Suzuki sind ebenfalls im O-Ton zu h\u00f6ren. Die Sendung ist sicherlich auch geeignet, interessierten Eltern Hintergrund-Informationen zum Thema &#8222;Unterricht nach der Suzuki-Methode&#8220; zu geben.<\/p>\n<p><strong><span style=\"color: #0000ff;\">Es lohnt sich auf alle F\u00e4lle, diesen 15min\u00fctigen Beitrag anzuh\u00f6ren!<\/span><\/strong><\/p>\n<p>Die Sendung wurde folgenderma\u00dfen angek\u00fcndigt:<\/p>\n<p>\u201eKaum  sind die Windeln weg, gibt\u2018s die Geige in die Hand. Schon mit drei  Jahren k\u00f6nnen Kinder, die nach der Suzuki Methode unterrichtet werden,  ein Instrument erlernen. Toben sich hier \u00fcberehrgeizige Eltern aus, in  dem Wahn, aus ihrem Spr\u00f6ssling was ganz Besonderes zu machen? Wird  Kindern die Kindheit geraubt, weil sie schon fr\u00fchzeitig dem t\u00e4glichen  Drill des \u00dcbens unterworfen werden? Oder er\u00f6ffnet die Suzuki-Methode den  Kleinen spielerisch die Welt der Musik?\u201c<br \/>\n(Autorin: Claudia Belemann \u00a9  WDR 2013)<\/p>\n<p>Hier k\u00f6nnen Sie die Reportage anh\u00f6ren:<\/p>\n<h2 style=\"text-align: left;\"><a href=\"http:\/\/www.germansuzuki.com\/wp-content\/uploads\/2013\/10\/236717_2226069.mp3\">Zum Geburtstag des japanischen Musikp\u00e4dagogen Shinichi Suzuki<\/a><\/h2>\n<p>Bitte haben Sie einige Sekunden Geduld. Es dauert ein wenig, bis die \u00dcbertragung beginnt.<\/p>\n","protected":false},"excerpt":{"rendered":"<p>Zum 115. Geburtstag Die Autorin Claudia Belemann produzierte im Auftrag des WDR eine interessante und lebendige Reportage, die am 18. Oktober zun\u00e4chst im WDR ausgestrahlt wurde und danach bei zahlreichen&#8230;<\/p>\n","protected":false},"author":2,"featured_media":0,"comment_status":"open","ping_status":"open","sticky":false,"template":"","format":"standard","meta":[],"categories":[3],"tags":[],"_links":{"self":[{"href":"https:\/\/www.germansuzuki.de\/index.php?rest_route=\/wp\/v2\/posts\/4703"}],"collection":[{"href":"https:\/\/www.germansuzuki.de\/index.php?rest_route=\/wp\/v2\/posts"}],"about":[{"href":"https:\/\/www.germansuzuki.de\/index.php?rest_route=\/wp\/v2\/types\/post"}],"author":[{"embeddable":true,"href":"https:\/\/www.germansuzuki.de\/index.php?rest_route=\/wp\/v2\/users\/2"}],"replies":[{"embeddable":true,"href":"https:\/\/www.germansuzuki.de\/index.php?rest_route=%2Fwp%2Fv2%2Fcomments&post=4703"}],"version-history":[{"count":14,"href":"https:\/\/www.germansuzuki.de\/index.php?rest_route=\/wp\/v2\/posts\/4703\/revisions"}],"predecessor-version":[{"id":4719,"href":"https:\/\/www.germansuzuki.de\/index.php?rest_route=\/wp\/v2\/posts\/4703\/revisions\/4719"}],"wp:attachment":[{"href":"https:\/\/www.germansuzuki.de\/index.php?rest_route=%2Fwp%2Fv2%2Fmedia&parent=4703"}],"wp:term":[{"taxonomy":"category","embeddable":true,"href":"https:\/\/www.germansuzuki.de\/index.php?rest_route=%2Fwp%2Fv2%2Fcategories&post=4703"},{"taxonomy":"post_tag","embeddable":true,"href":"https:\/\/www.germansuzuki.de\/index.php?rest_route=%2Fwp%2Fv2%2Ftags&post=4703"}],"curies":[{"name":"wp","href":"https:\/\/api.w.org\/{rel}","templated":true}]}}