{"id":4680,"date":"2014-11-11T18:18:06","date_gmt":"2014-11-11T16:18:06","guid":{"rendered":"http:\/\/www.germansuzuki.com\/?p=4680"},"modified":"2015-02-05T18:33:48","modified_gmt":"2015-02-05T16:33:48","slug":"neues-ausbildungsangebot-der-dsg-musikalisches-fruhforderungsprogramm","status":"publish","type":"post","link":"https:\/\/www.germansuzuki.de\/?p=4680","title":{"rendered":"Musikalisches Fr\u00fchf\u00f6rderungsprogramm der DSG"},"content":{"rendered":"<h2 style=\"text-align: left;\"><strong>Neue Kurse beginnen im M\u00e4rz 2015<\/strong><\/h2>\n<p style=\"text-align: left;\"><strong>Interessenten k\u00f6nnen sich vorab beim Sekretariat der DSG melden:<br \/>\ndsg.pieck@googlemail.com<br \/>\nSie erhalten dann n\u00e4here Infos.<br \/>\n<\/strong><\/p>\n<h2 style=\"text-align: left;\"><strong>17 Pioniere pr\u00e4sentieren stolz ihre Diplome<\/strong><\/h2>\n<p style=\"text-align: left;\">Remscheid, 01.\/02. November 2014<br \/>\nHeidelberg, 14.\/15. September 2013<\/p>\n<p style=\"text-align: left;\"><a href=\"http:\/\/www.germansuzuki.com\/wp-content\/uploads\/2014\/11\/Foto_CML_1060386.jpg\"><img decoding=\"async\" loading=\"lazy\" class=\"alignleft  wp-image-5378\" style=\"border: 1px solid black;\" alt=\"Foto_CML_1060386\" src=\"http:\/\/www.germansuzuki.com\/wp-content\/uploads\/2014\/11\/Foto_CML_1060386.jpg\" width=\"494\" height=\"317\" srcset=\"https:\/\/www.germansuzuki.de\/wp-content\/uploads\/2014\/11\/Foto_CML_1060386.jpg 824w, https:\/\/www.germansuzuki.de\/wp-content\/uploads\/2014\/11\/Foto_CML_1060386-300x192.jpg 300w\" sizes=\"(max-width: 494px) 100vw, 494px\" \/><\/a><\/p>\n<p><strong> <img decoding=\"async\" loading=\"lazy\" class=\"alignnone\" style=\"border: 1px solid black;\" alt=\"\" src=\"http:\/\/suzukiteachingideas.germansuzuki.com\/wp-content\/uploads\/2013\/09\/heidelberg_13.jpg\" width=\"493\" height=\"328\" \/><\/strong><\/p>\n<p>&nbsp;<\/p>\n<p><strong>Zum dritten Mal veranstaltete die DSG Ausbildungslehrg\u00e4nge mit Pr\u00fcfungsabschluss <\/strong><\/p>\n<h2 style=\"text-align: left;\"><strong>f\u00fcr das Musikalische Fr\u00fchf\u00f6rderungsprogramm<br \/>\nCML (fr\u00fcher <em>Ritmica)<\/em>,<br \/>\n<\/strong><\/h2>\n<p style=\"text-align: left;\"><strong>entwickelt von <em>Elena Enrico<\/em> (Italienisches Suzuki Institut).<\/strong><\/p>\n<p style=\"text-align: left;\"><a href=\"http:\/\/www.germansuzuki.com\/wp-content\/uploads\/2012\/09\/CML_1.jpg\"><img decoding=\"async\" loading=\"lazy\" title=\"CML_1\" alt=\"\" src=\"http:\/\/www.germansuzuki.com\/wp-content\/uploads\/2012\/09\/CML_1.jpg\" width=\"271\" height=\"177\" \/><\/a><\/p>\n<p style=\"text-align: left;\">&#8222;Children\u2019s Musical Garden&#8220; wurde im Rahmen der italienischen Suzuki Gesellschaft als <strong>Vorbereitungskurs auf den Suzuki-Unterricht<\/strong> entwickelt.<\/p>\n<p style=\"text-align: left;\">In mehreren europ\u00e4ischen Suzuki-Instituten hat es mittlerweile einen wichtigen Platz, da es fachlich die Suzuki-Arbeit vorbereitet und auch wirtschaftlich unterst\u00fctzt.<\/p>\n<p style=\"text-align: left;\">Mit diesen Eltern-\/Kind-Kursen<strong> <\/strong>gelingt es besser, neue Sch\u00fcler mit ihren Eltern f\u00fcr den Suzuki-Unterricht zu interessieren und auf diesen Weg vorzubereiten.<\/p>\n<p style=\"text-align: left;\">Auf spielerische Weise werden erste Erfahrungen gesammelt.<\/p>\n<p style=\"text-align: left;\">Der Kurs richtet sich unabh\u00e4ngig von ihrem Hauptinstrument an alle Suzukilehrer, die u.a. mit diesem Programm<\/p>\n<ul style=\"text-align: left;\">\n<li>Kinder sowohl allgemein-musikalisch als auch hinsichtlich der grunds\u00e4tzlichen Lernbereitschaft auf spielerische Weise f\u00f6rdern wollen<\/li>\n<li>das \u00dcben zuhause mit einem Elternteil anregen wollen<\/li>\n<li>Kinder und Eltern mit einem Gro\u00dfteil des Repertoires aus dem 1. Suzuki-Heft vertraut machen wollen<\/li>\n<\/ul>\n<h2 style=\"text-align: left;\"><\/h2>\n<h2 style=\"text-align: left;\"><span style=\"color: #0000ff;\"><strong><strong>Die Zusatzausbildung gliedert sich in drei Arbeitsphasen mit einer Pr\u00fcfung am Ende des dritten Kurses<\/strong><\/strong><\/span><\/h2>\n<ul>\n<li>\n<div style=\"text-align: left;\">27.-29. M\u00e4rz 2015 in Remscheid, <b>Beginn: <\/b>Freitag um 14:30 Uhr &#8211; <b>Ende: <\/b>Sonntag um 13:30 Uhr<\/div>\n<\/li>\n<li>22.-24. Mai 2015 in Heidelberg, <b>Beginn: <\/b>Freitag um 14:30 Uhr &#8211; <b>Ende: <\/b>Sonntag um 13:30 Uhr<\/li>\n<li>02.-04. Oktober 2015 in Heidelberg, <b>Beginn: <\/b>Freitag um 14:30 Uhr &#8211; <b>Ende: <\/b>Sonntag um 13:30 Uhr<\/li>\n<\/ul>\n<p><span style=\"color: #0000ff;\"><strong>Kursgeb\u00fchr:\u00a0<\/strong><\/span>\u00a0 3 x 190,00 EURO (inkl. Pr\u00fcfungsgeg\u00fchr)<\/p>\n<p><span style=\"font-size: large;\"><b><br \/>\n<\/b><\/span><\/p>\n<p><strong><span style=\"color: #0000ff;\">Kosten f\u00fcr 2 \u00dcbernachtungen und Verpflegung pro Kurs:<\/span><br \/>\n<\/strong><\/p>\n<p><b>27.-29. M\u00e4rz 2015: Akademie Remscheid<\/b><sup><sup><br \/>\n<sup>a) DOPPELZIMMER (pro Person)\u00a0\u00a0\u00a0 \u00a0\u00a0\u00a0 \u00a0\u00a0\u00a0 \u00a0\u00a0\u00a0\u00a0 <b>\u20ac 126,00<\/b><\/sup><br \/>\n<sup>b) EINZELZIMMER \u00a0 \u00a0 \u00a0 \u00a0 \u00a0 \u00a0 \u00a0 \u00a0 \u00a0 \u00a0 \u00a0\u00a0\u00a0\u00a0 \u00a0\u00a0\u00a0 \u00a0\u00a0\u00a0 \u00a0\u00a0\u00a0 \u00a0\u00a0\u00a0 <b>\u20ac 138,00<\/b><\/sup><\/sup><\/sup><\/p>\n<p><b>22.-24. Mai 2015 bzw. 02.-04. Oktober 2015: Jugendherberge Heidelberg<\/b><br \/>\n<sup>a) DOPPELZIMMER (pro Person)\u00a0\u00a0\u00a0 \u00a0\u00a0\u00a0 \u00a0\u00a0\u00a0 \u00a0\u00a0\u00a0\u00a0 <b>\u20ac 109,00<\/b><\/sup><br \/>\n<sup>b) EINZELZIMMER \u00a0 \u00a0 \u00a0 \u00a0 \u00a0 \u00a0 \u00a0 \u00a0 \u00a0 \u00a0 \u00a0\u00a0\u00a0\u00a0 \u00a0\u00a0\u00a0 \u00a0\u00a0\u00a0 \u00a0\u00a0\u00a0 \u00a0\u00a0\u00a0 <b>\u20ac 120,00<\/b><\/sup><\/p>\n<p style=\"text-align: left;\"><span style=\"color: #0000ff;\"><strong>Interessenten k\u00f6nnen sich <strong>bei der DSG<\/strong> ab sofort formlos f\u00fcr die Kurse und die Unterkunft\u00a0 anmelden:<br \/>\ndsg.pieck@googlemail.com<\/strong><\/span><\/p>\n<p><span style=\"color: #0000ff;\"><strong>Anmeldeschluss:<\/strong><\/span> 5. Februar 2015<\/p>\n<p style=\"text-align: left;\"><strong><span style=\"color: #0000ff;\">Kursleitung:<\/span><\/strong> Marco Messina, Italien<\/p>\n<p style=\"text-align: left;\"><a href=\"http:\/\/www.germansuzuki.com\/wp-content\/uploads\/2012\/09\/CML_4_Messina.jpg\"><img decoding=\"async\" loading=\"lazy\" class=\"alignnone size-full wp-image-3732\" title=\"CML_4_Messina\" alt=\"\" src=\"http:\/\/www.germansuzuki.com\/wp-content\/uploads\/2012\/09\/CML_4_Messina.jpg\" width=\"247\" height=\"204\" \/><\/a><\/p>\n<p>&nbsp;<\/p>\n<h2 style=\"text-align: left;\"><span style=\"color: #0000ff;\">Weitere Informationen zum <\/span><\/h2>\n<h2 style=\"text-align: left;\"><span style=\"color: #0000ff;\">Musikalischen Fr\u00fchf\u00f6rderungsprogramm <\/span><\/h2>\n<p style=\"text-align: left;\">Das Programm wendet sich an 3-6 j\u00e4hrige Kinder und ihre Eltern. Nach einigen Monaten sind die Kinder bestens vorbereitet, ein Instrument zu erlernen, denn zu diesem Zeitpunkt kennen sie bereits das Repertoire des ersten Suzuki-Heftes. Sie sind mit ihm schon innerlich vertraut, da sie dazu gesungen und getanzt haben sowie mit jedem einzelnen St\u00fcck viele Spiele und \u00dcbungen verbinden.<\/p>\n<p style=\"text-align: left;\">In diesen Eltern-\/Kind-Kursen werden zahlreiche F\u00e4higkeiten entwickelt: Feinmotorik, Koordination, Disziplin, Lernverhalten, Entwicklung des melodischen, harmonischen und rhythmischen Geh\u00f6rs, Singen und Auswendiglernen.<\/p>\n<p style=\"text-align: left;\">Der Kurs vermittelt auch den Eltern viele gute Erfahrungen. Sie erhalten beispielsweise Anregungen f\u00fcr das t\u00e4gliche \u00dcben zuhause, lernen ihrem Kind zu helfen, wie es seine F\u00e4higkeiten verbessern und die L\u00e4nge seiner Aufmerksamkeitsspanne erweitern kann.<br \/>\nIn Italien ist dieses Programm mittlerweile weit verbreitet. Seit 1985 wurde es kontinuierlich weiterentwickelt. Viele Schulen (Suzuki-Schulen, Kinderg\u00e4rten, Grundschulen, traditionelle Musikschulen und sogar Musikhochschulen) haben CML in ihr Unterrichtsangebot aufgenommen. Nicht zuletzt bilden diese Kurse die finanzielle Grundlage von vielen Suzuki-Schulen.<\/p>\n<p style=\"text-align: left;\">Seit mehreren Jahren wird dieses Programm auch in anderen europ\u00e4ischen L\u00e4ndern angewendet.<br \/>\nWeitere Informationen erhalten Sie auf der Website <a href=\"www.musicalgarden.it\">www.musicalgarden.it<\/a> und auf dem Blog <a href=\"http:\/\/suzukiteachingideas.germansuzuki.com\/?cat=27\">SUZUKI TEACHING IDEAS <\/a>.<\/p>\n","protected":false},"excerpt":{"rendered":"<p>Neue Kurse beginnen im M\u00e4rz 2015 Interessenten k\u00f6nnen sich vorab beim Sekretariat der DSG melden: dsg.pieck@googlemail.com Sie erhalten dann n\u00e4here Infos. 17 Pioniere pr\u00e4sentieren stolz ihre Diplome Remscheid, 01.\/02. November&#8230;<\/p>\n","protected":false},"author":2,"featured_media":4697,"comment_status":"open","ping_status":"open","sticky":false,"template":"","format":"standard","meta":[],"categories":[3],"tags":[],"_links":{"self":[{"href":"https:\/\/www.germansuzuki.de\/index.php?rest_route=\/wp\/v2\/posts\/4680"}],"collection":[{"href":"https:\/\/www.germansuzuki.de\/index.php?rest_route=\/wp\/v2\/posts"}],"about":[{"href":"https:\/\/www.germansuzuki.de\/index.php?rest_route=\/wp\/v2\/types\/post"}],"author":[{"embeddable":true,"href":"https:\/\/www.germansuzuki.de\/index.php?rest_route=\/wp\/v2\/users\/2"}],"replies":[{"embeddable":true,"href":"https:\/\/www.germansuzuki.de\/index.php?rest_route=%2Fwp%2Fv2%2Fcomments&post=4680"}],"version-history":[{"count":36,"href":"https:\/\/www.germansuzuki.de\/index.php?rest_route=\/wp\/v2\/posts\/4680\/revisions"}],"predecessor-version":[{"id":5401,"href":"https:\/\/www.germansuzuki.de\/index.php?rest_route=\/wp\/v2\/posts\/4680\/revisions\/5401"}],"wp:featuredmedia":[{"embeddable":true,"href":"https:\/\/www.germansuzuki.de\/index.php?rest_route=\/wp\/v2\/media\/4697"}],"wp:attachment":[{"href":"https:\/\/www.germansuzuki.de\/index.php?rest_route=%2Fwp%2Fv2%2Fmedia&parent=4680"}],"wp:term":[{"taxonomy":"category","embeddable":true,"href":"https:\/\/www.germansuzuki.de\/index.php?rest_route=%2Fwp%2Fv2%2Fcategories&post=4680"},{"taxonomy":"post_tag","embeddable":true,"href":"https:\/\/www.germansuzuki.de\/index.php?rest_route=%2Fwp%2Fv2%2Ftags&post=4680"}],"curies":[{"name":"wp","href":"https:\/\/api.w.org\/{rel}","templated":true}]}}