{"id":4569,"date":"2013-08-25T17:03:42","date_gmt":"2013-08-25T15:03:42","guid":{"rendered":"http:\/\/www.germansuzuki.com\/?p=4569"},"modified":"2013-08-25T17:36:50","modified_gmt":"2013-08-25T15:36:50","slug":"begeisterter-kursstart-der-suzuki-lehrerausbildung-fur-cello","status":"publish","type":"post","link":"https:\/\/www.germansuzuki.de\/?p=4569","title":{"rendered":"Begeisterter Kursstart der Suzuki-Lehrerausbildung f\u00fcr Cello"},"content":{"rendered":"<p>Vom 04.-10.08.2013 fand in Mainz die erste Ausbildungsphase statt, zu der der d\u00e4nische\u00a0<strong>Cello Teacher Trainer <\/strong><strong>Anders Gr\u00f8n aus Kopenhagen<\/strong> eingeflogen wurde.<\/p>\n<p><a href=\"http:\/\/www.germansuzuki.com\/wp-content\/uploads\/2013\/08\/Cellokurs_025b.jpg\"><img decoding=\"async\" loading=\"lazy\" class=\"size-full wp-image-4575 alignright\" style=\"margin-left: 10px; margin-right: 0px; border: 1px solid black;\" title=\"Cellokurs_025b\" src=\"http:\/\/www.germansuzuki.com\/wp-content\/uploads\/2013\/08\/Cellokurs_025b.jpg\" alt=\"\" width=\"198\" height=\"283\" srcset=\"https:\/\/www.germansuzuki.de\/wp-content\/uploads\/2013\/08\/Cellokurs_025b.jpg 471w, https:\/\/www.germansuzuki.de\/wp-content\/uploads\/2013\/08\/Cellokurs_025b-209x300.jpg 209w\" sizes=\"(max-width: 198px) 100vw, 198px\" \/><\/a>Mit viel Sachkenntnis und guter Laune konnte er alle <strong>9  Teilnehmerinnen<\/strong> durch interessante und praxisorientierte Inhalten  motivieren, sich intensiv mit den folgenden Inhalten zu besch\u00e4ftigen:<\/p>\n<ul>\n<li>Grundlagen der Suzuki-P\u00e4dagogik<\/li>\n<li>Muttersprachenmethodik<\/li>\n<li>Struktur von Einzel- und Gruppenunterricht<\/li>\n<li>Methodischen und didaktischen Themen<\/li>\n<li>Systematische Erarbeitung des Unterrichtswerkes<\/li>\n<li>K\u00f6rperhaltung, Bew\u00e4ltigung typischer Schwierigkeiten bei Kindern<\/li>\n<li>Verbesserung der Tonqualit\u00e4t<\/li>\n<li>Musikalisches Ged\u00e4chtnistraining<\/li>\n<li>Verbesserung der H\u00f6rf\u00e4higkeit<\/li>\n<li>Ensembleleitung<\/li>\n<blockquote>\n<p style=\"text-align: center;\"><span style=\"color: #000000;\">Eine der Teilnehmerinnen, Frau <a href=\"http:\/\/www.youtube.com\/watch?v=rdsI-Y_e_bc\">Rosa Ca\u00f1ellas <\/a><span style=\"color: #000000;\">aus <\/span><\/span><span style=\"color: #000000;\">Palma de Mallorca<\/span><span style=\"color: #000000;\"><span style=\"color: #000000;\">,<\/span><br \/>\nschrieb begeistert \u00fcber den Kurs:<\/span><\/p>\n<p style=\"text-align: center;\"><em><span style=\"color: #000000;\">&#8222;Professor  <strong>Anders Gr\u00f8n<\/strong> ist ein fantasticher Lehrer und ein sehr netter Mensch. Es  war eine wirklich wunderbare Erfahrung, und ich habe bei ihm viel gelernt. Ich bin  sehr froh,  dass ich die Ausbildung angefangen habe.&#8220;<\/span><\/em><\/p>\n<\/blockquote>\n<p style=\"text-align: justify;\"><a href=\"http:\/\/www.germansuzuki.com\/wp-content\/uploads\/2013\/08\/Cellokurs_006.jpg\"><img decoding=\"async\" loading=\"lazy\" class=\"size-full wp-image-4578 aligncenter\" style=\"border: 1px solid black;\" title=\"Cellokurs_006\" src=\"http:\/\/www.germansuzuki.com\/wp-content\/uploads\/2013\/08\/Cellokurs_006.jpg\" alt=\"\" width=\"540\" height=\"383\" \/><\/a><\/p>\n<\/ul>\n<p>Neben vielen theoretischen Erkl\u00e4rungen wurde auch ein Unterrichtspraktikum mit Kindern am Peter-Cornelius-Konservatorium in Mainz durchgef\u00fchrt. Dazu waren die Sch\u00fcler der beiden Suzuki-Cellolehrer Barabara Marsch und Kilian Balzer des Mainzer Konservatoriums eingeladen. Herr Balzer hat bereits seit Jahren eine gro\u00dfe Suzuki-Celloklasse aufgebaut und durch seine gute und erfolgreiche Arbeit seine Cello-Kollegin Frau Marsch f\u00fcr diese besondere Arbeit interessieren k\u00f6nnen. Wir danken beiden f\u00fcr die ausgezeichnete Organisation des Unterrichtspraktikums.<\/p>\n<p style=\"text-align: center;\"><img decoding=\"async\" loading=\"lazy\" class=\"aligncenter\" style=\"border: 1px solid black;\" src=\"http:\/\/suzukiteachingideas.germansuzuki.com\/wp-content\/uploads\/2013\/08\/Cellokurs_026.jpg\" alt=\"\" width=\"540\" height=\"407\" \/><\/p>\n<p style=\"text-align: center;\"><img decoding=\"async\" loading=\"lazy\" class=\"aligncenter\" style=\"border: 1px solid black;\" src=\"http:\/\/suzukiteachingideas.germansuzuki.com\/wp-content\/uploads\/2013\/08\/Cellokurs_040.jpg\" alt=\"\" width=\"546\" height=\"410\" \/><\/p>\n","protected":false},"excerpt":{"rendered":"<p>Vom 04.-10.08.2013 fand in Mainz die erste Ausbildungsphase statt, zu der der d\u00e4nische\u00a0Cello Teacher Trainer Anders Gr\u00f8n aus Kopenhagen eingeflogen wurde. Mit viel Sachkenntnis und guter Laune konnte er alle&#8230;<\/p>\n","protected":false},"author":2,"featured_media":0,"comment_status":"open","ping_status":"open","sticky":false,"template":"","format":"standard","meta":[],"categories":[9],"tags":[],"_links":{"self":[{"href":"https:\/\/www.germansuzuki.de\/index.php?rest_route=\/wp\/v2\/posts\/4569"}],"collection":[{"href":"https:\/\/www.germansuzuki.de\/index.php?rest_route=\/wp\/v2\/posts"}],"about":[{"href":"https:\/\/www.germansuzuki.de\/index.php?rest_route=\/wp\/v2\/types\/post"}],"author":[{"embeddable":true,"href":"https:\/\/www.germansuzuki.de\/index.php?rest_route=\/wp\/v2\/users\/2"}],"replies":[{"embeddable":true,"href":"https:\/\/www.germansuzuki.de\/index.php?rest_route=%2Fwp%2Fv2%2Fcomments&post=4569"}],"version-history":[{"count":23,"href":"https:\/\/www.germansuzuki.de\/index.php?rest_route=\/wp\/v2\/posts\/4569\/revisions"}],"predecessor-version":[{"id":4666,"href":"https:\/\/www.germansuzuki.de\/index.php?rest_route=\/wp\/v2\/posts\/4569\/revisions\/4666"}],"wp:attachment":[{"href":"https:\/\/www.germansuzuki.de\/index.php?rest_route=%2Fwp%2Fv2%2Fmedia&parent=4569"}],"wp:term":[{"taxonomy":"category","embeddable":true,"href":"https:\/\/www.germansuzuki.de\/index.php?rest_route=%2Fwp%2Fv2%2Fcategories&post=4569"},{"taxonomy":"post_tag","embeddable":true,"href":"https:\/\/www.germansuzuki.de\/index.php?rest_route=%2Fwp%2Fv2%2Ftags&post=4569"}],"curies":[{"name":"wp","href":"https:\/\/api.w.org\/{rel}","templated":true}]}}