{"id":4509,"date":"2013-05-20T21:51:03","date_gmt":"2013-05-20T19:51:03","guid":{"rendered":"http:\/\/www.germansuzuki.com\/?p=4509"},"modified":"2013-05-20T21:59:58","modified_gmt":"2013-05-20T19:59:58","slug":"einfuhrungskurs-in-die-suzuki-methode-fur-violinlehrer","status":"publish","type":"post","link":"https:\/\/www.germansuzuki.de\/?p=4509","title":{"rendered":"Einf\u00fchrungskurs in die Suzuki-Methode f\u00fcr Violinlehrer"},"content":{"rendered":"<p>Samstag 3. August 2013 \u2013 Samstag 10. August 2013<br \/>\nin <strong>CH-3800 Interlaken<\/strong> (Berner Oberland)<\/p>\n<p><a href=\"http:\/\/www.germansuzuki.com\/wp-content\/uploads\/2013\/01\/Interlaken_Summerschool.jpg\"><img decoding=\"async\" loading=\"lazy\" class=\"size-full wp-image-3948 alignnone\" title=\"Interlaken_Summerschool\" src=\"http:\/\/www.germansuzuki.com\/wp-content\/uploads\/2013\/01\/Interlaken_Summerschool.jpg\" alt=\"\" width=\"595\" height=\"203\" srcset=\"https:\/\/www.germansuzuki.de\/wp-content\/uploads\/2013\/01\/Interlaken_Summerschool.jpg 1470w, https:\/\/www.germansuzuki.de\/wp-content\/uploads\/2013\/01\/Interlaken_Summerschool-300x102.jpg 300w, https:\/\/www.germansuzuki.de\/wp-content\/uploads\/2013\/01\/Interlaken_Summerschool-1023x349.jpg 1023w\" sizes=\"(max-width: 595px) 100vw, 595px\" \/><\/a><\/p>\n<p>Wir bieten interessierten Violinlehrern die M\u00f6glichkeit, sich in dieser herrlichen Umgebung intensiv mit der Suzuki-Methode zu besch\u00e4ftigen.<\/p>\n<p><strong>Der Einf\u00fchrungskurs unter Leitung <\/strong><strong>von <\/strong><strong>Agathe Jerie umfasst:<\/strong><\/p>\n<address> &#8211; T\u00e4gliche Referate<br \/>\n<\/address>\n<address> <\/address>\n<address> <\/address>\n<address> <\/address>\n<address>&#8211; Praktische \u00dcbungen in Gruppen<br \/>\n&#8211; Einzelarbeit<br \/>\n<\/address>\n<address> <\/address>\n<address> <\/address>\n<address> <\/address>\n<address>&#8211; Hospitation beim Kinderkurs mit renommierten Suzuki-P\u00e4dagogen<br \/>\n<\/address>\n<address> <\/address>\n<p><strong> <\/strong><\/p>\n<p><strong>Es unterrichten:<\/strong><\/p>\n<address>Helen Brunner, Violine, ESA-Teacher-Trainer, England<\/address>\n<address> <\/address>\n<address>Agathe Jerie, Violine, ESA-Teacher-Trainer, Schweiz<\/address>\n<address>Ewa Tosik-Warszawiak, ESA-Teacher-Trainer, Island<\/address>\n<address> <\/address>\n<address> <\/address>\n<address>Daria Zappa, Violine,  Musikakademie Z\u00fcrich, ZhdK, Meisterkurs<\/address>\n<address> <\/address>\n<address>Sigismond Cachot, Sigismond Cachot, A-Teacher, Frankreich<\/address>\n<address> <\/address>\n<address>Andrea Agotha, Violine, A-Teacher, Deutschland<\/address>\n<address> <\/address>\n<address><strong> <\/strong><\/p>\n<h2>Gesamtleitung:  Agathe Jerie<\/h2>\n<\/address>\n<p><strong>Kursgeb\u00fchren: Sfr. 750,00<\/strong><\/p>\n<p><strong>Aufbaum\u00f6glichkeit:<\/strong> Mit drei weiteren Wochenendkursen sowie einem Pr\u00fcfungsvorbereitungs-Wochenende haben die Teilnehmer die M\u00f6glichkeit, im Jahr 2014 die europ\u00e4ische Suzukilehrer-Pr\u00fcfung f\u00fcr die 1. Stufe zu absolvieren.<\/p>\n<p>Weitere Informationen erhalten Sie bei Agathe Jerie.<br \/>\nagathe.jerie @ bluewin.ch<br \/>\nTel. 0041 \u2013 (0) 79 60 36 024<\/p>\n","protected":false},"excerpt":{"rendered":"<p>Samstag 3. August 2013 \u2013 Samstag 10. August 2013 in CH-3800 Interlaken (Berner Oberland) Wir bieten interessierten Violinlehrern die M\u00f6glichkeit, sich in dieser herrlichen Umgebung intensiv mit der Suzuki-Methode zu&#8230;<\/p>\n","protected":false},"author":2,"featured_media":0,"comment_status":"open","ping_status":"open","sticky":false,"template":"","format":"standard","meta":[],"categories":[9],"tags":[],"_links":{"self":[{"href":"https:\/\/www.germansuzuki.de\/index.php?rest_route=\/wp\/v2\/posts\/4509"}],"collection":[{"href":"https:\/\/www.germansuzuki.de\/index.php?rest_route=\/wp\/v2\/posts"}],"about":[{"href":"https:\/\/www.germansuzuki.de\/index.php?rest_route=\/wp\/v2\/types\/post"}],"author":[{"embeddable":true,"href":"https:\/\/www.germansuzuki.de\/index.php?rest_route=\/wp\/v2\/users\/2"}],"replies":[{"embeddable":true,"href":"https:\/\/www.germansuzuki.de\/index.php?rest_route=%2Fwp%2Fv2%2Fcomments&post=4509"}],"version-history":[{"count":7,"href":"https:\/\/www.germansuzuki.de\/index.php?rest_route=\/wp\/v2\/posts\/4509\/revisions"}],"predecessor-version":[{"id":4513,"href":"https:\/\/www.germansuzuki.de\/index.php?rest_route=\/wp\/v2\/posts\/4509\/revisions\/4513"}],"wp:attachment":[{"href":"https:\/\/www.germansuzuki.de\/index.php?rest_route=%2Fwp%2Fv2%2Fmedia&parent=4509"}],"wp:term":[{"taxonomy":"category","embeddable":true,"href":"https:\/\/www.germansuzuki.de\/index.php?rest_route=%2Fwp%2Fv2%2Fcategories&post=4509"},{"taxonomy":"post_tag","embeddable":true,"href":"https:\/\/www.germansuzuki.de\/index.php?rest_route=%2Fwp%2Fv2%2Ftags&post=4509"}],"curies":[{"name":"wp","href":"https:\/\/api.w.org\/{rel}","templated":true}]}}