{"id":4433,"date":"2013-05-19T19:22:17","date_gmt":"2013-05-19T17:22:17","guid":{"rendered":"http:\/\/www.germansuzuki.com\/?p=4433"},"modified":"2013-05-20T00:55:32","modified_gmt":"2013-05-19T22:55:32","slug":"erfolgreiche-suzuki-lehrerprufungen-2013","status":"publish","type":"post","link":"https:\/\/www.germansuzuki.de\/?p=4433","title":{"rendered":"Erfolgreiche Suzuki-Lehrerpr\u00fcfungen 2013"},"content":{"rendered":"<h2 style=\"text-align: left;\">10. &#8211; 12. Mai 2013<\/h2>\n<p style=\"text-align: left;\"><strong><span style=\"color: #000000;\">Ganz herzlich m\u00f6chten wir 16 Violin-Lehrern und den beteiligten Teacher Trainern<em> Kathrin Averdung, Isabel Morey Suau, Mike Hoover und Kerstin Wartberg<\/em> gratulieren.<br \/>\n<\/span><\/strong><\/p>\n<p><strong>Die  F\u00e4higkeiten unserer Lehrerkursteilnehmer wurden von den beiden  ausl\u00e4ndischen Pr\u00fcferinnen <span style=\"color: #000080;\">Agathe Jerie<\/span> aus der Schweiz und <span style=\"color: #000080;\">Mary Trewin<\/span> aus England aufs Genaueste begutachtet.<br \/>\n<span style=\"color: #000000;\"><br \/>\n<a href=\"http:\/\/www.germansuzuki.com\/wp-content\/uploads\/2013\/05\/Trewin+Jerie_119.jpg\"><img decoding=\"async\" loading=\"lazy\" class=\"alignnone size-full wp-image-4444\" style=\"border: 1px solid black;\" title=\"Trewin+Jerie_119\" src=\"http:\/\/www.germansuzuki.com\/wp-content\/uploads\/2013\/05\/Trewin+Jerie_119.jpg\" alt=\"\" width=\"567\" height=\"419\" srcset=\"https:\/\/www.germansuzuki.de\/wp-content\/uploads\/2013\/05\/Trewin+Jerie_119.jpg 1181w, https:\/\/www.germansuzuki.de\/wp-content\/uploads\/2013\/05\/Trewin+Jerie_119-300x222.jpg 300w, https:\/\/www.germansuzuki.de\/wp-content\/uploads\/2013\/05\/Trewin+Jerie_119-1024x757.jpg 1024w\" sizes=\"(max-width: 567px) 100vw, 567px\" \/><\/a><\/span><\/strong><\/p>\n<p><strong> <\/strong><\/p>\n<blockquote>\n<p style=\"text-align: left;\"><span style=\"color: #000000;\"><strong>Folgende <\/strong><strong>Lehrerkursteilnehmer <\/strong><strong>haben l<\/strong><strong>etztes Wochenende ihre Pr\u00fcfung erfolgreich abgelegt:<\/strong><\/span><\/p>\n<ol>\n<li>\n<address><span style=\"color: #000000;\">Eva F\u00fcrst, Stufe 1<\/span><span style=\"color: #000000;\"> <\/span><\/address>\n<\/li>\n<li>\n<address><span style=\"color: #000000;\">Heike Hahn, Stufe 1<\/span><\/address>\n<\/li>\n<li>\n<address><span style=\"color: #000000;\"> <\/span><span style=\"color: #000000;\">Peter Bauwe, Stufe 1<\/span><span style=\"color: #000000;\"> <\/span><\/address>\n<\/li>\n<li>\n<address><span style=\"color: #000000;\">Oleksandr Demydas, Stufe 1<\/span><\/address>\n<\/li>\n<li>\n<address><span style=\"color: #000000;\">Junko Miyajima, Stufe 1<\/span><\/address>\n<\/li>\n<li>\n<address><span style=\"color: #000000;\"> <\/span><span style=\"color: #000000;\">Laura Rubio, Stufe 1<\/span><\/address>\n<\/li>\n<li>\n<address><span style=\"color: #000000;\">Anna M\u00f6llers, Stufe 1 + 2<\/span><\/address>\n<\/li>\n<li>\n<address><span style=\"color: #000000;\">Anna Scheuren, Stufe 1<\/span><\/address>\n<\/li>\n<li>\n<address><span style=\"color: #000000;\">Konstanze Bergmann, Stufe 1<\/span><\/address>\n<\/li>\n<li>\n<address><span style=\"color: #000000;\">Olga Nodel, Stufe 2 + 3<\/span><\/address>\n<\/li>\n<li>\n<address><span style=\"color: #000000;\">Margherita Biederbick, Stufe 2<\/span><\/address>\n<\/li>\n<li>\n<address><span style=\"color: #000000;\">David Rodriguez Toledo, Stufe 2<\/span><\/address>\n<\/li>\n<li>\n<address><span style=\"color: #000000;\">Veronika Dorn, Stufe 3<\/span><span style=\"color: #000000;\"> <\/span><\/address>\n<\/li>\n<li>\n<address><span style=\"color: #000000;\">Andrea Quiroz, Stufe 3<\/span><\/address>\n<\/li>\n<li>\n<address><span style=\"color: #000000;\">Sergej Simkin, Stufe 3<\/span><strong><span style=\"color: #000080;\"> <\/span><\/strong><\/address>\n<\/li>\n<li>\n<address><strong><span style=\"color: #000080;\">Liesbeth Krau\u00df, Stufe 5<\/span><\/strong><\/address>\n<\/li>\n<\/ol>\n<p><strong> <\/strong><strong> <\/strong><\/p><\/blockquote>\n<p style=\"text-align: center;\">\n<h2 style=\"text-align: center;\"><span style=\"color: #000000;\"><span style=\"color: #000080;\">Geschafft!!!<\/span><\/span><\/h2>\n<h2 style=\"text-align: center;\"><span style=\"color: #000000;\"><span style=\"text-decoration: underline;\"><span style=\"color: #000080;\"> <\/span><\/span>Die Erleichterung nach der Bekanntgabe der Pr\u00fcfungsergebnisse ist allen Kandidaten anzusehen&#8230;<\/span><\/h2>\n<p style=\"text-align: center;\"><span style=\"color: #000000;\"><strong><a href=\"http:\/\/www.germansuzuki.com\/wp-content\/uploads\/2013\/05\/Bauwe+Demidas_0792.jpg\"><img decoding=\"async\" loading=\"lazy\" class=\"size-full wp-image-4503 aligncenter\" style=\"border: 1px solid black;\" title=\"Bauwe+Demidas_079\" src=\"http:\/\/www.germansuzuki.com\/wp-content\/uploads\/2013\/05\/Bauwe+Demidas_0792.jpg\" alt=\"\" width=\"563\" height=\"504\" \/><\/a><br \/>\n<\/strong><\/span><\/p>\n<p style=\"text-align: center;\"><span style=\"color: #000000;\"> <\/span><\/p>\n<p style=\"text-align: center;\"><span style=\"color: #000000;\"> <\/span><\/p>\n<p style=\"text-align: center;\"><span style=\"color: #000000;\"> <\/span><\/p>\n<p style=\"text-align: center;\"><a href=\"http:\/\/www.germansuzuki.com\/wp-content\/uploads\/2013\/05\/Biederbick_M\u00f6llers+Rodriguez_120.jpg\"><img decoding=\"async\" loading=\"lazy\" class=\"alignnone size-full wp-image-4437\" style=\"border: 1px solid black;\" title=\"Biederbick_M\u00f6llers+Rodriguez_120\" src=\"http:\/\/www.germansuzuki.com\/wp-content\/uploads\/2013\/05\/Biederbick_M\u00f6llers+Rodriguez_120.jpg\" alt=\"\" width=\"567\" height=\"369\" srcset=\"https:\/\/www.germansuzuki.de\/wp-content\/uploads\/2013\/05\/Biederbick_M\u00f6llers+Rodriguez_120.jpg 1181w, https:\/\/www.germansuzuki.de\/wp-content\/uploads\/2013\/05\/Biederbick_M\u00f6llers+Rodriguez_120-300x195.jpg 300w, https:\/\/www.germansuzuki.de\/wp-content\/uploads\/2013\/05\/Biederbick_M\u00f6llers+Rodriguez_120-1024x666.jpg 1024w\" sizes=\"(max-width: 567px) 100vw, 567px\" \/><\/a><\/p>\n<p style=\"text-align: center;\"><a href=\"http:\/\/www.germansuzuki.com\/wp-content\/uploads\/2013\/05\/Kathrin+Bergmann_109.jpg\"><img decoding=\"async\" loading=\"lazy\" class=\"alignleft size-full wp-image-4461\" style=\"border: 1px solid black;\" title=\"Kathrin+Bergmann_109\" src=\"http:\/\/www.germansuzuki.com\/wp-content\/uploads\/2013\/05\/Kathrin+Bergmann_109.jpg\" alt=\"\" width=\"328\" height=\"214\" \/><\/a><a href=\"http:\/\/www.germansuzuki.com\/wp-content\/uploads\/2013\/05\/Scheuren_103.jpg\"><img decoding=\"async\" loading=\"lazy\" class=\"alignnone size-full wp-image-4460\" style=\"margin-left: 7px; margin-right: 0px; border: 1px solid black;\" title=\"Scheuren_103\" src=\"http:\/\/www.germansuzuki.com\/wp-content\/uploads\/2013\/05\/Scheuren_103.jpg\" alt=\"\" width=\"227\" height=\"214\" \/><\/a><\/p>\n<p style=\"text-align: center;\"><a href=\"http:\/\/www.germansuzuki.com\/wp-content\/uploads\/2013\/05\/Isabel+Miyajima_091.jpg\"><img decoding=\"async\" loading=\"lazy\" class=\"alignnone size-full wp-image-4473\" style=\"border: 1px solid black;\" title=\"Isabel+Miyajima_091\" src=\"http:\/\/www.germansuzuki.com\/wp-content\/uploads\/2013\/05\/Isabel+Miyajima_091.jpg\" alt=\"\" width=\"565\" height=\"602\" srcset=\"https:\/\/www.germansuzuki.de\/wp-content\/uploads\/2013\/05\/Isabel+Miyajima_091.jpg 1144w, https:\/\/www.germansuzuki.de\/wp-content\/uploads\/2013\/05\/Isabel+Miyajima_091-281x300.jpg 281w, https:\/\/www.germansuzuki.de\/wp-content\/uploads\/2013\/05\/Isabel+Miyajima_091-960x1024.jpg 960w\" sizes=\"(max-width: 565px) 100vw, 565px\" \/><\/a><\/p>\n<p style=\"text-align: center;\"><a href=\"http:\/\/www.germansuzuki.com\/wp-content\/uploads\/2013\/05\/F\u00fcrst_071.jpg\"><img decoding=\"async\" loading=\"lazy\" class=\"size-full wp-image-4438 alignleft\" style=\"border: 1px solid black;\" title=\"F\u00fcrst_071\" src=\"http:\/\/www.germansuzuki.com\/wp-content\/uploads\/2013\/05\/F\u00fcrst_071.jpg\" alt=\"\" width=\"296\" height=\"199\" \/><\/a><a href=\"http:\/\/www.germansuzuki.com\/wp-content\/uploads\/2013\/05\/Hahn_0065.jpg\"><img decoding=\"async\" loading=\"lazy\" class=\"alignnone size-full wp-image-4445\" style=\"margin-left: 10px; margin-right: 0px; border: 1px solid black;\" title=\"Hahn_0065\" src=\"http:\/\/www.germansuzuki.com\/wp-content\/uploads\/2013\/05\/Hahn_0065.jpg\" alt=\"\" width=\"257\" height=\"199\" \/><\/a><\/p>\n<p style=\"text-align: center;\"><a href=\"http:\/\/www.germansuzuki.com\/wp-content\/uploads\/2013\/05\/Laura_101.jpg\"><img decoding=\"async\" loading=\"lazy\" class=\"size-full wp-image-4450 alignleft\" style=\"border: 1px solid black;\" title=\"Laura_101\" src=\"http:\/\/www.germansuzuki.com\/wp-content\/uploads\/2013\/05\/Laura_101.jpg\" alt=\"\" width=\"175\" height=\"221\" \/><\/a><a href=\"http:\/\/www.germansuzuki.com\/wp-content\/uploads\/2013\/05\/Dorn1.jpg\"><\/a><a href=\"http:\/\/www.germansuzuki.com\/wp-content\/uploads\/2013\/05\/Nodel1.jpg\"><img decoding=\"async\" loading=\"lazy\" class=\"alignleft size-full wp-image-4462\" style=\"margin-left: 10px; margin-right: 0px; border: 1px solid black;\" title=\"Nodel\" src=\"http:\/\/www.germansuzuki.com\/wp-content\/uploads\/2013\/05\/Nodel1.jpg\" alt=\"\" width=\"206\" height=\"220\" srcset=\"https:\/\/www.germansuzuki.de\/wp-content\/uploads\/2013\/05\/Nodel1.jpg 827w, https:\/\/www.germansuzuki.de\/wp-content\/uploads\/2013\/05\/Nodel1-280x300.jpg 280w\" sizes=\"(max-width: 206px) 100vw, 206px\" \/><\/a><img decoding=\"async\" loading=\"lazy\" class=\"size-full wp-image-4454 alignnone\" style=\"margin-left: 10px; margin-right: 0px; border: 1px solid black;\" title=\"Dorn\" src=\"http:\/\/www.germansuzuki.com\/wp-content\/uploads\/2013\/05\/Dorn1.jpg\" alt=\"\" width=\"164\" height=\"222\" \/><\/p>\n<p style=\"text-align: center;\"><a href=\"http:\/\/www.germansuzuki.com\/wp-content\/uploads\/2013\/05\/Quiroz.jpg\"><\/a><a href=\"http:\/\/www.germansuzuki.com\/wp-content\/uploads\/2013\/05\/Simkin.jpg\"><img decoding=\"async\" loading=\"lazy\" class=\"alignleft size-full wp-image-4468\" style=\"border: 1px solid black;\" title=\"Simkin\" src=\"http:\/\/www.germansuzuki.com\/wp-content\/uploads\/2013\/05\/Simkin.jpg\" alt=\"\" width=\"168\" height=\"308\" \/><\/a><img decoding=\"async\" loading=\"lazy\" class=\"alignnone size-full wp-image-4467\" style=\"margin-left: 10px; margin-right: 0px; border: 1px solid black;\" title=\"Quiroz\" src=\"http:\/\/www.germansuzuki.com\/wp-content\/uploads\/2013\/05\/Quiroz.jpg\" alt=\"\" width=\"394\" height=\"309\" \/><\/p>\n<h2 style=\"text-align: center;\"><span style=\"color: #000000;\"><strong><a title=\"Mike Hoover, Kerstin Wartberg, Isabel Morey Suau, Junko Miyajima und Neil Fellows\" href=\"http:\/\/www.germansuzuki.com\/wp-content\/uploads\/2013\/05\/Gruppe_0971.jpg\"><img decoding=\"async\" loading=\"lazy\" class=\"size-full wp-image-4471\" style=\"border: 1px solid black;\" title=\"Gruppe_097\" src=\"http:\/\/www.germansuzuki.com\/wp-content\/uploads\/2013\/05\/Gruppe_0971.jpg\" alt=\"Mike Hoover, Kerstin Wartberg, Isabel Morey Suau, Junko Miyajima und Neil Fellows\" width=\"567\" height=\"340\" srcset=\"https:\/\/www.germansuzuki.de\/wp-content\/uploads\/2013\/05\/Gruppe_0971.jpg 1181w, https:\/\/www.germansuzuki.de\/wp-content\/uploads\/2013\/05\/Gruppe_0971-300x179.jpg 300w, https:\/\/www.germansuzuki.de\/wp-content\/uploads\/2013\/05\/Gruppe_0971-1024x613.jpg 1024w\" sizes=\"(max-width: 567px) 100vw, 567px\" \/><\/a><\/strong><\/span><\/h2>\n<h2 style=\"text-align: center;\"><span style=\"color: #000000;\"><strong>Vielen Dank unseren lieben Pr\u00fcfungssch\u00fclern &#8230;<br \/>\n<\/strong><\/span><\/h2>\n<h2 style=\"text-align: center;\"><span style=\"color: #000000;\"><strong><a href=\"http:\/\/www.germansuzuki.com\/wp-content\/uploads\/2013\/05\/Pr\u00fcfungskinder.jpg\"><img decoding=\"async\" loading=\"lazy\" class=\"alignnone size-full wp-image-4448\" style=\"border: 1px solid black;\" title=\"Pr\u00fcfungskinder\" src=\"http:\/\/www.germansuzuki.com\/wp-content\/uploads\/2013\/05\/Pr\u00fcfungskinder.jpg\" alt=\"\" width=\"568\" height=\"173\" \/><\/a><br \/>\n<\/strong><\/span><\/h2>\n<p style=\"text-align: center;\"><span style=\"color: #000000;\"><span style=\"text-decoration: underline;\"><strong> <\/strong><\/span><\/span><\/p>\n<p style=\"text-align: center;\"><span style=\"color: #000000;\"><span style=\"text-decoration: underline;\"><strong> <\/strong><\/span><\/span><\/p>\n<p style=\"text-align: center;\"><span style=\"color: #000000;\"><span style=\"text-decoration: underline;\"><strong> <\/strong><\/span><\/span><\/p>\n<h2 style=\"text-align: center;\"><strong> <span style=\"color: #000000;\">&#8230; und unserem geduldigen und einf\u00fchlsamen Pianisten Neil Fellows<span style=\"color: #000000;\"> <\/span><\/span><\/strong><span style=\"color: #000000;\"><em>(rechts)<\/em><strong>!<\/strong><\/span><\/h2>\n<h2 style=\"text-align: center;\"><strong> <a href=\"http:\/\/www.germansuzuki.com\/wp-content\/uploads\/2013\/05\/DSC_00131.jpg\"><img decoding=\"async\" loading=\"lazy\" class=\"alignnone size-full wp-image-4465\" style=\"border: 1px solid black;\" title=\"DSC_0013\" src=\"http:\/\/www.germansuzuki.com\/wp-content\/uploads\/2013\/05\/DSC_00131.jpg\" alt=\"\" width=\"562\" height=\"355\" srcset=\"https:\/\/www.germansuzuki.de\/wp-content\/uploads\/2013\/05\/DSC_00131.jpg 717w, https:\/\/www.germansuzuki.de\/wp-content\/uploads\/2013\/05\/DSC_00131-300x189.jpg 300w\" sizes=\"(max-width: 562px) 100vw, 562px\" \/><\/a><\/p>\n<p><\/strong><strong> <\/strong><strong> <\/strong><strong> <\/strong><strong> <\/strong><strong> <\/strong><strong> <\/strong><strong> <\/strong><strong> <\/strong><strong> <\/strong><strong> <\/strong><strong> <\/strong><strong> <\/strong><strong> <\/strong><strong> <\/strong><strong> <\/strong><strong> <\/strong><strong> <\/strong><strong> <\/strong><strong> <\/strong><strong> <\/strong><strong> <\/strong><strong> <\/strong><strong> <\/strong><strong> <\/strong><strong> <\/strong><strong> <\/strong><strong> <\/strong><strong> <\/strong><strong> <\/strong><strong> <\/strong><strong> <\/strong><strong> <\/strong><strong> <\/strong><strong> <\/strong><strong> <\/strong><strong> <\/strong><strong> <\/strong><\/h2>\n<h2 style=\"text-align: center;\"><span style=\"color: #000000;\"><strong>Ganz besonders gratulieren m\u00f6chten wir <\/strong><strong>Liesbeth Krau\u00df, die \u00fcberzeugend die 5. Stufe ablegte.<br \/>\n<\/strong><strong>Hier mit ihrer Teacher Trainerin Kathrin Averdung<span style=\"color: #000000;\"> <\/span><\/strong><span style=\"color: #000000;\"><em>(links).<\/em><\/span><\/span><strong> <\/strong><\/h2>\n<p style=\"text-align: center;\"><span style=\"color: #000000;\"><span style=\"text-decoration: underline;\"><strong> <\/strong><\/span><\/span><\/p>\n<p style=\"text-align: center;\"><a href=\"http:\/\/www.germansuzuki.com\/wp-content\/uploads\/2013\/05\/Krauss_Kathrin_Kerstin_150.jpg\"><img decoding=\"async\" loading=\"lazy\" class=\"alignnone size-full wp-image-4439\" style=\"border: 1px solid black;\" title=\"Krauss_Kathrin_Kerstin_150\" src=\"http:\/\/www.germansuzuki.com\/wp-content\/uploads\/2013\/05\/Krauss_Kathrin_Kerstin_150.jpg\" alt=\"\" width=\"567\" height=\"503\" srcset=\"https:\/\/www.germansuzuki.de\/wp-content\/uploads\/2013\/05\/Krauss_Kathrin_Kerstin_150.jpg 1181w, https:\/\/www.germansuzuki.de\/wp-content\/uploads\/2013\/05\/Krauss_Kathrin_Kerstin_150-300x266.jpg 300w, https:\/\/www.germansuzuki.de\/wp-content\/uploads\/2013\/05\/Krauss_Kathrin_Kerstin_150-1024x909.jpg 1024w\" sizes=\"(max-width: 567px) 100vw, 567px\" \/><\/a><\/p>\n<p style=\"text-align: center;\"><span style=\"color: #000000;\"><strong> Ihr Pr\u00fcfungsprogramm:<br \/>\nSuzuki Violin School, Band 1-10<em><br \/>\nW.A. Mozart:<\/em> Violinkonzert A-Dur, K.V. 219<br \/>\n<em>Henri Wieniawski:<\/em> Legende, <\/strong><\/span><strong>op. 17<\/strong><\/p>\n<blockquote>\n<p style=\"text-align: left;\"><span style=\"color: #000000;\"><strong> <\/strong><\/span><\/p>\n<p style=\"text-align: left;\"><span style=\"color: #000000;\"><span style=\"text-decoration: underline;\"><strong> <\/strong><\/span><\/span><span style=\"color: #000000;\"> <\/span><\/p>\n<p style=\"text-align: left;\"><span style=\"color: #000000;\"><strong> <\/strong><\/span><\/p>\n<p style=\"text-align: left;\"><span style=\"color: #000000;\"><strong> <\/strong><\/span><\/p>\n<p style=\"text-align: left;\"><span style=\"color: #000000;\"><strong> <\/strong><\/span><\/p>\n<p style=\"text-align: left;\"><span style=\"color: #000000;\"><span style=\"text-decoration: underline;\"><strong><a href=\"http:\/\/www.germansuzuki.com\/wp-content\/uploads\/2012\/07\/DSC_0058.jpg\"><br \/>\n<\/a><\/strong><\/span><a href=\"http:\/\/www.germansuzuki.com\/wp-content\/uploads\/2012\/07\/DSC_0058.jpg\"><span style=\"text-decoration: underline;\"><strong> <\/strong><\/span><\/a><\/span><\/p>\n<h2 style=\"text-align: center;\"><span style=\"color: #000000;\"><strong>Beide Pr\u00fcferinnen \u00e4u\u00dferten<\/strong><strong> sich sehr positiv \u00fcber die hervorragenden Ergebnisse:<\/strong><\/span><\/h2>\n<h4 style=\"text-align: center;\"><span style=\"color: #000000;\"><em>\u201cDas Pr\u00fcfungsniveau war sehr hoch.<br \/>\nDie Kandidaten waren bestens vorbereitet und konnten \u00fcberzeugend ihr Wissen und K\u00f6nnen pr\u00e4sentieren.<br \/>\nHerzlichen Gl\u00fcckwunsch den Pr\u00fcflingen und Teacher Trainern<br \/>\nder DEUTSCHEN SUZUKI GESELLSCHAFT!&#8220;<\/em><\/span><\/h4>\n<h4 style=\"text-align: left;\"><span style=\"color: #000000;\"><em> <\/em><\/span><\/h4>\n<\/blockquote>\n","protected":false},"excerpt":{"rendered":"<p>10. &#8211; 12. Mai 2013 Ganz herzlich m\u00f6chten wir 16 Violin-Lehrern und den beteiligten Teacher Trainern Kathrin Averdung, Isabel Morey Suau, Mike Hoover und Kerstin Wartberg gratulieren. Die F\u00e4higkeiten unserer&#8230;<\/p>\n","protected":false},"author":2,"featured_media":4505,"comment_status":"open","ping_status":"open","sticky":false,"template":"","format":"standard","meta":[],"categories":[3],"tags":[],"_links":{"self":[{"href":"https:\/\/www.germansuzuki.de\/index.php?rest_route=\/wp\/v2\/posts\/4433"}],"collection":[{"href":"https:\/\/www.germansuzuki.de\/index.php?rest_route=\/wp\/v2\/posts"}],"about":[{"href":"https:\/\/www.germansuzuki.de\/index.php?rest_route=\/wp\/v2\/types\/post"}],"author":[{"embeddable":true,"href":"https:\/\/www.germansuzuki.de\/index.php?rest_route=\/wp\/v2\/users\/2"}],"replies":[{"embeddable":true,"href":"https:\/\/www.germansuzuki.de\/index.php?rest_route=%2Fwp%2Fv2%2Fcomments&post=4433"}],"version-history":[{"count":50,"href":"https:\/\/www.germansuzuki.de\/index.php?rest_route=\/wp\/v2\/posts\/4433\/revisions"}],"predecessor-version":[{"id":4492,"href":"https:\/\/www.germansuzuki.de\/index.php?rest_route=\/wp\/v2\/posts\/4433\/revisions\/4492"}],"wp:featuredmedia":[{"embeddable":true,"href":"https:\/\/www.germansuzuki.de\/index.php?rest_route=\/wp\/v2\/media\/4505"}],"wp:attachment":[{"href":"https:\/\/www.germansuzuki.de\/index.php?rest_route=%2Fwp%2Fv2%2Fmedia&parent=4433"}],"wp:term":[{"taxonomy":"category","embeddable":true,"href":"https:\/\/www.germansuzuki.de\/index.php?rest_route=%2Fwp%2Fv2%2Fcategories&post=4433"},{"taxonomy":"post_tag","embeddable":true,"href":"https:\/\/www.germansuzuki.de\/index.php?rest_route=%2Fwp%2Fv2%2Ftags&post=4433"}],"curies":[{"name":"wp","href":"https:\/\/api.w.org\/{rel}","templated":true}]}}