{"id":4389,"date":"2013-07-17T16:41:02","date_gmt":"2013-07-17T14:41:02","guid":{"rendered":"http:\/\/www.germansuzuki.com\/?p=4389"},"modified":"2013-07-17T20:38:43","modified_gmt":"2013-07-17T18:38:43","slug":"kompaktseminar-fur-geiger-und-cellisten","status":"publish","type":"post","link":"https:\/\/www.germansuzuki.de\/?p=4389","title":{"rendered":"Kompaktseminar f\u00fcr Geiger und Cellisten"},"content":{"rendered":"<h1><span style=\"color: #000000;\">02.\/03.11.2013<\/span><\/h1>\n<p><strong>Beginn: <\/strong>Samstag, 02. November 2013, 14:30 Uhr<strong><br \/>\nEnde: <\/strong>Sonntag, 03. November 2013, 15:30 Uhr<\/p>\n<h2>Einf\u00fchrungskurs in die Suzuki-Methode<br \/>\n&amp;<br \/>\nKurs mit Simon Fischer<strong><br \/>\n<\/strong><\/h2>\n<p><strong>in Zusammenarbeit mit der ESTA<\/strong><\/p>\n<p><strong> <\/strong><\/p>\n<p><strong><a href=\"http:\/\/www.germansuzuki.com\/wp-content\/uploads\/2013\/04\/Geigerschlange_orig_bearb.jpg\"><img decoding=\"async\" loading=\"lazy\" class=\"alignnone size-full wp-image-4392\" style=\"border: 1px solid black;\" title=\"Geigerschlange_orig_bearb\" src=\"http:\/\/www.germansuzuki.com\/wp-content\/uploads\/2013\/04\/Geigerschlange_orig_bearb.jpg\" alt=\"\" width=\"334\" height=\"236\" \/><\/a><\/strong><\/p>\n<p><strong>Suzukis Unterrichtskonzept<\/strong>, auch <em>Mutter-sprachenmethode<\/em> genannt, hat sich in vielen L\u00e4ndern der Welt durchgesetzt und ist u.a. wegen seiner Systematik sehr beliebt. Es bietet den interessierten Lehrern einen Schatz an jahrzehntelangen Erfahrungen im Bereich der <strong>Breiten- aber auch der Begabtenf\u00f6rderung <\/strong>und der <strong>Kombination von Gruppen- und Einzelunterricht.<\/strong><\/p>\n<p>Ein wesentliches Merkmal der Muttersprachenmethode ist der Verzicht auf Noten w\u00e4hrend der ersten Unterrichtszeit. Beim Musizieren stehen die Schulung des Geh\u00f6rs, die Konzentration auf den Rhythmus und die Intonation, die Haltung, der Bewegungsablauf beim Spielen, der Klang und der Ausdruck im Vordergrund.<\/p>\n<p>So gehen die <strong>elementaren Zusammenh\u00e4nge <\/strong>zwischen <strong>H\u00f6ren, Vorstellen, F\u00fchlen und Spielen<\/strong> unmittelbar ineinander \u00fcber. Von Anfang an erlebt Ihr Kind die Musik als ein lebendiges Ganzes und mu\u00df sie sich <em>nicht analytisch<\/em> erarbeiten.<\/p>\n<p>Auch dieser Schritt kann von dem <strong>nat\u00fcrlichen Vorgang des Sprechenlernens<\/strong> abgeleitet werden: <strong>Zuerst Sprechen, danach Lesen<\/strong>. Die Teilnehmer erhalten schwerpunktm\u00e4\u00dfig einen Einblick in die Unterstufenarbeit, aber auch Ausblicke in die Mittel- und Oberstufe.<\/p>\n<p><span style=\"color: #333333;\"><strong>Bitte bringen Sie Ihr Instrument mit, da wir viele \u00dcbungen und Unterrichtsspiele ausprobieren wollen!<\/strong><\/span><\/p>\n<p><strong><em> <a href=\"http:\/\/www.germansuzuki.com\/wp-content\/uploads\/2013\/04\/simon-student.jpg\"><img decoding=\"async\" loading=\"lazy\" class=\"alignnone size-full wp-image-4407\" style=\"border: 1px solid black;\" title=\"simon-student\" src=\"http:\/\/www.germansuzuki.com\/wp-content\/uploads\/2013\/04\/simon-student.jpg\" alt=\"\" width=\"350\" height=\"240\" srcset=\"https:\/\/www.germansuzuki.de\/wp-content\/uploads\/2013\/04\/simon-student.jpg 500w, https:\/\/www.germansuzuki.de\/wp-content\/uploads\/2013\/04\/simon-student-300x205.jpg 300w\" sizes=\"(max-width: 350px) 100vw, 350px\" \/><\/a><\/em><\/strong><\/p>\n<p><span style=\"color: #333333;\"><strong>Der weltweit bekannte Geiger, P\u00e4dagoge und Buchautor aus London SIMON FISCHER referiert \u00fcber das Thema:<\/strong><\/span><\/p>\n<h4><span style=\"color: #000000;\">The Secrets of Tone Production on all Bowed String Instruments<\/span><br \/>\n<span style=\"color: #888888;\"><em>Geheimnisse der Klangerzeugung auf allen Streichinstrumenten<\/em><\/span><\/h4>\n<h5><strong><span style=\"color: #333333;\">Simon Fischer erkl\u00e4rt Ihnen <a href=\"http:\/\/www.youtube.com\/watch?v=qQ_DIjcUo64\">in diesem Video<\/a>, worum es in seinem Vortrag geht.<\/span><em><br \/>\n<\/em><\/strong><\/h5>\n<p><strong><em> <\/em><\/strong><\/p>\n<p><strong><em> <\/em><\/strong><strong><em> <\/em><\/strong><strong><em> <\/em><\/strong><\/p>\n<p>Simon Fischer wird den <strong>Vortrag auf Englisch<\/strong> halten, der <strong>abschnittsweise von einem \u00dcbersetzer ins Deutsche <\/strong>\u00fcbertragen  wird. Die praktische Anwendung wird in mehreren Lehrproben mit    Kindern, Studenten und Lehrern lebendig demonstriert.<\/p>\n<p>Simon Fischer unterrichtet auf unserem Workshop <strong>Geiger, Bratscher und   auch Cellisten<\/strong>.<\/p>\n<table style=\"height: 1px;\" border=\"0\" cellspacing=\"0\" cellpadding=\"0\" width=\"90\">\n<tbody>\n<tr>\n<td width=\"357\" valign=\"top\"><strong> <\/strong><\/td>\n<td width=\"351\" valign=\"top\"><\/td>\n<\/tr>\n<\/tbody>\n<\/table>\n<p><strong>Weitere Konferenz-Beitr\u00e4ge u.a.:<\/strong><\/p>\n<p><strong> <\/strong><\/p>\n<p><strong>Musikunterricht mit ADS\/ADHS-Kindern<em><br \/>\nProblematisches Verhalten: Konfliktl\u00f6sungen im Unterrichtsalltag<\/em><\/strong><br \/>\nReferentin ist die Kinder\u00e4rztin Dr. <em>Ingrid Schlenk<\/em><\/p>\n<p><em> <\/em><\/p>\n<p><em> <\/em><\/p>\n<p><strong>Spielerischer Unterricht mit Vorschulkindern<br \/>\nDie Chance der fr\u00fchen Jahre nutzen<\/strong><br \/>\nErfahrene Fr\u00fchinstrumentalp\u00e4dagogen geben Einblicke in ihre Unterrichtsmodelle<\/p>\n<p>Wir haben f\u00fcr Sie ein kompaktes Programm zusammengestellt, das von der instrumentalen Fr\u00fcherziehung bis hin zur Verbesserung Ihrer eigenen instrumentalen Spielf\u00e4higkeit reicht. Au\u00dferdem erhalten Sie umfangreiches Kursmaterial in Form von Notenheften, B\u00fcchern und CDs. Neben den oben genannten Referenten unterrichten und referieren zahlreiche Lehrer, Musiker und Wissenschaftler aus dem In- und Ausland.<\/p>\n<p><strong> <\/strong><\/p>\n<p><strong> <\/strong><\/p>\n<p><strong>**************************************************************<\/strong><\/p>\n<h1><span style=\"color: #000000;\">03.\/04.11.2013<\/span><\/h1>\n<h2>Zus\u00e4tzliches Angebot f\u00fcr<strong> <\/strong>interessierte Violinlehrer<\/h2>\n<p><strong>Beginn: <\/strong>Sonntag, 03. November 2013, 17:30 Uhr<strong><br \/>\n<strong>Ende: <\/strong><\/strong>Montag, 04. November 2013, 13:30 Uhr<\/p>\n<h2>Intensivkurs<strong><br \/>\n<\/strong><\/h2>\n<p><strong>Vorbereitungs- und Elementarstufe:<br \/>\nPre-Twinkle und Anfang Heft 1 der Suzuki Violinschule<br \/>\n<\/strong><\/p>\n<p><strong><strong> <\/strong><\/strong><strong><strong> <\/strong><\/strong><\/p>\n<p><strong> <\/strong><\/p>\n<p><strong>Kursleitung:<br \/>\n<\/strong>Kerstin Wartberg<\/p>\n<p><strong>Tagungsort:<\/strong><br \/>\nAkademie Remscheid f\u00fcr musische Bildung und Medienerziehung<br \/>\n42857 Remscheid (NRW)<\/p>\n<p><strong>Die Kursanmeldung ist bereits jetzt schon m\u00f6glich. <\/strong><br \/>\nWir empfehlen eine baldige Anmeldung,<br \/>\num sicher ein Zimmer und Verpflegung in der Akademie Remscheid zu erhalten.<\/p>\n<p><strong>Information:<\/strong><br \/>\nDeutsche Suzuki  \t\t\t\t\tGesellschaft e.V.<br \/>\nSekretariat Monika Pieck, Ankerstra\u00dfe 34, D-53757 Sankt Augustin<br \/>\nTel: +49 (0)2241 2 89 46<br \/>\nFax: +49 3222 156 45 09<a href=\"mailto:Suzuki.wartberg@t-online.de\"><br \/>\nXchange@germansuzuki.com<\/a><\/p>\n<p>************************************************************<\/p>\n<h2><span style=\"color: #ff0000;\"><a href=\"http:\/\/kursanmeldung.germansuzuki.com\/anmeldungeinf.html\"><strong><span style=\"color: #ff0000;\">On<\/span><span style=\"color: #ff0000;\">line-Kursan<\/span><span style=\"color: #ff0000;\">meldung<\/span><\/strong><\/a><\/span><\/h2>\n<p><strong> <\/strong><\/p>\n<p><em><strong> <\/strong><\/em><\/p>\n","protected":false},"excerpt":{"rendered":"<p>02.\/03.11.2013 Beginn: Samstag, 02. November 2013, 14:30 Uhr Ende: Sonntag, 03. November 2013, 15:30 Uhr Einf\u00fchrungskurs in die Suzuki-Methode &amp; Kurs mit Simon Fischer in Zusammenarbeit mit der ESTA Suzukis&#8230;<\/p>\n","protected":false},"author":2,"featured_media":0,"comment_status":"open","ping_status":"open","sticky":false,"template":"","format":"standard","meta":[],"categories":[9],"tags":[],"_links":{"self":[{"href":"https:\/\/www.germansuzuki.de\/index.php?rest_route=\/wp\/v2\/posts\/4389"}],"collection":[{"href":"https:\/\/www.germansuzuki.de\/index.php?rest_route=\/wp\/v2\/posts"}],"about":[{"href":"https:\/\/www.germansuzuki.de\/index.php?rest_route=\/wp\/v2\/types\/post"}],"author":[{"embeddable":true,"href":"https:\/\/www.germansuzuki.de\/index.php?rest_route=\/wp\/v2\/users\/2"}],"replies":[{"embeddable":true,"href":"https:\/\/www.germansuzuki.de\/index.php?rest_route=%2Fwp%2Fv2%2Fcomments&post=4389"}],"version-history":[{"count":37,"href":"https:\/\/www.germansuzuki.de\/index.php?rest_route=\/wp\/v2\/posts\/4389\/revisions"}],"predecessor-version":[{"id":4411,"href":"https:\/\/www.germansuzuki.de\/index.php?rest_route=\/wp\/v2\/posts\/4389\/revisions\/4411"}],"wp:attachment":[{"href":"https:\/\/www.germansuzuki.de\/index.php?rest_route=%2Fwp%2Fv2%2Fmedia&parent=4389"}],"wp:term":[{"taxonomy":"category","embeddable":true,"href":"https:\/\/www.germansuzuki.de\/index.php?rest_route=%2Fwp%2Fv2%2Fcategories&post=4389"},{"taxonomy":"post_tag","embeddable":true,"href":"https:\/\/www.germansuzuki.de\/index.php?rest_route=%2Fwp%2Fv2%2Ftags&post=4389"}],"curies":[{"name":"wp","href":"https:\/\/api.w.org\/{rel}","templated":true}]}}