{"id":4359,"date":"2013-04-22T06:21:02","date_gmt":"2013-04-22T04:21:02","guid":{"rendered":"http:\/\/www.germansuzuki.com\/?p=4359"},"modified":"2013-04-22T06:23:03","modified_gmt":"2013-04-22T04:23:03","slug":"suzuki-tage-im-park-2013","status":"publish","type":"post","link":"https:\/\/www.germansuzuki.de\/?p=4359","title":{"rendered":"SUZUKI-TAGE IM PARK 2013"},"content":{"rendered":"<h2><a href=\"http:\/\/www.germansuzuki.com\/wp-content\/uploads\/2010\/12\/Teddy.jpg\"><img decoding=\"async\" loading=\"lazy\" class=\"size-full wp-image-2347 alignleft\" style=\"margin-top: 2px; margin-bottom: 2px;\" title=\"Teddy\" src=\"http:\/\/www.germansuzuki.com\/wp-content\/uploads\/2010\/12\/Teddy.jpg\" alt=\"\" width=\"89\" height=\"106\" \/><\/a><\/h2>\n<h4><span style=\"color: #000000;\"><strong>Freitag, den 28. &#8211; Sonntag, den 30. Juni 2013<\/strong><\/span><\/h4>\n<h2><strong><span style=\"color: #000080;\">EINLADUNG zum<br \/>\n<\/span><\/strong><\/h2>\n<h4 style=\"padding-left: 90px;\"><span style=\"color: #000080;\"><strong>JUBIL\u00c4UMSWORKSHOP<br \/>\n<span style=\"color: #000000;\">25 Jahre<\/span> <\/strong><\/span><span style=\"color: #000000;\"><strong>Suzuki-Kreis Mittelfranken e.V.<\/strong><\/span><span style=\"color: #000080;\"> <\/span><\/h4>\n<h4 style=\"padding-left: 90px;\"><strong> <\/strong><\/h4>\n<h2 style=\"padding-left: 90px;\"><strong>Suzuki- &amp; Orchester-Workshop in F\u00fcrth<br \/>\n<\/strong><\/h2>\n<h4 style=\"padding-left: 90px;\"><strong>Leitung: Frank Richter<\/strong><strong><\/strong><\/h4>\n<h4><span style=\"color: #000080;\"><strong><br \/>\n<\/strong><\/span><\/h4>\n<h4><strong><span style=\"color: #000080;\"> <\/span><\/strong><\/h4>\n<blockquote>\n<h4><span style=\"color: #000000;\"><em><strong>Liebe Suzuki-Sch\u00fcler und -Eltern, Vereinmitglieder, &#8222;Ehemalige&#8220;, Freunde und Angeh\u00f6rige, liebe Suzuki-Lehrer!<\/strong><\/em><\/span><\/h4>\n<p><span style=\"color: #000000;\">Der <strong>Suzuki-Kreis Mittelfranken e.V.<\/strong><\/span><\/p>\n<p><span style=\"color: #000000;\">und die <strong>Musikschule F\u00fcrth e.V.<\/strong> laden herzlich ein.<\/span><\/p>\n<p><span style=\"color: #000000;\"><strong>Anmeldeschluss:<\/strong> 15. Mai 2013<\/span><\/p>\n<h4><span style=\"color: #000000;\"><a href=\"http:\/\/www.germansuzuki.com\/wp-content\/uploads\/2010\/12\/Einladung.pdf\"><\/a><a href=\"http:\/\/www.germansuzuki.com\/wp-content\/uploads\/2013\/04\/STiP2013.Formulare.pdf\">Infos &amp; Anmeldeformular<\/a><a href=\"http:\/\/www.germansuzuki.com\/wp-content\/uploads\/2010\/12\/1.-Anmeldeformular.xls\"><\/a><\/span><\/h4>\n<h4><span style=\"color: #000000;\"><a href=\"http:\/\/www.germansuzuki.com\/wp-content\/uploads\/2010\/12\/2.-Anmeldeformular-Lehrer-etc..xls\"><\/a><a href=\"http:\/\/www.germansuzuki.com\/wp-content\/uploads\/2013\/04\/Brief-an-Kollegen.pdf\">Brief an Suzuki-Lehrer<\/a><\/span><\/h4>\n<p><strong><span style=\"color: #000000;\">Auf Anfrage werden wir Ihnen die Workshop-Noten sofort per Email zusenden.<\/span><\/strong><\/p><\/blockquote>\n","protected":false},"excerpt":{"rendered":"<p>Freitag, den 28. &#8211; Sonntag, den 30. Juni 2013 EINLADUNG zum JUBIL\u00c4UMSWORKSHOP 25 Jahre Suzuki-Kreis Mittelfranken e.V. Suzuki- &amp; Orchester-Workshop in F\u00fcrth Leitung: Frank Richter Liebe Suzuki-Sch\u00fcler und -Eltern, Vereinmitglieder,&#8230;<\/p>\n","protected":false},"author":2,"featured_media":0,"comment_status":"open","ping_status":"open","sticky":false,"template":"","format":"standard","meta":[],"categories":[9],"tags":[],"_links":{"self":[{"href":"https:\/\/www.germansuzuki.de\/index.php?rest_route=\/wp\/v2\/posts\/4359"}],"collection":[{"href":"https:\/\/www.germansuzuki.de\/index.php?rest_route=\/wp\/v2\/posts"}],"about":[{"href":"https:\/\/www.germansuzuki.de\/index.php?rest_route=\/wp\/v2\/types\/post"}],"author":[{"embeddable":true,"href":"https:\/\/www.germansuzuki.de\/index.php?rest_route=\/wp\/v2\/users\/2"}],"replies":[{"embeddable":true,"href":"https:\/\/www.germansuzuki.de\/index.php?rest_route=%2Fwp%2Fv2%2Fcomments&post=4359"}],"version-history":[{"count":13,"href":"https:\/\/www.germansuzuki.de\/index.php?rest_route=\/wp\/v2\/posts\/4359\/revisions"}],"predecessor-version":[{"id":4374,"href":"https:\/\/www.germansuzuki.de\/index.php?rest_route=\/wp\/v2\/posts\/4359\/revisions\/4374"}],"wp:attachment":[{"href":"https:\/\/www.germansuzuki.de\/index.php?rest_route=%2Fwp%2Fv2%2Fmedia&parent=4359"}],"wp:term":[{"taxonomy":"category","embeddable":true,"href":"https:\/\/www.germansuzuki.de\/index.php?rest_route=%2Fwp%2Fv2%2Fcategories&post=4359"},{"taxonomy":"post_tag","embeddable":true,"href":"https:\/\/www.germansuzuki.de\/index.php?rest_route=%2Fwp%2Fv2%2Ftags&post=4359"}],"curies":[{"name":"wp","href":"https:\/\/api.w.org\/{rel}","templated":true}]}}