{"id":4339,"date":"2013-04-21T13:30:53","date_gmt":"2013-04-21T11:30:53","guid":{"rendered":"http:\/\/www.germansuzuki.com\/?p=4339"},"modified":"2013-04-22T18:39:58","modified_gmt":"2013-04-22T16:39:58","slug":"an-alle-suzuki-schuler","status":"publish","type":"post","link":"https:\/\/www.germansuzuki.de\/?p=4339","title":{"rendered":"An alle Musiksch\u00fcler"},"content":{"rendered":"<h1>Videobotschaft<\/h1>\n<h1><span style=\"color: #000000;\"> <\/span><span style=\"color: #000000;\"><strong>des amerikanischen Trios \u201eTIME FOR THREE\u201c <\/strong><\/span><\/h1>\n<h1><span style=\"color: #000000;\"><strong>an alle jungen Leute, <\/strong><\/span><\/h1>\n<h1><span style=\"color: #000000;\"><strong>die ihrer Einstellung wegen gemobbt werden:<\/strong><\/span><\/h1>\n<h1>\u201eGib Deine Tr\u00e4ume nicht auf!<\/h1>\n<h1>Am Ende wirst Du ST\u00c4RKER sein!\u201c<\/h1>\n<p><span style=\"color: #000000;\"><a href=\"http:\/\/www.germansuzuki.com\/wp-content\/uploads\/2013\/04\/time-for-three-stronger.jpg\"><img decoding=\"async\" loading=\"lazy\" class=\"alignleft size-full wp-image-4352\" style=\"margin-left: 0px; margin-right: 20px; border: 1px solid black;\" title=\"time-for-three-stronger\" src=\"http:\/\/www.germansuzuki.com\/wp-content\/uploads\/2013\/04\/time-for-three-stronger.jpg\" alt=\"\" width=\"421\" height=\"281\" srcset=\"https:\/\/www.germansuzuki.de\/wp-content\/uploads\/2013\/04\/time-for-three-stronger.jpg 433w, https:\/\/www.germansuzuki.de\/wp-content\/uploads\/2013\/04\/time-for-three-stronger-300x200.jpg 300w\" sizes=\"(max-width: 421px) 100vw, 421px\" \/><\/a>Die Geiger Nicolas Kendall (Enkel von <\/span>John Kendall, <span style=\"color: #000000;\">dem Suzuki-Pionier in Amerika), Zachary DePue und der Kontrabassist Ranaan Meyer erz\u00e4hlen in diesem Musikvideo ihre eigene Geschichte, die viele Kinder und Jugendliche in \u00e4hnlicher Weise durchleben m\u00fcssen. Beide Geiger waren ehemalige Suzuki-Sch\u00fcler und wurden wegen ihres engagierten Einsatzes f\u00fcr die Musik von ihren Klassenkameraden gemobbt.<br \/>\nHeute, nach ihrer hervorragenden klassischen Ausbildung am <em>Curtis Institute of Music <\/em>(renommierte US-amerikanische Musikhochschule in Philadelphia), treten sie in den gro\u00dfen Konzerts\u00e4len der Welt auf.<br \/>\n<\/span><\/p>\n<p><span style=\"color: #000000;\">Durch ihr Video wollen sie allen Kindern und Jugendlichen sagen: \u201eLa\u00df Dich nicht unterkriegen! Gehe Deinen Weg! \u00dcbe weiter und werde besser und besser! Du kannst dadurch nur gewinnen und st\u00e4rker werden! Es lohnt sich!\u201c Der Film tr\u00e4gt \u00fcbrigens den Titel:<\/span><\/p>\n<h1><span style=\"color: #000000;\">STRONGER!<\/span><\/h1>\n<p><iframe loading=\"lazy\" width=\"640\" height=\"360\" src=\"http:\/\/www.youtube.com\/embed\/OnzAWPlM470?feature=player_detailpage\" frameborder=\"0\" allowfullscreen><\/iframe><\/p>\n","protected":false},"excerpt":{"rendered":"<p>Videobotschaft des amerikanischen Trios \u201eTIME FOR THREE\u201c an alle jungen Leute, die ihrer Einstellung wegen gemobbt werden: \u201eGib Deine Tr\u00e4ume nicht auf! Am Ende wirst Du ST\u00c4RKER sein!\u201c Die Geiger&#8230;<\/p>\n","protected":false},"author":2,"featured_media":0,"comment_status":"open","ping_status":"open","sticky":false,"template":"","format":"standard","meta":[],"categories":[3],"tags":[],"_links":{"self":[{"href":"https:\/\/www.germansuzuki.de\/index.php?rest_route=\/wp\/v2\/posts\/4339"}],"collection":[{"href":"https:\/\/www.germansuzuki.de\/index.php?rest_route=\/wp\/v2\/posts"}],"about":[{"href":"https:\/\/www.germansuzuki.de\/index.php?rest_route=\/wp\/v2\/types\/post"}],"author":[{"embeddable":true,"href":"https:\/\/www.germansuzuki.de\/index.php?rest_route=\/wp\/v2\/users\/2"}],"replies":[{"embeddable":true,"href":"https:\/\/www.germansuzuki.de\/index.php?rest_route=%2Fwp%2Fv2%2Fcomments&post=4339"}],"version-history":[{"count":21,"href":"https:\/\/www.germansuzuki.de\/index.php?rest_route=\/wp\/v2\/posts\/4339\/revisions"}],"predecessor-version":[{"id":4354,"href":"https:\/\/www.germansuzuki.de\/index.php?rest_route=\/wp\/v2\/posts\/4339\/revisions\/4354"}],"wp:attachment":[{"href":"https:\/\/www.germansuzuki.de\/index.php?rest_route=%2Fwp%2Fv2%2Fmedia&parent=4339"}],"wp:term":[{"taxonomy":"category","embeddable":true,"href":"https:\/\/www.germansuzuki.de\/index.php?rest_route=%2Fwp%2Fv2%2Fcategories&post=4339"},{"taxonomy":"post_tag","embeddable":true,"href":"https:\/\/www.germansuzuki.de\/index.php?rest_route=%2Fwp%2Fv2%2Ftags&post=4339"}],"curies":[{"name":"wp","href":"https:\/\/api.w.org\/{rel}","templated":true}]}}