{"id":4332,"date":"2013-04-18T20:01:49","date_gmt":"2013-04-18T18:01:49","guid":{"rendered":"http:\/\/www.germansuzuki.com\/?p=4332"},"modified":"2013-04-18T20:16:51","modified_gmt":"2013-04-18T18:16:51","slug":"16-internationale-suzuki-konferenz-in-japan","status":"publish","type":"post","link":"https:\/\/www.germansuzuki.de\/?p=4332","title":{"rendered":"16. Internationale Suzuki Konferenz in Japan"},"content":{"rendered":"<h2>Impressionen aus Matsumoto, Ostern 2013<\/h2>\n<p>Mit gro\u00dfer Begeisterung sind die DSG-Mitglieder <a href=\"http:\/\/www.germansuzuki.com\/?p=3964\">Veronika Kimiti<\/a>, <a href=\"http:\/\/www.germansuzuki.com\/?p=3975\">Masako Sakai-Hersen<\/a> und <a href=\"http:\/\/www.germansuzuki.com\/?p=2356\">Gino Romero Ramirez <\/a>von der Internationalen Suzuki Konferenz aus Japan zur\u00fcckgekehrt. Es war f\u00fcr alle ein \u00fcberragendes Erlebnis, das sie mit \u00fcber 5000 Teilnehmern teilen konnten. Es folgen einige Ausschnitte aus dem Abschlu\u00dfkonzert, bei dem ca. 1000 Suzuki-Sch\u00fcler mitwirkten.<\/p>\n<p><strong>Abschlu\u00dfkonzert: Menuett 2<\/strong><br \/>\n<iframe loading=\"lazy\" width=\"640\" height=\"360\" src=\"http:\/\/www.youtube.com\/embed\/8KiN3bHF5uI?feature=player_detailpage\" frameborder=\"0\" allowfullscreen><\/iframe><\/p>\n<p><strong>Abschlu\u00dfkonzert: Streicherserenade von Tschaikowsky<\/strong><br \/>\n<iframe loading=\"lazy\" width=\"640\" height=\"360\" src=\"http:\/\/www.youtube.com\/embed\/hM2kKEw2C0E?feature=player_detailpage\" frameborder=\"0\" allowfullscreen><\/iframe><\/p>\n<p><strong>Gemischtes Programm: Cello \/ Fl\u00f6te \/ Geige \/ Klavier<\/strong><br \/>\n<iframe loading=\"lazy\" width=\"640\" height=\"360\" src=\"http:\/\/www.youtube.com\/embed\/hAn5kpXPyHk?feature=player_detailpage\" frameborder=\"0\" allowfullscreen><\/iframe><\/p>\n<p><strong>Abschlu\u00dfkonzert: Twinkle<\/strong><br \/>\n<iframe loading=\"lazy\" width=\"640\" height=\"360\" src=\"http:\/\/www.youtube.com\/embed\/ewKn-nR_ApU?feature=player_detailpage\" frameborder=\"0\" allowfullscreen><\/iframe><\/p>\n","protected":false},"excerpt":{"rendered":"<p>Impressionen aus Matsumoto, Ostern 2013 Mit gro\u00dfer Begeisterung sind die DSG-Mitglieder Veronika Kimiti, Masako Sakai-Hersen und Gino Romero Ramirez von der Internationalen Suzuki Konferenz aus Japan zur\u00fcckgekehrt. Es war f\u00fcr&#8230;<\/p>\n","protected":false},"author":2,"featured_media":0,"comment_status":"open","ping_status":"open","sticky":false,"template":"","format":"standard","meta":[],"categories":[9],"tags":[],"_links":{"self":[{"href":"https:\/\/www.germansuzuki.de\/index.php?rest_route=\/wp\/v2\/posts\/4332"}],"collection":[{"href":"https:\/\/www.germansuzuki.de\/index.php?rest_route=\/wp\/v2\/posts"}],"about":[{"href":"https:\/\/www.germansuzuki.de\/index.php?rest_route=\/wp\/v2\/types\/post"}],"author":[{"embeddable":true,"href":"https:\/\/www.germansuzuki.de\/index.php?rest_route=\/wp\/v2\/users\/2"}],"replies":[{"embeddable":true,"href":"https:\/\/www.germansuzuki.de\/index.php?rest_route=%2Fwp%2Fv2%2Fcomments&post=4332"}],"version-history":[{"count":4,"href":"https:\/\/www.germansuzuki.de\/index.php?rest_route=\/wp\/v2\/posts\/4332\/revisions"}],"predecessor-version":[{"id":4337,"href":"https:\/\/www.germansuzuki.de\/index.php?rest_route=\/wp\/v2\/posts\/4332\/revisions\/4337"}],"wp:attachment":[{"href":"https:\/\/www.germansuzuki.de\/index.php?rest_route=%2Fwp%2Fv2%2Fmedia&parent=4332"}],"wp:term":[{"taxonomy":"category","embeddable":true,"href":"https:\/\/www.germansuzuki.de\/index.php?rest_route=%2Fwp%2Fv2%2Fcategories&post=4332"},{"taxonomy":"post_tag","embeddable":true,"href":"https:\/\/www.germansuzuki.de\/index.php?rest_route=%2Fwp%2Fv2%2Ftags&post=4332"}],"curies":[{"name":"wp","href":"https:\/\/api.w.org\/{rel}","templated":true}]}}