{"id":4283,"date":"2013-07-17T20:18:31","date_gmt":"2013-07-17T18:18:31","guid":{"rendered":"http:\/\/www.germansuzuki.com\/?p=4283"},"modified":"2015-11-22T20:02:15","modified_gmt":"2015-11-22T18:02:15","slug":"europaische-lehrerkonferenz-2013","status":"publish","type":"post","link":"https:\/\/www.germansuzuki.de\/?p=4283","title":{"rendered":"Europ\u00e4ische Lehrerkonferenz 2013"},"content":{"rendered":"<table style=\"height: 1610px;\" border=\"0\" cellspacing=\"0\" cellpadding=\"0\" width=\"576\">\n<tbody>\n<tr>\n<td width=\"385\" valign=\"top\">\n<h1><strong> <\/strong><\/h1>\n<blockquote>\n<h2><span style=\"color: #000080;\">BITTE VORMERKEN !!!!!!!!!!!!!!!!!!<\/span><\/h2>\n<p><span style=\"color: #000080;\"> <\/span><\/p>\n<h1><span style=\"color: #000080;\">02.\/03.11.2013<\/span><\/h1>\n<p><span style=\"color: #000000;\"><strong>Beginn: <\/strong>Samstag, 02. November 2013, 14:30 <strong>Uhr<br \/>\nEnde: <\/strong>Sonntag, 03. November 2013, 15:30 <strong>Uhr<\/strong><\/span><\/p>\n<h2><strong>Einladung\u00a0 zur<br \/>\nF\u00fcnften Suzuki-Lehrerkonferenz <\/strong><\/h2>\n<h2 style=\"text-align: left;\"><strong>f\u00fcr europ\u00e4ische Violin-, Viola- und Cellolehrer<\/strong><\/h2>\n<p><strong>in Zusammenarbeit mit der ESTA<\/strong><\/p>\n<h1><span style=\"color: #000080;\"><strong>LET US WORK TOGETHER!<\/strong><\/span><\/h1>\n<p><span style=\"color: #000000;\">\u2666 Austausch- und Ideenb\u00f6rse<br \/>\n\u2666 Referate von Suzuki-Lehrern aus dem In- und Ausland<br \/>\n\u2666 Instrumentalkurse\/Ensemblearbeit<br \/>\n\u2666 Gespr\u00e4chskreise<\/span><\/p>\n<p><span style=\"color: #000000;\"> <\/span><\/p>\n<h2><span style=\"color: #000080;\">Gastreferent: Simon Fischer<\/span><\/h2>\n<p><span style=\"color: #000000;\"> Der weltweit bekannter Geiger, P\u00e4dagoge und Buchautor aus London referiert \u00fcber das Thema:<\/span><\/p>\n<h5><span style=\"color: #000080;\"><strong>The Secrets of Tone Production on all Bowed String Instruments<\/strong><br \/>\n<\/span> <span style=\"color: #000080;\"><strong><em>Geheimnisse der Klangerzeugung auf allen Streichinstrumenten<\/em><\/strong><\/span><\/h5>\n<p><span style=\"color: #000080;\"><strong><em><br \/>\n<a href=\"http:\/\/www.germansuzuki.com\/wp-content\/uploads\/2013\/04\/fischerstudent1.jpg\"><img decoding=\"async\" loading=\"lazy\" class=\"size-full wp-image-4318 alignnone\" title=\"fischerstudent1\" src=\"http:\/\/www.germansuzuki.com\/wp-content\/uploads\/2013\/04\/fischerstudent1.jpg\" alt=\"\" width=\"246\" height=\"253\" \/><\/a><\/em><\/strong><\/span><\/p>\n<p><span style=\"color: #000000;\"><strong><em><br \/>\nSimon Fischer erkl\u00e4rt Ihnen <a href=\"http:\/\/www.youtube.com\/watch?v=qQ_DIjcUo64\">in diesem Video<\/a>, worum es in seinem Vortrag geht.<br \/>\n<\/em><\/strong><\/span><\/p>\n<p><span style=\"color: #000000;\"> <\/span><span style=\"color: #000000;\"><strong><em> <\/em><\/strong><\/span><\/p>\n<p><span style=\"color: #000000;\"> <\/span><span style=\"color: #000000;\"><strong><em> <\/em><\/strong><strong><em> <\/em><\/strong><strong><em> <\/em><\/strong><\/span><\/p>\n<p><span style=\"color: #000000;\"> <\/span><span style=\"color: #000000;\">Simon Fischer wird den <strong>Vortrag auf Englisch<\/strong> halten, der <strong>abschnittsweise von einem \u00dcbersetzer ins Deutsche <\/strong>\u00fcbertragen wird. Die praktische Anwendung wird in mehreren Lehrproben mit   Kindern, Studenten und Lehrern lebendig demonstriert.<\/span><\/p>\n<p><span style=\"color: #000000;\"> <\/span><span style=\"color: #000000;\">Simon Fischer unterrichtet auf unserem Workshop <strong>Geiger, Bratscher und   auch Cellisten<\/strong>.<br \/>\n<\/span><\/p>\n<p><span style=\"color: #000000;\"> <span style=\"color: #000080;\"><strong>Teilnehmer, die von Simon Fischer unterrichtet werden m\u00f6chten, k\u00f6nnen   sich bei der Konferenzleitung melden.<\/strong><\/span><\/span><\/p><\/blockquote>\n<p><span style=\"color: #000000;\"> <\/span><\/p>\n<blockquote>\n<h2><span style=\"color: #000000;\"> <\/span><span style=\"color: #000080;\"><strong>Zus\u00e4tzliche Kurse<\/strong><\/span><\/h2>\n<p><span style=\"color: #000000;\"> <\/span><span style=\"color: #000000;\"><strong> <\/strong><\/span><\/p>\n<p><span style=\"color: #000000;\"> <\/span><\/p>\n<p><span style=\"color: #000000;\"><strong> <\/strong><span style=\"color: #000000;\"><strong>01. &#8211; 02.11.2013 <\/strong><\/span><\/span><\/p>\n<p><span style=\"color: #000000;\"> <\/span><span style=\"color: #000000;\"> <\/span><\/p>\n<p><span style=\"color: #000000;\"><strong>Intensivkurs f\u00fcr Suzuki-Violinlehrer:<\/strong> <span style=\"color: #000080;\"><strong>Heft 6 \u2013 Revised Edition<\/strong><\/span><br \/>\n<strong> <\/strong> <\/span><span style=\"color: #000000;\"><strong>Beginn: <strong>Freitag<\/strong><\/strong><strong>, 01. November 2013, 14:30 <\/strong><strong><strong>Uhr<\/strong><br \/>\n<strong>Ende: <\/strong><\/strong><strong>Samstag, 02. November 2013, 12:00 <strong>Uhr<\/strong><\/strong><\/span><\/p>\n<p><span style=\"color: #000000;\"> <\/span><span style=\"color: #000000;\"><strong>**************************************************************<br \/>\n<\/strong><strong> <\/strong><\/span><\/p>\n<p><span style=\"color: #000000;\"> <\/span><span style=\"color: #000000;\"><strong> <\/strong><\/span><\/p>\n<p><span style=\"color: #000000;\"> <\/span><span style=\"color: #000000;\"><strong> <\/strong><strong>03. &#8211; 04.11.2013<br \/>\nIntensivkurs f\u00fcr Suzuki-Violinlehrer:<br \/>\n<span style=\"color: #000080;\">Pre-Twinkle und Anfang Heft 1 \u2013 Revised Edition<\/span><br \/>\n<\/strong><\/span><\/p>\n<p><span style=\"color: #000000;\"> <\/span><span style=\"color: #000000;\"><strong>Beginn: <strong>Sonntag<\/strong><\/strong><strong>, 03. November 2013, 17:30 <\/strong><strong><strong>Uhr<\/strong><br \/>\n<strong>Ende: <\/strong><\/strong><strong>Montag, 04. November 2013, 13:30 <strong>Uhr<\/strong><\/strong><\/span><\/p>\n<p><strong><strong> <\/strong><\/strong><strong><strong> <\/strong><\/strong><strong>**************************************************************<\/strong><\/p>\n<p><span style=\"color: #000000;\"> <\/span><span style=\"color: #000000;\"><strong><a href=\"http:\/\/www.germansuzuki.com\/?p=3529\"> <\/a><\/strong><\/span><\/p>\n<h4><span style=\"color: #008000;\"><a href=\"http:\/\/www.germansuzuki.com\/?p=4389\"><span style=\"color: #008000;\">EINF\u00dcHRUNGSKURS <\/span><span style=\"color: #008000;\">f\u00fcr Interessenten<\/span><\/a><\/span><\/h4>\n<p><span style=\"color: #000000;\"><strong>Parallel zur Suzuki-Lehrerkonferenz\u00a0<a href=\"http:\/\/www.germansuzuki.com\/?p=3529\"> <\/a><\/strong><br \/>\n<\/span><\/p>\n<h4><span style=\"color: #000000;\"> <\/span> <a href=\"http:\/\/www.germansuzuki.com\/?p=4389\"><span style=\"color: #000000;\"><strong><span style=\"color: #000080;\">Kompaktseminar f\u00fcr Geiger und Cellisten<\/span>:<\/strong><\/span><\/a><\/h4>\n<h4><span style=\"color: #000000;\"> <\/span><\/h4>\n<p><span style=\"color: #000000;\"><strong> Einf\u00fchrungskurs in die Suzuki-Unterrichtsmethode &amp; Kurs mit\u00a0 Simon Fischer<\/strong><strong><br \/>\n<\/strong><\/span><\/p>\n<h4><span style=\"color: #000000;\"><strong> <span style=\"color: #000080;\">Bitte weisen Sie die Kollegen an Ihrer Musikschule darauf hin!<br \/>\nAnmeldung ab Anfang Mai m\u00f6glich!<br \/>\n<\/span><\/strong><\/span><\/h4>\n<p><span style=\"color: #000000;\"> <\/span><span style=\"color: #000000;\"><strong> <\/strong><\/span><\/p>\n<p><span style=\"color: #000000;\"> <\/span><span style=\"color: #000000;\">***************************************************************<\/span><\/p>\n<p><span style=\"color: #000000;\"> <\/span><span style=\"color: #000000;\"><strong> <\/strong><\/span><\/p>\n<p><span style=\"color: #000000;\"><strong>Kursleitung:<br \/>\n<\/strong>Kerstin Wartberg<\/span><\/p>\n<p><span style=\"color: #000000;\"><span style=\"color: #000000;\"><strong>Tagungsort:<\/strong><\/span><br \/>\nAkademie Remscheid f\u00fcr musische Bildung und Medienerziehung<br \/>\n42857 Remscheid (NRW)<\/span><\/p>\n<p><a href=\"http:\/\/www.germansuzuki.com\/wp-content\/uploads\/2010\/05\/exchange.1_verkl.jpg\"><img decoding=\"async\" loading=\"lazy\" title=\"exchange.1_verkl\" src=\"http:\/\/www.germansuzuki.com\/wp-content\/uploads\/2010\/05\/exchange.1_verkl.jpg\" alt=\"\" width=\"248\" height=\"165\" \/><\/a><\/p>\n<p><span style=\"color: #000000;\"> <\/span><span style=\"color: #000000;\"><strong>Die Kursanmeldung ist bereits jetzt schon m\u00f6glich. <\/strong><br \/>\nWir empfehlen eine baldige Anmeldung,<br \/>\num sicher ein Zimmer und Verpflegung in der Akademie Remscheid zu erhalten.<\/span><\/p>\n<p><span style=\"color: #000000;\"> <\/span><span style=\"color: #000000;\"><strong>Information:<\/strong><\/span><\/p>\n<p><span style=\"color: #000000;\"> <\/span><span style=\"color: #000000;\">Deutsche Suzuki  \t\t\t\t\tGesellschaft e.V.<br \/>\nSekretariat Monika Pieck, Ankerstra\u00dfe 34, D-53757 Sankt Augustin<br \/>\nTel: +49 (0)2241 28946<br \/>\n<span style=\"color: #000000;\">Fax: <\/span><\/span><span style=\"color: #000000;\">+49 3222 156 45 09<\/span><span style=\"color: #000000;\"><a href=\"mailto:Suzuki.wartberg@t-online.de\"><br \/>\nXchange@germansuzuki.com<\/a><\/span><\/p>\n<p><span style=\"color: #000080;\"> <\/span><\/p>\n<h2><a href=\"http:\/\/www.kursanmeldung.germansuzuki.com\/anmeldunglehrerde.html\"><span style=\"color: #000080;\"><strong>Online-Kursanmeldung<\/strong><\/span><\/a><\/h2>\n<h2><strong><a href=\"http:\/\/www.germansuzuki.com\/wp-content\/uploads\/2013\/04\/Anmeldung_Kurzreferat_D_13.doc\">Anmeldung eines Kurzreferats<\/a><br \/>\n<\/strong><\/h2>\n<h2><strong><a href=\"http:\/\/www.germansuzuki.com\/?p=3827\">Bericht \u00fcber die Lehrerkonferenz 2012 <\/a><br \/>\n<\/strong><\/h2>\n<p><strong> <\/strong><\/p><\/blockquote>\n<p><em><strong> <\/strong><\/em><\/p>\n<p><em><strong><br \/>\n<\/strong><\/em><\/p>\n<h1><strong> <\/strong><\/h1>\n<\/td>\n<\/tr>\n<tr>\n<td width=\"385\" valign=\"top\"><\/td>\n<\/tr>\n<\/tbody>\n<\/table>\n","protected":false},"excerpt":{"rendered":"<p>BITTE VORMERKEN !!!!!!!!!!!!!!!!!! 02.\/03.11.2013 Beginn: Samstag, 02. November 2013, 14:30 Uhr Ende: Sonntag, 03. November 2013, 15:30 Uhr Einladung\u00a0 zur F\u00fcnften Suzuki-Lehrerkonferenz f\u00fcr europ\u00e4ische Violin-, Viola- und Cellolehrer in Zusammenarbeit&#8230;<\/p>\n","protected":false},"author":2,"featured_media":0,"comment_status":"open","ping_status":"open","sticky":false,"template":"","format":"standard","meta":[],"categories":[9],"tags":[],"_links":{"self":[{"href":"https:\/\/www.germansuzuki.de\/index.php?rest_route=\/wp\/v2\/posts\/4283"}],"collection":[{"href":"https:\/\/www.germansuzuki.de\/index.php?rest_route=\/wp\/v2\/posts"}],"about":[{"href":"https:\/\/www.germansuzuki.de\/index.php?rest_route=\/wp\/v2\/types\/post"}],"author":[{"embeddable":true,"href":"https:\/\/www.germansuzuki.de\/index.php?rest_route=\/wp\/v2\/users\/2"}],"replies":[{"embeddable":true,"href":"https:\/\/www.germansuzuki.de\/index.php?rest_route=%2Fwp%2Fv2%2Fcomments&post=4283"}],"version-history":[{"count":54,"href":"https:\/\/www.germansuzuki.de\/index.php?rest_route=\/wp\/v2\/posts\/4283\/revisions"}],"predecessor-version":[{"id":5849,"href":"https:\/\/www.germansuzuki.de\/index.php?rest_route=\/wp\/v2\/posts\/4283\/revisions\/5849"}],"wp:attachment":[{"href":"https:\/\/www.germansuzuki.de\/index.php?rest_route=%2Fwp%2Fv2%2Fmedia&parent=4283"}],"wp:term":[{"taxonomy":"category","embeddable":true,"href":"https:\/\/www.germansuzuki.de\/index.php?rest_route=%2Fwp%2Fv2%2Fcategories&post=4283"},{"taxonomy":"post_tag","embeddable":true,"href":"https:\/\/www.germansuzuki.de\/index.php?rest_route=%2Fwp%2Fv2%2Ftags&post=4283"}],"curies":[{"name":"wp","href":"https:\/\/api.w.org\/{rel}","templated":true}]}}