{"id":4083,"date":"2013-04-10T10:49:54","date_gmt":"2013-04-10T08:49:54","guid":{"rendered":"http:\/\/www.germansuzuki.com\/?p=4083"},"modified":"2013-04-23T12:56:04","modified_gmt":"2013-04-23T10:56:04","slug":"terminubersicht-2013","status":"publish","type":"post","link":"https:\/\/www.germansuzuki.de\/?p=4083","title":{"rendered":"Termin\u00fcbersicht 2013"},"content":{"rendered":"<h2 style=\"text-align: left;\"><span style=\"color: #0000ff;\"><strong>Veranstaltungen<br \/>\n<span style=\"color: #0000ff;\">von Suzukilehrern der DSG und<\/span><\/strong><\/span><strong> europ\u00e4ischen Gastdozenten<\/strong><\/h2>\n<h4 style=\"text-align: left;\"><strong><span style=\"color: #000000;\">Diese Liste wird st\u00e4ndig aktualisiert.<\/span><\/strong><\/h4>\n<h4 style=\"text-align: left;\"><span style=\"color: #800000;\"><strong>Falls Sie Ihre Veranstaltung eintragen m\u00f6chten, k\u00f6nnen Sie dies in dem unteren Kommentarfeld tun.<\/strong><\/span><\/h4>\n<h3><span style=\"text-decoration: underline;\"> <\/span><\/h3>\n<h2>02.-05.01.2013<\/h2>\n<p><strong>Musikalische Fr\u00fchf\u00f6rderung \/ CML<br \/>\nLehrerausbildungskurs<\/strong><br \/>\nAusbildungsphase B<br \/>\nHeidelberg<br \/>\nLeitung: <em><a href=\"http:\/\/www.germansuzuki.com\/?p=3730\">Marco Messina<\/a><\/em><\/p>\n<h1><span style=\"color: #008000;\"> **************************<\/span><br \/>\n<span style=\"color: #008000;\">**************************<\/span><br \/>\n**************************<\/h1>\n<p><span style=\"color: #008000;\"> <\/span><\/p>\n<h2>11.-13.02.2013<\/h2>\n<p><strong>Praktikum f\u00fcr Lehrerkursteilnehmer, Violine, Stufen 1-3<\/strong><br \/>\nIngolstadt<br \/>\nMontessori Schule<\/p>\n<p>Alle Violin-Lehrerkursteilnehmer von DSG und SMD sind willkommen!<br \/>\nLeitung: <em><a href=\"http:\/\/www.germansuzuki.com\/?p=3964\">Veronika Kimiti<\/a><\/em><\/p>\n<h3><span style=\"text-decoration: underline;\"> <\/span><\/h3>\n<h1><span style=\"color: #008000;\">**************************<br \/>\n**************************<\/span><br \/>\n**************************<\/h1>\n<p><span style=\"color: #008000;\"> <\/span><\/p>\n<h2>24.02.2013<\/h2>\n<p><strong>&#8220; KINDER helfen KINDERN&#8220;<\/strong><br \/>\nAltes Rathaus Hattingen<br \/>\nLeitung: <em><a href=\"http:\/\/www.germansuzuki.com\/wp-content\/uploads\/2012\/02\/Koszalka.pdf\">Maria Koszalka<\/a><\/em><\/p>\n<h1><span style=\"color: #008000;\">**************************<br \/>\n**************************<\/span><br \/>\n**************************<\/h1>\n<p><span style=\"color: #008000;\"> <\/span><\/p>\n<h2>03.03.2013<\/h2>\n<p><strong>FR\u00dcHLINGSKONZERT<\/strong><br \/>\nErl\u00f6serkirche<br \/>\nHasseldieksdamm<br \/>\nJunge Camerata<br \/>\nLeitung:<strong> <\/strong><a href=\"http:\/\/www.junge-camerata-academica.de\/\"><em>Isabel Morey Suau<\/em><\/a><\/p>\n<h1><span style=\"color: #008000;\">**************************<br \/>\n**************************<\/span><br \/>\n**************************<\/h1>\n<p><span style=\"color: #008000;\"> <\/span><\/p>\n<h2>27.-31. M\u00e4rz 2013<\/h2>\n<p><a href=\"http:\/\/www.suzukimethod.or.jp\/indexE.html\"><strong>The 16th Suzuki Method World Convention<\/strong><\/a><strong><br \/>\nin Matsumoto\/Japan<\/strong><\/p>\n<h1><span style=\"color: #008000;\">**************************<br \/>\n**************************<\/span><br \/>\n**************************<\/h1>\n<h2>12.-14.04. 2013<\/h2>\n<p><strong>Musikalische Fr\u00fchf\u00f6rderung \/ CML<br \/>\nLehrerausbildungskurs<\/strong><br \/>\nAusbildungsphase C<br \/>\nLeitung: <em><a href=\"http:\/\/www.germansuzuki.com\/?p=3730\">Marco Messina<\/a><\/em><\/p>\n<h1><span style=\"color: #008000;\">**************************<br \/>\n**************************<\/span><br \/>\n**************************<\/h1>\n<h2>19. -21.04.2013<\/h2>\n<p><strong>Suzuki Violin-Workshop in Weimar<\/strong><br \/>\nLeitung: <a href=\"http:\/\/www.germansuzuki.com\/?p=3232\"><em>Dorothea-Friederike Gruppe<\/em><\/a><\/p>\n<h1><span style=\"color: #008000;\">**************************<br \/>\n**************************<\/span><br \/>\n**************************<\/h1>\n<h2>20.04.2013<\/h2>\n<p><strong>Jubil\u00e4umsfest<\/strong><\/p>\n<p>Konzertsaal der Musikschule F\u00fcrth<br \/>\nSuzuki-Kreis Mittelfranken e.V.<br \/>\nLeitung: <em><a href=\"http:\/\/www.musikschule-fuerth.de\/Frank-Richter\/m184l1\/Frank-Richter.html\">Frank Richter<\/a><\/em><\/p>\n<h3><span style=\"text-decoration: underline;\"> <\/span><\/h3>\n<h1><span style=\"color: #008000;\">**************************<br \/>\n**************************<\/span><br \/>\n**************************<\/h1>\n<h2>27. 04. 2013<\/h2>\n<p><strong>4. Benefizkonzert<\/strong><br \/>\nSuzukisch\u00fcler der Streicherschule Erfurt &amp; Suzukisch\u00fclern der Musikschule Weimar<\/p>\n<p>Erfurt, Rathausfestsaal<br \/>\nLeitung: <em><a href=\"http:\/\/www.streicherschule-erfurt.de\/p\/uber-uns.html\">Dorothee Schmidt<\/a><\/em> und <em><a href=\"http:\/\/www.germansuzuki.com\/?p=3232\">Dorothea-Friederike Gruppe<\/a><\/em><\/p>\n<h1><span style=\"color: #008000;\">**************************<br \/>\n**************************<\/span><br \/>\n**************************<\/h1>\n<h2>27.04.2013<\/h2>\n<p><strong>Suzuki-Konzert unter dem Titel &#8222;F\u00fcreinander &#8211; Miteinander&#8220;<\/strong><br \/>\nIndustriemuseum Heinrichsh\u00fctte<br \/>\nHattingen<br \/>\nLeitung: <em><a href=\"http:\/\/www.germansuzuki.com\/wp-content\/uploads\/2012\/02\/Koszalka.pdf\">Maria Koszalka<\/a><\/em><\/p>\n<h1><span style=\"color: #008000;\">**************************<br \/>\n**************************<\/span><br \/>\n**************************<\/h1>\n<h2>10. \u2013 12.05.2013<\/h2>\n<p><strong>Lehrerkurs-Pr\u00fcfungen f\u00fcr Violine, Stufe 1-5<\/strong><\/p>\n<p>Deutsche Suzuki Gesellschaft e.V.<br \/>\nAkademie Remscheid<\/p>\n<h1><span style=\"color: #008000;\">**************************<br \/>\n**************************<\/span><br \/>\n**************************<\/h1>\n<h2>31.05. &#8211; 02.06.13<\/h2>\n<p><strong>Suzuki Workshop: Musikwochenende auf Hof Brache<br \/>\n<\/strong>Wielen<br \/>\nJunge Camerata<br \/>\nLeitung:<strong> <\/strong><a href=\"http:\/\/www.junge-camerata-academica.de\/\"><em>Isabel Morey Suau<\/em><\/a><\/p>\n<h1><span style=\"color: #008000;\">**************************<br \/>\n**************************<\/span><br \/>\n**************************<\/h1>\n<h2>02.06.2013<\/h2>\n<p><strong>Abschlu\u00dfkonzert \u201eGr\u00fcne Note\u201c<br \/>\n<\/strong>Nikolaikirche Pl\u00f6n<br \/>\nJunge Camerata<br \/>\nLeitung:<strong> <\/strong><a href=\"http:\/\/www.junge-camerata-academica.de\/\"><em>Isabel Morey Suau<\/em><\/a><\/p>\n<h1><span style=\"color: #008000;\">**************************<br \/>\n**************************<\/span><br \/>\n**************************<\/h1>\n<h2>02.06.2013<\/h2>\n<p>Ursulinenkloster Erfurt<strong><br \/>\nKonzert der Erfurter Suzuki-Geigensch\u00fcler<\/strong><br \/>\nMusikschule f\u00fcr Streicher Erfurt<br \/>\nLeitung: <em><a href=\"http:\/\/www.streicherschule-erfurt.de\/p\/uber-uns.html\">Dorothee Schmidt<\/a><\/em><\/p>\n<h1><span style=\"color: #008000;\">**************************<br \/>\n**************************<\/span><br \/>\n**************************<\/h1>\n<h2>19.-21.06.2013<\/h2>\n<p>Musikfreizeit in Cochem an der Mosel<br \/>\n<strong>Suzuki-Workshop f\u00fcr Violine<\/strong><\/p>\n<p><strong>Dozenten:<\/strong><br \/>\nDitte Barth,Victoria Burjakovskaya, Dorothea Gruppe, Heidi K\u00f6nig, Olga Nodel, Max Paetzold, Janine Zillmann<br \/>\nLeitung:\u00a0\u00a0 <a href=\"http:\/\/www.germansuzuki.com\/?p=3141\">Liana Mogilevskaja <\/a><\/p>\n<h1><span style=\"color: #008000;\">**************************<br \/>\n**************************<\/span><br \/>\n**************************<\/h1>\n<h2>19.-21.06.2013<\/h2>\n<p><a href=\"http:\/\/www.germansuzuki.com\/?p=3975\"><strong>4. BAMBERGER SUZUKI-TAGE<\/strong><\/a><br \/>\nSuzuki-Workshop f\u00fcr Violine\/ Viola\/Violoncello<br \/>\nBamberg<\/p>\n<h1><span style=\"color: #008000;\">**************************<br \/>\n**************************<\/span><br \/>\n**************************<\/h1>\n<h2>28.-30.06.2013<\/h2>\n<p><strong><a href=\"http:\/\/www.germansuzuki.com\/?p=4359\">SUZUKI-TAGE IM PARK 2013<\/a><\/strong><\/p>\n<h4><strong>JUBIL\u00c4UMSWORKSHOP<br \/>\n25 Jahre <\/strong><strong>Suzuki-Kreis Mittelfranken e.V.<\/strong><\/h4>\n<h4><strong> <\/strong><\/h4>\n<h4><strong>Suzuki- &amp; Orchester-Workshop in F\u00fcrth<br \/>\n<\/strong><\/h4>\n<h4><strong>Leitung: Frank Richter<\/strong><\/h4>\n<h1><span style=\"color: #008000;\">**************************<br \/>\n**************************<\/span><br \/>\n**************************<\/h1>\n<h2>07.07.2013<\/h2>\n<h4><strong>JUBIL\u00c4UMSKONZERT<br \/>\n25 Jahre <\/strong><strong>Suzuki<\/strong> \u2013 Violinschule \u2013 M\u00fcnster<\/h4>\n<p>Das Konzert findet beginnt um 11.30 in der Aula der Waldorfschule in M\u00fcnster \u2013 Gievenbeck.<br \/>\nDas Programm umfa\u00dft St\u00fccke der Suzuki Violin- und Cello- Schule sowie Kammermusik<br \/>\n(Kanon Pachelbel; Telemann Konzert f. 4 Violinen; Vivaldi G-Dur Konzert, etc.) und Orchestermusik.<br \/>\nLeitung:<br \/>\nHans-Martin Schwindt (Violine, Orchester)<br \/>\nAlmut Hundertmark (Cello)<\/p>\n<h1><span style=\"color: #008000;\">**************************<br \/>\n**************************<\/span><br \/>\n**************************<\/h1>\n<h2>14.07.2013<\/h2>\n<p><strong>Kammer-Benefizkonzert<\/strong><\/p>\n<p>Fortgeschrittene Suzuki-Sch\u00fcler der Musikschule<br \/>\nHattingen spielen zugunsten von Greenpeace<strong><br \/>\n<\/strong>Altes Rathaus Hattingen<br \/>\nLeitung: <em><a href=\"http:\/\/www.germansuzuki.com\/wp-content\/uploads\/2012\/02\/Koszalka.pdf\">Maria Koszalka<\/a><\/em><\/p>\n<h1><span style=\"color: #008000;\">**************************<br \/>\n**************************<\/span><br \/>\n**************************<\/h1>\n<h2>01. &#8211; 04.08.2013<\/h2>\n<p><strong>8. Internationales Suzuki Festival M\u00fcrzzuschlag, \u00d6sterreich<\/strong><\/p>\n<p>4 Tage intensives Programm mit<\/p>\n<ul>\n<li> Suzuki-Gruppenunterricht<\/li>\n<li>Orchesterspiel<\/li>\n<li>Konzerten<\/li>\n<li>Einzelunterricht<\/li>\n<li>gemeinsamem Freizeitprogramm<\/li>\n<\/ul>\n<p><strong><a href=\"http:\/\/www.germansuzuki.com\/wp-content\/uploads\/2013\/04\/Suzukitagefestival_2013.pdf\">Infos &amp; Anmeldung<\/a><\/strong><\/p>\n<p>Veranstalter: AUSTRIAN SUZUKI INSTITUTE of MUSIC (ASIOM)<\/p>\n<h1><span style=\"color: #008000;\">**************************<br \/>\n**************************<\/span><br \/>\n**************************<\/h1>\n<h2>04. \u2013 10.8.2013<\/h2>\n<p><strong>Einf\u00fchrungskurs in den Suzuki-Unterricht f\u00fcr Cello-Lehrer<\/strong><br \/>\nAusbildungsphase A<\/p>\n<p>Mainz<br \/>\nDeutsche Suzuki Gesellschaft e.V.<\/p>\n<h1><span style=\"color: #008000;\">**************************<br \/>\n**************************<\/span><br \/>\n**************************<\/h1>\n<h2>3. &#8211; 10.08.2013<\/h2>\n<p><strong>4. Internationale Sommerschule in der Schweiz<\/strong><\/p>\n<p>in <strong>CH-3800 Interlaken<\/strong> (Berner Oberland)<\/p>\n<ul>\n<li><em>T\u00e4glicher Einzelunterricht in Masterclasses<\/em><\/li>\n<li><em>Gruppenstunden<\/em><\/li>\n<li><em>Vomblattspielen und fiddeln<\/em><\/li>\n<li><em>Elternpodium<\/em><\/li>\n<li><em>Verschiedene Konzerte<\/em><\/li>\n<li><em>Grosses Schlusskonzert<\/em><\/li>\n<\/ul>\n<p>Leitung:<em> <a href=\"http:\/\/www.germansuzuki.com\/?page_id=1970\">Agathe Jerie<\/a><br \/>\n<\/em><\/p>\n<h1><span style=\"color: #008000;\">**************************<br \/>\n**************************<\/span><br \/>\n**************************<\/h1>\n<h2>13.-15.09. 2013<\/h2>\n<p><strong>Musikalische Fr\u00fchf\u00f6rderung \/ CML<br \/>\nLehrerausbildungskurs<\/strong><br \/>\nAusbildungsphase D &amp; Pr\u00fcfung<br \/>\nLeitung: <em><a href=\"http:\/\/www.germansuzuki.com\/?p=3730\">Marco Messina<\/a><\/em><br \/>\nHeidelberg<\/p>\n<h3><span style=\"text-decoration: underline;\"> <\/span><\/h3>\n<h1><span style=\"color: #008000;\">**************************<br \/>\n**************************<\/span><br \/>\n**************************<\/h1>\n<p><span style=\"color: #008000;\"> <\/span><\/p>\n<h2>07. \u2013 15.10.2013<\/h2>\n<p><strong>&#8222;Junge Camerata&#8220; &#8211; Konzertreise nach Mallorca 2013<\/strong><br \/>\nZu dieser Reise sind alle Teilnehmer der Violinlehrerkurse herzlich eingeladen. Die aktive Teilnahme gilt als Unterrichtspraktikum. Vormittags k\u00f6nnen Sie bei den dreist\u00fcndigen Proben der 4 \u2013 14 j\u00e4hrigen  Sch\u00fcler hospitieren und assistieren. Die Nachmittage stehen Ihnen zur  freien Verf\u00fcgung. Abends finden Konzerte statt, bei denen Sie mithelfen  sollten: z.B. Geigen stimmen, Kinder f\u00fcr ihren Auftritt auf die B\u00fchne  bringen etc. Diese Konzertreise ist eine ideale Mischung aus Praktikum  und Urlaub.<br \/>\nLeitung:<strong> <\/strong><a href=\"http:\/\/www.junge-camerata-academica.de\/\"><em>Isabel Morey Suau<\/em><\/a><\/p>\n<h1><span style=\"color: #008000;\">**************************<br \/>\n**************************<\/span><br \/>\n**************************<\/h1>\n<p><span style=\"color: #008000;\"> <\/span><\/p>\n<p><em> <\/em><\/p>\n<h3><span style=\"text-decoration: underline;\"> <\/span><\/h3>\n<blockquote><p><span style=\"color: #0000ff;\"> <\/span><\/p>\n<h2><span style=\"color: #000000;\">01. \u2013 04.11.2013\u00a0 Veranstaltungs\u00fcbersicht<\/span><\/h2>\n<p><strong><span style=\"color: #0000ff;\">Akademie Remscheid<\/span><br \/>\n<span style=\"color: #0000ff;\">Kurs A: <\/span><span style=\"color: #000000;\">01. &#8211; 02.11.2013\u00a0\u00a0 Intensivkurs f\u00fcr Suzuki-Violinlehrer:<\/span><\/strong><span style=\"color: #000000;\"> Heft 6 \u2013 Revised Edition<\/span><strong><br \/>\n<\/strong><strong><span style=\"color: #0000ff;\">Kurs B: <\/span> <\/strong><strong><span style=\"color: #000000;\">02. &#8211; 03.11.2013\u00a0\u00a0 Europ\u00e4ische Suzukilehrer Konferenz<\/span><br \/>\n<\/strong><span style=\"color: #0000ff;\"><strong>Kurs C: <\/strong><\/span><span style=\"color: #000000;\"><strong>02. &#8211; 03.11.2013 <\/strong><strong>Kompaktseminar f\u00fcr Geiger und Cellisten: <\/strong><strong><br \/>\n<\/strong>Einf\u00fchrungskurs in die Suzuki-Unterrichtsmethode &amp; Kurs mit\u00a0 Simon Fischer <\/span><strong><br \/>\n<\/strong><strong><span style=\"color: #0000ff;\">Kurs D: <\/span> <\/strong><strong><span style=\"color: #000000;\">03. &#8211; 04.11.2013\u00a0\u00a0 Intensivkurs f\u00fcr Suzuki-Violinlehrer: <\/span><\/strong><span style=\"color: #000000;\">Pre-Twinkle und Anfang Heft 1 \u2013 Revised Edition<\/span><strong><br \/>\n<\/strong><strong><span style=\"color: #0000ff;\">Kurs E:<\/span> <\/strong><span style=\"color: #000000;\"><strong>02. &#8211; 04.11.2013 <\/strong><strong>Cello-Lehrerkurs<\/strong><\/span><br \/>\n<strong><span style=\"color: #0000ff;\">Kurs F:<\/span> <\/strong><span style=\"color: #000000;\"><strong>01. &#8211; 03.11.2013 <\/strong><strong>Lehrerkurs-Pr\u00fcfungen f\u00fcr Violine, Stufe 1 &#8211; 5<\/strong><\/span><\/p>\n<h1><span style=\"color: #008000;\">**************************<\/span><\/h1>\n<\/blockquote>\n<blockquote>\n<h2><strong><span style=\"color: #000000;\">Kurs A:<\/span> <\/strong>01. \u2013 02.11.2013<\/h2>\n<p><strong> Intensivkurs f\u00fcr Suzuki-Violinlehrer: Heft 6 \u2013 Revised Edition<\/strong><\/p>\n<h1><span style=\"color: #008000;\">**************************<\/span><\/h1>\n<p><strong> <\/strong><\/p>\n<h2><span style=\"color: #000000;\"><strong>Kurs B:<\/strong><\/span> 02. \u2013 03.11.2013<\/h2>\n<h2 style=\"text-align: left;\"><strong>F\u00fcnfte Suzuki-Lehrerkonferenz<\/strong><\/h2>\n<h2 style=\"text-align: left;\">f\u00fcr europ\u00e4ische Violin-, Viola- und Cellolehrer<\/h2>\n<p style=\"padding-left: 30px;\"><strong>in Zusammenarbeit mit der ESTA<\/strong><\/p>\n<h1><strong>LET US WORK TOGETHER!<\/strong><\/h1>\n<p>Hauptreferent: <strong>Simon Fischer<\/strong><br \/>\nDer weltweit bekannter Geiger, P\u00e4dagoge und Buchautor aus London referiert \u00fcber das Thema:<\/p>\n<p style=\"text-align: left;\"><strong>The Secrets of Tone Production on all Bowed String Instruments<\/strong><br \/>\n<strong><em>Geheimnisse der Klangerzeugung auf allen Streichinstrumenten<br \/>\n<a href=\"http:\/\/www.germansuzuki.com\/wp-content\/uploads\/2013\/04\/fischerstudent11.jpg\"><img decoding=\"async\" loading=\"lazy\" class=\"alignnone size-full wp-image-4375\" title=\"fischerstudent1\" src=\"http:\/\/www.germansuzuki.com\/wp-content\/uploads\/2013\/04\/fischerstudent11.jpg\" alt=\"\" width=\"246\" height=\"253\" \/><\/a><\/em><\/strong><\/p>\n<p style=\"text-align: left;\"><strong><em><span style=\"color: #008000;\"><br \/>\n<\/span><\/em><\/strong><strong><em>Simon Fischer erkl\u00e4rt Ihnen <a href=\"http:\/\/www.youtube.com\/watch?v=qQ_DIjcUo64\">in diesem Video<\/a>, worum es in seinem Vortrag geht.<\/em><\/strong><strong><em><span style=\"color: #008000;\"> <\/span><br \/>\n<\/em><\/strong><\/p>\n<p><strong><em> <\/em><\/strong><\/p>\n<p><strong><em> <\/em><\/strong><strong><em> <\/em><\/strong><strong><em> <\/em><\/strong><\/p>\n<p style=\"text-align: left;\">\n<p style=\"text-align: left;\">Simon Fischer wird den <span style=\"color: #0000ff;\"><strong>Vortrag auf Englisch<\/strong><\/span> halten,<br \/>\nder <strong><span style=\"color: #0000ff;\">abschnittsweise von einem \u00dcbersetzer ins Deutsche <\/span><\/strong>\u00fcbertragen wird.<br \/>\nDie praktische Anwendung wird in mehreren Lehrproben mit   Kindern, Studenten und Lehrern lebendig demonstriert.<\/p>\n<p style=\"text-align: left;\">Simon Fischer unterrichtet auf unserem Workshop <strong>Geiger, Bratscher und   auch Cellisten<\/strong>.<br \/>\nTeilnehmer, die von Simon Fischer unterrichtet werden m\u00f6chten, k\u00f6nnen   sich bei der Konferenzleitung melden.<\/p>\n<p style=\"text-align: left;\">Leitung: <a href=\"http:\/\/www.germansuzuki.com\/?page_id=203\"><em>Kerstin Wartberg<\/em><\/a><\/p>\n<\/blockquote>\n<blockquote>\n<h1><span style=\"color: #008000;\">**************************<\/span><\/h1>\n<h2><span style=\"color: #000000;\">Kurs C:<\/span> 02. \u2013 03. November 2013<\/h2>\n<p><strong>Kompaktseminar <\/strong><strong>f\u00fcr Geiger und Cellisten<br \/>\nmit dem weltweit bekannten Geiger, P\u00e4dagoge und Buchautor aus London Simon Fischer <\/strong><br \/>\n<strong>&amp; <\/strong><strong>Einf\u00fchrungskurs in die Suzuki-Unterrichtsmethode<\/strong><\/p>\n<h1><span style=\"color: #008000;\">**************************<\/span><\/h1>\n<h2><span style=\"color: #000000;\">Kurs D: <\/span>03. \u2013 04.11.2013<\/h2>\n<p><strong> Intensivkurs f\u00fcr Suzuki-Violinlehrer: Pre-Twinkle und Anfang Heft 1 \u2013 Revised Edition<\/strong><\/p>\n<p><strong> <\/strong><\/p>\n<p><strong> <\/strong><\/p>\n<p><strong> <\/strong><\/p>\n<p><strong> <\/strong><\/p>\n<h1><span style=\"color: #008000;\">**************************<\/span><\/h1>\n<h2><span style=\"color: #000000;\">Kurs E:<\/span> 02.-04.11.2013<\/h2>\n<p><strong>Cello-Lehrerkurs in der Akademie Remscheid<\/strong><\/p>\n<p>Ausbildungsphase B<br \/>\nDeutsche Suzuki Gesellschaft e.V.<br \/>\nLeitung: <em><a href=\"http:\/\/www.germansuzuki.com\/?p=4027\">Anders Gr\u00f8n<\/a><\/em><\/p>\n<h1><span style=\"color: #008000;\">**************************<\/span><\/h1>\n<h2><span style=\"color: #000000;\">Kurs F:<\/span> 01. \u2013 03. November 2013<\/h2>\n<p><strong>Lehrerkurs-Pr\u00fcfungen f\u00fcr Violine, Stufe 1-5<\/strong><br \/>\nDeutsche Suzuki Gesellschaft e.V.<\/p><\/blockquote>\n<h1><span style=\"color: #008000;\">**************************<br \/>\n**************************<\/span><br \/>\n**************************<\/h1>\n<p><span style=\"color: #008000;\"> <\/span><\/p>\n<h2>08.12.2013<\/h2>\n<p><strong>Weihnachtskonzert<br \/>\n<\/strong>Paulus Kirche, Kiel<br \/>\nJunge Camerata<\/p>\n<p>Leitung:<strong> <\/strong><a href=\"http:\/\/www.junge-camerata-academica.de\/\"><em>Isabel Morey Suau<\/em><\/a><\/p>\n<h1><span style=\"color: #008000;\">**************************<br \/>\n**************************<\/span><br \/>\n**************************<\/h1>\n<h2><span style=\"color: #0000ff;\">03.-05.01.2014<\/span><\/h2>\n<p><strong>Cello-Lehrerkurs<br \/>\nAusbildungsphase C<\/strong><\/p>\n<p>Mainz<br \/>\nDeutsche Suzuki Gesellschaft e.V.<br \/>\nLeitung: <em><a href=\"http:\/\/www.germansuzuki.com\/?p=4027\">Anders Gr\u00f8n<\/a><\/em><\/p>\n<h1><span style=\"color: #008000;\">**************************<br \/>\n**************************<\/span><br \/>\n**************************<\/h1>\n<h2><span style=\"color: #0000ff;\">28.-30.03.2014<\/span><\/h2>\n<p><strong>Cello-Lehrerkurs<br \/>\nAusbildungsphase D und Lehrerkurs-Pr\u00fcfungen f\u00fcr Violoncello, Stufe 1<\/strong><\/p>\n<p>Deutsche Suzuki Gesellschaft e.V.<br \/>\nLeitung: <em><a href=\"http:\/\/www.germansuzuki.com\/?p=4027\">Anders Gr\u00f8n<\/a><\/em><\/p>\n<p>Der Kursort wird noch bekannt gegeben.<\/p>\n<h1><span style=\"color: #008000;\">**************************<br \/>\n**************************<\/span><br \/>\n**************************<\/h1>\n<h2><span style=\"color: #0000ff;\">01. \u2013 02.11.2014<\/span><\/h2>\n<h2><strong>Sechste Suzuki-Lehrerkonferenz<\/strong><strong><br \/>\n<\/strong><\/h2>\n<p><strong>f\u00fcr europ\u00e4ische Violin-, Viola-, Cello-, Klavier- und Blockfl\u00f6tenlehrer<br \/>\n<\/strong>Akademie Remscheid<\/p>\n<p><strong>LET US WORK TOGETHER!<\/strong><\/p>\n<p style=\"text-align: left;\">\n<p style=\"text-align: left;\">\n<p style=\"text-align: left;\">\n<p style=\"text-align: left;\">\n<p style=\"text-align: left;\">\n<p style=\"text-align: left;\">\n<p style=\"text-align: left;\">\n<p style=\"text-align: left;\">\n<p style=\"text-align: left;\">\n<p style=\"text-align: left;\">\n<p style=\"text-align: left;\">\n<p style=\"text-align: left;\">\n<p style=\"text-align: left;\">\n<p style=\"text-align: left;\">\n<p style=\"text-align: left;\">\n<p style=\"text-align: left;\">\n<p style=\"text-align: left;\">\n<p style=\"text-align: left;\">\n<p style=\"text-align: left;\">\n<p style=\"text-align: left;\">\n<p style=\"text-align: left;\">\n<p style=\"text-align: left;\">\n<p style=\"text-align: left;\">\n<p style=\"text-align: left;\">\n<p style=\"text-align: left;\">\n<p style=\"text-align: left;\">\n<p style=\"text-align: left;\">\n<p style=\"text-align: left;\">\n<p style=\"text-align: left;\">\n<p style=\"text-align: left;\">\n<p style=\"text-align: left;\">\n<p style=\"text-align: left;\">\n<p style=\"text-align: left;\">\n<p style=\"text-align: left;\">\n","protected":false},"excerpt":{"rendered":"<p>Veranstaltungen von Suzukilehrern der DSG und europ\u00e4ischen Gastdozenten Diese Liste wird st\u00e4ndig aktualisiert. Falls Sie Ihre Veranstaltung eintragen m\u00f6chten, k\u00f6nnen Sie dies in dem unteren Kommentarfeld tun. 02.-05.01.2013 Musikalische Fr\u00fchf\u00f6rderung&#8230;<\/p>\n","protected":false},"author":2,"featured_media":0,"comment_status":"open","ping_status":"open","sticky":false,"template":"","format":"standard","meta":[],"categories":[18],"tags":[],"_links":{"self":[{"href":"https:\/\/www.germansuzuki.de\/index.php?rest_route=\/wp\/v2\/posts\/4083"}],"collection":[{"href":"https:\/\/www.germansuzuki.de\/index.php?rest_route=\/wp\/v2\/posts"}],"about":[{"href":"https:\/\/www.germansuzuki.de\/index.php?rest_route=\/wp\/v2\/types\/post"}],"author":[{"embeddable":true,"href":"https:\/\/www.germansuzuki.de\/index.php?rest_route=\/wp\/v2\/users\/2"}],"replies":[{"embeddable":true,"href":"https:\/\/www.germansuzuki.de\/index.php?rest_route=%2Fwp%2Fv2%2Fcomments&post=4083"}],"version-history":[{"count":76,"href":"https:\/\/www.germansuzuki.de\/index.php?rest_route=\/wp\/v2\/posts\/4083\/revisions"}],"predecessor-version":[{"id":4105,"href":"https:\/\/www.germansuzuki.de\/index.php?rest_route=\/wp\/v2\/posts\/4083\/revisions\/4105"}],"wp:attachment":[{"href":"https:\/\/www.germansuzuki.de\/index.php?rest_route=%2Fwp%2Fv2%2Fmedia&parent=4083"}],"wp:term":[{"taxonomy":"category","embeddable":true,"href":"https:\/\/www.germansuzuki.de\/index.php?rest_route=%2Fwp%2Fv2%2Fcategories&post=4083"},{"taxonomy":"post_tag","embeddable":true,"href":"https:\/\/www.germansuzuki.de\/index.php?rest_route=%2Fwp%2Fv2%2Ftags&post=4083"}],"curies":[{"name":"wp","href":"https:\/\/api.w.org\/{rel}","templated":true}]}}