{"id":4027,"date":"2013-02-02T15:53:19","date_gmt":"2013-02-02T13:53:19","guid":{"rendered":"http:\/\/www.germansuzuki.com\/?p=4027"},"modified":"2013-02-04T10:34:52","modified_gmt":"2013-02-04T08:34:52","slug":"suzuki-cellolehrerausbildung-ab-august-2013","status":"publish","type":"post","link":"https:\/\/www.germansuzuki.de\/?p=4027","title":{"rendered":"Neuer Ausbildungskurs zum Suzuki-Cellolehrer"},"content":{"rendered":"<blockquote>\n<h2 style=\"text-align: center;\"><span style=\"color: #0000ff;\"> Das Deutsche Suzuki Institut<br \/>\n<\/span><\/h2>\n<p style=\"text-align: center;\"><strong><span style=\"color: #000000;\">bietet ab August 2013 <\/span><\/strong><\/p>\n<h2 style=\"text-align: center;\">einen Suzuki-Cellolehrerkurs (Stufe 1) an.<\/h2>\n<p style=\"text-align: center;\"><span style=\"color: #000000;\"><strong><span style=\"color: #0000ff;\">Kursleitung:<\/span><\/strong> <\/span><span style=\"color: #000000;\"><strong>Anders Gr\u00f8n, Kopenhagen<\/strong><strong>, Cello Teacher Trainer der ESA<\/strong><\/span><\/p>\n<p style=\"text-align: center;\"><span style=\"color: #000000;\"><strong> <\/strong><\/span><\/p>\n<p><strong> <\/strong><\/p>\n<p><strong> <\/strong><\/p>\n<p><strong> <\/strong><\/p>\n<p><strong> <\/strong><\/p>\n<p><strong> <\/strong><\/p>\n<p><strong> <\/strong><\/p>\n<p><strong> <\/strong><\/p>\n<p><strong> <\/strong><\/p>\n<p><strong> <\/strong><\/p>\n<p><strong> <\/strong><\/p>\n<p><strong> <\/strong><\/p>\n<p><strong> <\/strong><\/p>\n<p><strong> <\/strong><\/p>\n<p><strong> <\/strong><\/p>\n<p><strong> <\/strong><\/p>\n<p><strong> <\/strong><\/p>\n<p><strong> <\/strong><\/p>\n<p><strong> <\/strong><\/p>\n<p><strong> <\/strong><\/p>\n<p><strong> <\/strong><\/p>\n<p><strong> <\/strong><\/p>\n<p><strong> <\/strong><\/p>\n<p><strong><\/p>\n<div id=\"attachment_4028\" style=\"width: 133px\" class=\"wp-caption aligncenter\"><a href=\"http:\/\/www.germansuzuki.com\/wp-content\/uploads\/2013\/02\/Anders.jpg\"><img aria-describedby=\"caption-attachment-4028\" decoding=\"async\" loading=\"lazy\" class=\"size-full wp-image-4028  \" title=\"Anders Gr\u00f8n, Kopenhagen\" src=\"http:\/\/www.germansuzuki.com\/wp-content\/uploads\/2013\/02\/Anders.jpg\" alt=\"Anders Gr\u00f8n, Kopenhagen\" width=\"123\" height=\"184\" \/><\/a><p id=\"caption-attachment-4028\" class=\"wp-caption-text\">Anders Gr\u00f8n, Kopenhagen<\/p><\/div>\n<p><\/strong><strong> <\/strong><strong> <\/strong><strong> <\/strong><strong> <\/strong><strong> <\/strong><strong> <\/strong><strong> <\/strong><strong> <\/strong><strong> <\/strong><strong> <\/strong><strong> <\/strong><strong> <\/strong><strong> <\/strong><strong> <\/strong><strong> <\/strong><strong> <\/strong><strong> <\/strong><strong> <\/strong><strong> <\/strong><strong> <\/strong><strong> <\/strong><strong> <\/strong><strong> <\/strong><\/p>\n<h2 style=\"text-align: center;\">Anmeldeschluss f\u00fcr die erste Ausbildungsphase: <span style=\"color: #000080;\"><br \/>\n<span style=\"color: #800000;\">20.02.2013<\/span><\/span><\/h2>\n<h4>Informationen zu den berufsbegleitenden Suzuki-Lehrerkursen<\/h4>\n<p style=\"text-align: justify;\"><span style=\"color: #000080;\"><strong>F\u00fcr wen sind diese Kurse?<\/strong> <\/span><br \/>\n<span style=\"color: #000000;\">Die Kurse sind f\u00fcr Cellisten konzipiert, die sich zum Suzukilehrer ausbilden lassen wollen. Im Zentrum der ersten Stufe steht der Anfangsunterricht f\u00fcr Kinder ab dem Vorschulalter. Die Suzuki-Lehrerkurse verstehen sich als berufsbegleitende Ausbildung. Die Teilnehmer sollten \u00fcber eine abgeschlossene Musikhochschulausbildung sowie \u00fcber solide instrumentale F\u00e4higkeiten verf\u00fcgen. Der Kursbesuch ist bereits studienbegleitend m\u00f6glich. <\/span><span style=\"color: #000080;\"><strong> <\/strong><\/span><\/p>\n<p style=\"text-align: justify;\"><span style=\"color: #000080;\"><strong>Ziel der Ausbildung<br \/>\n<\/strong><\/span><span style=\"color: #000000;\">Einf\u00fchrung in Suzukis P\u00e4dagogik, seine Methodik und Didaktik (Muttersprachenmethode)<\/span><\/p>\n<p><strong><span style=\"color: #000080;\"><a href=\"http:\/\/www.germansuzuki.com\/wp-content\/uploads\/2013\/02\/Cello-M\u00e4dchen.jpg\"><img decoding=\"async\" loading=\"lazy\" class=\"alignright size-full wp-image-4053\" style=\"margin-left: 20px; margin-right: 0px; border: 1px solid black;\" title=\"Cello-M\u00e4dchen\" src=\"http:\/\/www.germansuzuki.com\/wp-content\/uploads\/2013\/02\/Cello-M\u00e4dchen.jpg\" alt=\"\" width=\"127\" height=\"185\" \/><\/a>Inhalte<br \/>\n<\/span><\/strong><span style=\"color: #000000;\">Systematische Erarbeitung des Unterrichtswerkes<br \/>\nUnterrichtshospitationen und Praktika<br \/>\nVorlesungen und Diskussionen \u00fcber methodische und didaktische Themen<br \/>\nStruktur von Einzel- und Gruppenunterricht<br \/>\nEinzelunterricht f\u00fcr alle Teilnehmer<\/span><\/p>\n<p style=\"text-align: justify;\"><strong><span style=\"color: #000080;\">Ausbildungsdauer<\/span><\/strong><br \/>\n<span style=\"color: #000000;\">Der Ausbildungskurs entspricht den Richtlinien der <em>European Suzuki Association<\/em> und bereitet die Teilnehmer auf die einmal im Jahr stattfindenden Pr\u00fcfungen vor, durch die sie die Lehrbef\u00e4higung als anerkannte Suzukilehrer erlangen k\u00f6nnen. Die Ausbildung gliedert sich in f\u00fcnf Stufen, von denen jede mit einer Pr\u00fcfung abgeschlossen wird.<\/span><\/p>\n<p><span style=\"color: #000000;\"> <\/span><\/p>\n<p style=\"text-align: justify;\"><span style=\"color: #000000;\">Je nach Vorbildung des Teilnehmers ist es auch m\u00f6glich,<br \/>\nnach der 1. Stufe mehrere Stufen auf einmal abzulegen.<br \/>\n1. Stufe: Lehrbef\u00e4higung f\u00fcr den Anf\u00e4ngerunterricht und die Unterstufe<br \/>\n2. Stufe: f\u00fcr die obere Unterstufe<br \/>\n3. Stufe: f\u00fcr die Mittelstufe<br \/>\n4. Stufe: f\u00fcr die obere Mittelstufe<br \/>\n5. Stufe: f\u00fcr die Oberstufe<\/span><\/p>\n<p style=\"text-align: justify;\"><strong><span style=\"color: #000080;\">Kursleitung: Anders Gr\u00f8n, Kopenhagen<\/span><\/strong><br \/>\n<span style=\"color: #000000;\">Er z\u00e4hlt zu den erfahrensten Suzuki Teacher Trainern f\u00fcr Cello in Europa und ist au\u00dferdem Vorsitzender der ESTA, D\u00e4nemark. Er war Mitglied des <em>D\u00e4nischen Rundfunk-Sinfonieorchesters Kopenhagen<\/em> und des <\/span><em><span style=\"color: #000000;\">K\u00f6niglich D\u00e4nischen Orchesters.<\/span><br \/>\n<\/em><span style=\"color: #000000;\">Da er auch gut deutsch spricht, wird die Unterrichtssprache deutsch sein.<br \/>\n<\/span><\/p>\n<p style=\"text-align: justify;\"><span style=\"color: #000000;\"><br \/>\n<\/span><\/p>\n<p style=\"text-align: justify;\">\n<h2 style=\"text-align: left;\"><strong> <\/strong><a href=\"http:\/\/www.germansuzuki.com\/wp-content\/uploads\/2013\/02\/Ausschreibung_Cello_2013-142.pdf\">Anmeldeformulare &amp; Informationen<\/a><\/h2>\n<p style=\"text-align: left;\"><span style=\"color: #000000;\"><strong>Kontakt :<\/strong> <strong>DSG.pieck@googlemail.com<\/strong><\/span><\/p>\n<p style=\"text-align: center;\"><span style=\"color: #000000;\"><br \/>\n<\/span><\/p>\n<\/blockquote>\n","protected":false},"excerpt":{"rendered":"<p>Das Deutsche Suzuki Institut bietet ab August 2013 einen Suzuki-Cellolehrerkurs (Stufe 1) an. Kursleitung: Anders Gr\u00f8n, Kopenhagen, Cello Teacher Trainer der ESA Anmeldeschluss f\u00fcr die erste Ausbildungsphase: 20.02.2013 Informationen zu&#8230;<\/p>\n","protected":false},"author":2,"featured_media":0,"comment_status":"open","ping_status":"open","sticky":false,"template":"","format":"standard","meta":[],"categories":[9],"tags":[],"_links":{"self":[{"href":"https:\/\/www.germansuzuki.de\/index.php?rest_route=\/wp\/v2\/posts\/4027"}],"collection":[{"href":"https:\/\/www.germansuzuki.de\/index.php?rest_route=\/wp\/v2\/posts"}],"about":[{"href":"https:\/\/www.germansuzuki.de\/index.php?rest_route=\/wp\/v2\/types\/post"}],"author":[{"embeddable":true,"href":"https:\/\/www.germansuzuki.de\/index.php?rest_route=\/wp\/v2\/users\/2"}],"replies":[{"embeddable":true,"href":"https:\/\/www.germansuzuki.de\/index.php?rest_route=%2Fwp%2Fv2%2Fcomments&post=4027"}],"version-history":[{"count":25,"href":"https:\/\/www.germansuzuki.de\/index.php?rest_route=\/wp\/v2\/posts\/4027\/revisions"}],"predecessor-version":[{"id":4035,"href":"https:\/\/www.germansuzuki.de\/index.php?rest_route=\/wp\/v2\/posts\/4027\/revisions\/4035"}],"wp:attachment":[{"href":"https:\/\/www.germansuzuki.de\/index.php?rest_route=%2Fwp%2Fv2%2Fmedia&parent=4027"}],"wp:term":[{"taxonomy":"category","embeddable":true,"href":"https:\/\/www.germansuzuki.de\/index.php?rest_route=%2Fwp%2Fv2%2Fcategories&post=4027"},{"taxonomy":"post_tag","embeddable":true,"href":"https:\/\/www.germansuzuki.de\/index.php?rest_route=%2Fwp%2Fv2%2Ftags&post=4027"}],"curies":[{"name":"wp","href":"https:\/\/api.w.org\/{rel}","templated":true}]}}