{"id":3947,"date":"2013-02-15T11:29:30","date_gmt":"2013-02-15T09:29:30","guid":{"rendered":"http:\/\/www.germansuzuki.com\/?p=3947"},"modified":"2013-02-17T09:11:07","modified_gmt":"2013-02-17T07:11:07","slug":"4-internationale-sommerschule-in-der-schweiz","status":"publish","type":"post","link":"https:\/\/www.germansuzuki.de\/?p=3947","title":{"rendered":"4. Internationale Sommerschule in der Schweiz"},"content":{"rendered":"<p>Samstag 3. August 2013 \u2013 Samstag 10. August 2013<br \/>\nin <strong>CH-3800 Interlaken<\/strong> (Berner Oberland)<\/p>\n<p><a href=\"http:\/\/www.germansuzuki.com\/wp-content\/uploads\/2013\/01\/Interlaken_Summerschool.jpg\"><img decoding=\"async\" loading=\"lazy\" class=\"size-full wp-image-3948 alignnone\" title=\"Interlaken_Summerschool\" src=\"http:\/\/www.germansuzuki.com\/wp-content\/uploads\/2013\/01\/Interlaken_Summerschool.jpg\" alt=\"\" width=\"595\" height=\"203\" srcset=\"https:\/\/www.germansuzuki.de\/wp-content\/uploads\/2013\/01\/Interlaken_Summerschool.jpg 1470w, https:\/\/www.germansuzuki.de\/wp-content\/uploads\/2013\/01\/Interlaken_Summerschool-300x102.jpg 300w, https:\/\/www.germansuzuki.de\/wp-content\/uploads\/2013\/01\/Interlaken_Summerschool-1023x349.jpg 1023w\" sizes=\"(max-width: 595px) 100vw, 595px\" \/><\/a><\/p>\n<p><strong><span style=\"text-decoration: underline;\">NEU:<\/span> auch f\u00fcr Celli<\/strong><\/p>\n<p><strong><span style=\"text-decoration: underline;\">NEU:<\/span><\/strong><strong> Konzert mit Daria Zappa und Massimiliano Matesic<\/strong><\/p>\n<p>In einer ruhigen, entspannten Atmosph\u00e4re hat ihr Kind Zeit, sich intensiv mit seinem Instrument im Einzelunterricht zu besch\u00e4ftigen. Im Gruppenunterricht lernt es andere Kinder kennen und kann so neue Freundschaften schliessen. Ein Erfahrungsaustausch bietet sich f\u00fcr die Eltern bei den t\u00e4glichen Vortr\u00e4gen an oder beim gem\u00fctlichen Zusammensein abends.<\/p>\n<p>Interlaken, das international bekannte Reiseziel zwischen zwei Seen, mit unz\u00e4hligen Ausflugsm\u00f6glichkeiten in die Berge hat Ihnen sehr viel zu bieten. Geniessen Sie mit Ihrer Familie die Verbindung von Musizieren, \u00dcben und Ferien in der grossartigen Natur.<\/p>\n<p><strong>Wir bieten Ihnen:<\/strong><\/p>\n<address>&#8211; T\u00e4glichen Einzelunterricht in Masterclasses<br \/>\n&#8211; Gruppenstunden<\/address>\n<address> <\/address>\n<address>&#8211; Vomblattspielen und fiddeln<br \/>\n<\/address>\n<address> <\/address>\n<address>&#8211; Elternpodium<\/address>\n<address> <\/address>\n<address>&#8211; Verschiedene Konzerte<\/address>\n<address> <\/address>\n<address>&#8211; Grosses Schlusskonzert<\/address>\n<p><strong> <\/strong><\/p>\n<p><strong>Es unterrichten:<\/strong><\/p>\n<address>Helen Brunner, Violine, ESA-Teacher-Trainer, England<\/address>\n<address> <\/address>\n<address>Agathe Jerie, Violine, ESA-Teacher-Trainer, Schweiz<\/address>\n<address>Ewa Tosik-Warszawiak, ESA-Teacher-Trainer, Island<\/address>\n<address> <\/address>\n<address> <\/address>\n<address>Daria Zappa, Violine,\u00a0 Musikakademie Z\u00fcrich, ZhdK, Meisterkurs<\/address>\n<address> <\/address>\n<address>Sigismond Cachot, Sigismond Cachot, A-Teacher, Frankreich<\/address>\n<address> <\/address>\n<address>Andrea Agotha, Violine, A-Teacher, Deutschland<\/address>\n<address> <\/address>\n<address>Annapaolo Zisman, Cello<\/address>\n<address><strong> <\/strong><\/p>\n<h2>Gesamtleitung:\u00a0 Agathe Jerie<\/h2>\n<\/address>\n<p><strong>Unterrichtssprachen:<\/strong><br \/>\nDeutsch, Englisch, Franz\u00f6sisch, Tschechisch und Ungarisch.<\/p>\n<h2><a href=\"http:\/\/www.germansuzuki.com\/wp-content\/uploads\/2013\/01\/Summerschool_jerie_2013.pdf\">Infos &amp; Anmeldungsformular<\/a><\/h2>\n<h2><a href=\"http:\/\/www.germansuzuki.com\/wp-content\/uploads\/2013\/01\/Summerschool-english-version_N-edits.pdf\">Information &amp; Application Form<\/a><\/h2>\n<blockquote><p><span style=\"color: #000000;\">Gerne machen wir Sie darauf aufmerksam, dass bei einer Teilnahme an der  Internationalen Summerschool f\u00fcr die deutschen Teilnehmer bei ein Gruppe  ab f\u00fcnf Sch\u00fclern aus der gleichen Schule eine <strong>Preis-Erm\u00e4ssigung<\/strong> m\u00f6glich  ist.<br \/>\n<\/span><\/p>\n<p><span style=\"color: #000000;\">F\u00fcnf Sch\u00fcler bezahlen pro Kind nur <strong>280,00 \u20ac anstelle von 300,00 \u20ac.<\/strong><br \/>\nBei zehn Sch\u00fclern betr\u00e4gt das Kursgeld pro Teilnehmer <strong>250,00 \u20ac anstelle von 300,00 \u20ac.<\/strong><br \/>\n<\/span><\/p>\n<p><span style=\"color: #000000;\">Ebenso m\u00f6chten wir darauf hinweisen, dass Frau Jerie Ihnen Adressen f\u00fcr<strong> g\u00fcnstige Unterk\u00fcnfte <\/strong>geben kann.<\/span><\/p><\/blockquote>\n","protected":false},"excerpt":{"rendered":"<p>Samstag 3. August 2013 \u2013 Samstag 10. August 2013 in CH-3800 Interlaken (Berner Oberland) NEU: auch f\u00fcr Celli NEU: Konzert mit Daria Zappa und Massimiliano Matesic In einer ruhigen, entspannten&#8230;<\/p>\n","protected":false},"author":2,"featured_media":0,"comment_status":"open","ping_status":"open","sticky":false,"template":"","format":"standard","meta":[],"categories":[9],"tags":[],"_links":{"self":[{"href":"https:\/\/www.germansuzuki.de\/index.php?rest_route=\/wp\/v2\/posts\/3947"}],"collection":[{"href":"https:\/\/www.germansuzuki.de\/index.php?rest_route=\/wp\/v2\/posts"}],"about":[{"href":"https:\/\/www.germansuzuki.de\/index.php?rest_route=\/wp\/v2\/types\/post"}],"author":[{"embeddable":true,"href":"https:\/\/www.germansuzuki.de\/index.php?rest_route=\/wp\/v2\/users\/2"}],"replies":[{"embeddable":true,"href":"https:\/\/www.germansuzuki.de\/index.php?rest_route=%2Fwp%2Fv2%2Fcomments&post=3947"}],"version-history":[{"count":21,"href":"https:\/\/www.germansuzuki.de\/index.php?rest_route=\/wp\/v2\/posts\/3947\/revisions"}],"predecessor-version":[{"id":4063,"href":"https:\/\/www.germansuzuki.de\/index.php?rest_route=\/wp\/v2\/posts\/3947\/revisions\/4063"}],"wp:attachment":[{"href":"https:\/\/www.germansuzuki.de\/index.php?rest_route=%2Fwp%2Fv2%2Fmedia&parent=3947"}],"wp:term":[{"taxonomy":"category","embeddable":true,"href":"https:\/\/www.germansuzuki.de\/index.php?rest_route=%2Fwp%2Fv2%2Fcategories&post=3947"},{"taxonomy":"post_tag","embeddable":true,"href":"https:\/\/www.germansuzuki.de\/index.php?rest_route=%2Fwp%2Fv2%2Ftags&post=3947"}],"curies":[{"name":"wp","href":"https:\/\/api.w.org\/{rel}","templated":true}]}}