{"id":3932,"date":"2013-01-14T20:21:42","date_gmt":"2013-01-14T18:21:42","guid":{"rendered":"http:\/\/www.germansuzuki.com\/?p=3932"},"modified":"2013-01-15T10:47:31","modified_gmt":"2013-01-15T08:47:31","slug":"achtung-kontrabassisten","status":"publish","type":"post","link":"https:\/\/www.germansuzuki.de\/?p=3932","title":{"rendered":"Achtung! Kontrabassisten!"},"content":{"rendered":"<h2>Das D\u00e4nische Suzuki Institut bietet einen<\/h2>\n<h2>Lehrerausbildungskurs in Kopenhagen an<\/h2>\n<p><strong>mit  dem Hauptfach Kontrabass<\/strong><\/p>\n<p><strong><a href=\"http:\/\/www.germansuzuki.com\/wp-content\/uploads\/2013\/01\/Suzuki-0051.jpeg\"><img decoding=\"async\" loading=\"lazy\" class=\"alignnone size-full wp-image-3934\" style=\"border: 1px solid black;\" title=\"Suzuki 005\" src=\"http:\/\/www.germansuzuki.com\/wp-content\/uploads\/2013\/01\/Suzuki-0051.jpeg\" alt=\"\" width=\"407\" height=\"301\" srcset=\"https:\/\/www.germansuzuki.de\/wp-content\/uploads\/2013\/01\/Suzuki-0051.jpeg 509w, https:\/\/www.germansuzuki.de\/wp-content\/uploads\/2013\/01\/Suzuki-0051-300x221.jpg 300w\" sizes=\"(max-width: 407px) 100vw, 407px\" \/><\/a><\/strong><\/p>\n<p><strong> <\/strong><\/p>\n<p><strong> K\u00fcnstlerisch-p\u00e4dagogische Leitung: <\/strong>Virginia Dixon, Teacher Trainerin aus den USA<\/p>\n<p><strong><a href=\"http:\/\/www.germansuzuki.com\/wp-content\/uploads\/2013\/01\/Virginia-Dixon.jpg\"><img decoding=\"async\" loading=\"lazy\" class=\"alignleft size-full wp-image-3935\" style=\"border: 1px solid black;\" title=\"Virginia Dixon\" src=\"http:\/\/www.germansuzuki.com\/wp-content\/uploads\/2013\/01\/Virginia-Dixon.jpg\" alt=\"\" width=\"60\" height=\"110\" srcset=\"https:\/\/www.germansuzuki.de\/wp-content\/uploads\/2013\/01\/Virginia-Dixon.jpg 200w, https:\/\/www.germansuzuki.de\/wp-content\/uploads\/2013\/01\/Virginia-Dixon-163x300.jpg 163w\" sizes=\"(max-width: 60px) 100vw, 60px\" \/><\/a><\/strong><\/p>\n<p><strong>Termine<\/strong><br \/>\n22. &#8211; 26. M\u00e4rz 2013<br \/>\n19. &#8211; 23. Juli 2013<br \/>\n4. &#8211; 9. Oktober 2013<\/p>\n<p><strong>Examen:<\/strong> 9. Oktober 2013<\/p>\n<h2><span style=\"color: #000000;\">Da der Kurs bereits im M\u00e4rz 2013 beginnen soll,<br \/>\nwird um eine baldige Anmeldung gebeten.<\/span><\/h2>\n<h2><a href=\"http:\/\/www.germansuzuki.com\/wp-content\/uploads\/2013\/01\/2013DoubleBassCourseCopenhagen.pdf\">Informationen <\/a><\/h2>\n<h2><a href=\"http:\/\/www.germansuzuki.com\/wp-content\/uploads\/2013\/01\/2013DoubleBassRegForm.pdf\">Anmeldeformular<\/a> \/Application form<\/h2>\n","protected":false},"excerpt":{"rendered":"<p>Das D\u00e4nische Suzuki Institut bietet einen Lehrerausbildungskurs in Kopenhagen an mit dem Hauptfach Kontrabass K\u00fcnstlerisch-p\u00e4dagogische Leitung: Virginia Dixon, Teacher Trainerin aus den USA Termine 22. &#8211; 26. M\u00e4rz 2013 19&#8230;.<\/p>\n","protected":false},"author":2,"featured_media":0,"comment_status":"open","ping_status":"open","sticky":false,"template":"","format":"standard","meta":[],"categories":[9],"tags":[],"_links":{"self":[{"href":"https:\/\/www.germansuzuki.de\/index.php?rest_route=\/wp\/v2\/posts\/3932"}],"collection":[{"href":"https:\/\/www.germansuzuki.de\/index.php?rest_route=\/wp\/v2\/posts"}],"about":[{"href":"https:\/\/www.germansuzuki.de\/index.php?rest_route=\/wp\/v2\/types\/post"}],"author":[{"embeddable":true,"href":"https:\/\/www.germansuzuki.de\/index.php?rest_route=\/wp\/v2\/users\/2"}],"replies":[{"embeddable":true,"href":"https:\/\/www.germansuzuki.de\/index.php?rest_route=%2Fwp%2Fv2%2Fcomments&post=3932"}],"version-history":[{"count":9,"href":"https:\/\/www.germansuzuki.de\/index.php?rest_route=\/wp\/v2\/posts\/3932\/revisions"}],"predecessor-version":[{"id":3944,"href":"https:\/\/www.germansuzuki.de\/index.php?rest_route=\/wp\/v2\/posts\/3932\/revisions\/3944"}],"wp:attachment":[{"href":"https:\/\/www.germansuzuki.de\/index.php?rest_route=%2Fwp%2Fv2%2Fmedia&parent=3932"}],"wp:term":[{"taxonomy":"category","embeddable":true,"href":"https:\/\/www.germansuzuki.de\/index.php?rest_route=%2Fwp%2Fv2%2Fcategories&post=3932"},{"taxonomy":"post_tag","embeddable":true,"href":"https:\/\/www.germansuzuki.de\/index.php?rest_route=%2Fwp%2Fv2%2Ftags&post=3932"}],"curies":[{"name":"wp","href":"https:\/\/api.w.org\/{rel}","templated":true}]}}