{"id":3898,"date":"2013-01-11T20:44:08","date_gmt":"2013-01-11T18:44:08","guid":{"rendered":"http:\/\/www.germansuzuki.com\/?p=3898"},"modified":"2018-06-17T20:46:05","modified_gmt":"2018-06-17T18:46:05","slug":"die-dsg-unterstutzt-weiterhin-den-aufbau-der-suzuki-bewegung-in-nigeria","status":"publish","type":"post","link":"https:\/\/www.germansuzuki.de\/?p=3898","title":{"rendered":"Die DSG unterst\u00fctzt weiterhin den Aufbau der Suzuki-Bewegung in Nigeria"},"content":{"rendered":"[vc_row type=&#8220;in_container&#8220; full_screen_row_position=&#8220;middle&#8220; scene_position=&#8220;center&#8220; text_color=&#8220;dark&#8220; text_align=&#8220;left&#8220; overlay_strength=&#8220;0.3&#8243; shape_divider_position=&#8220;bottom&#8220;][vc_column column_padding=&#8220;no-extra-padding&#8220; column_padding_position=&#8220;all&#8220; background_color_opacity=&#8220;1&#8243; background_hover_color_opacity=&#8220;1&#8243; column_shadow=&#8220;none&#8220; column_border_radius=&#8220;none&#8220; width=&#8220;1\/1&#8243; tablet_text_alignment=&#8220;default&#8220; phone_text_alignment=&#8220;default&#8220; column_border_width=&#8220;none&#8220; column_border_style=&#8220;solid&#8220;][vc_column_text]\n<h2><span style=\"color: #000080;\"><strong>BERICHT \u00fcber meine zweite <\/strong>Geigenbau<strong>-Ausbildungsphase <\/strong><strong>in Deutschland<\/strong> (November\/Dezember 2012)<\/span><\/h2>\n[\/vc_column_text][\/vc_column][\/vc_row][vc_row type=&#8220;in_container&#8220; full_screen_row_position=&#8220;middle&#8220; scene_position=&#8220;center&#8220; text_color=&#8220;dark&#8220; text_align=&#8220;left&#8220; overlay_strength=&#8220;0.3&#8243; shape_divider_position=&#8220;bottom&#8220;][vc_column column_padding=&#8220;no-extra-padding&#8220; column_padding_position=&#8220;all&#8220; background_color_opacity=&#8220;1&#8243; background_hover_color_opacity=&#8220;1&#8243; column_shadow=&#8220;none&#8220; column_border_radius=&#8220;none&#8220; width=&#8220;2\/3&#8243; tablet_text_alignment=&#8220;default&#8220; phone_text_alignment=&#8220;default&#8220; column_border_width=&#8220;none&#8220; column_border_style=&#8220;solid&#8220;][vc_column_text]<img decoding=\"async\" loading=\"lazy\" class=\"size-full wp-image-8152\" src=\"https:\/\/www.germansuzuki.de\/wp-content\/uploads\/2013\/01\/Babatunde3_klein.jpg\" alt=\"\" width=\"575\" height=\"459\" srcset=\"https:\/\/www.germansuzuki.de\/wp-content\/uploads\/2013\/01\/Babatunde3_klein.jpg 575w, https:\/\/www.germansuzuki.de\/wp-content\/uploads\/2013\/01\/Babatunde3_klein-300x239.jpg 300w\" sizes=\"(max-width: 575px) 100vw, 575px\" \/><\/p>\n<p>So wurde die Idee geboren, neben meiner Ausbildung zum Suzuki-Lehrer beim <strong><em>Deutschen Suzuki Institut<\/em><\/strong> zus\u00e4tzlich auch die Kenntnisse im sogenannten Service f\u00fcr Streichinstrumente (Einstellung von Stimme und Steg, Einrichten von Wirbeln und Saitenhalter, Abziehen des Griffbrettes, Behaarung von B\u00f6gen u.a.) zu erwerben.<\/p>\n<p>Erneut durfte ich wieder bei meinen deutschen Gasteltern <span style=\"color: #000080;\"><strong><a style=\"color: #000080;\" href=\"http:\/\/www.germansuzuki.com\/?page_id=2107\">Dr. Ingrid Schlenk<\/a> <\/strong><\/span>(Vorsitzende der Deutschen Suzuki Gesellschaft) und Dr. Rolf Schlenk wohnen. Die Unterbringung bei ihnen bestand aus einem hervorragend ausgestatteten Raum ganz f\u00fcr mich allein einschlie\u00dflich PC, einem sch\u00f6nen Schreibtisch und einer Bibliothek mit hilfreichen B\u00fcchern f\u00fcr meine Ausbildung. Au\u00dferdem erhielt ich regelm\u00e4\u00dfig delikate Mahlzeiten, so da\u00df ich jederzeit fit f\u00fcr meine Arbeit in der Werkstatt war.<\/p>\n<p>In dieser Ausbildungsphase durfte ich von meinem Ausbilder <span style=\"color: #000080;\"><a style=\"color: #000080;\" href=\"http:\/\/www.geigenbau-schlenk.de\/\"><strong>Philipp Schlenk<\/strong><\/a><\/span> interessantere und fortgeschrittenere Bereiche der Geigen- und Bratschenreparatur erlernen.<\/p>\n<p>Es war wieder einmal eine rundum wunderbare Zeit in Deutschland. Neben der intensiven Arbeit im Geigenbau-Atelier konnte ich Museen besuchen und bei verschiedenen Suzuki-Unterrichtsveranstaltungen hospitieren.<\/p>\n<p><img decoding=\"async\" loading=\"lazy\" class=\"size-full wp-image-8153 alignleft\" src=\"https:\/\/www.germansuzuki.de\/wp-content\/uploads\/2013\/01\/Babatunde_Philipp_Schlenk.jpg\" alt=\"\" width=\"280\" height=\"210\" \/>Weitere Highlights waren festliche Konzerte wie das mit dem Windsbacher Knabenschor. \u00a0Ich glaube, den Klang ihrer leuchtenden Stimmen werde ich niemals vergessen.<\/p>\n<p>Tausend Dank an meine Gastfamilie! Mit ihnen durfte ich deutsche Weihnachten erleben. Welch wundervolle Erfahrung!<\/p>\n[\/vc_column_text][\/vc_column][vc_column column_padding=&#8220;no-extra-padding&#8220; column_padding_position=&#8220;all&#8220; background_color_opacity=&#8220;1&#8243; background_hover_color_opacity=&#8220;1&#8243; column_shadow=&#8220;none&#8220; column_border_radius=&#8220;none&#8220; width=&#8220;1\/3&#8243; tablet_text_alignment=&#8220;default&#8220; phone_text_alignment=&#8220;default&#8220; column_border_width=&#8220;none&#8220; column_border_style=&#8220;solid&#8220;][vc_column_text]Mein Name ist David Babatunde Awonuga.Vielleicht erinnern Sie sich noch an mich und an meinen letzten Bericht auf dieser Homepage im April 2011.<\/p>\n<p>Ich bin ein Geiger, wohne in Nigeria und habe an dem gr\u00f6\u00dften Konservatorium Nigerias, in Lagos, Geige studiert. Ich bin erneut nach Deutschland gekommen, um meine F\u00e4higkeiten als Suzuki-Lehrer zu verbessern und meine Basiskenntnisse im Geigenbauhandwerk zu erweitern.<\/p>\n<p>In Nigeria gibt es keinen einzigen Geigenbauer. Wenn man eine Reparatur ben\u00f6tigt, ist es g\u00fcnstiger, ein neues Instrument zu kaufen als zum n\u00e4chsten Geigenbauer nach Ghana (ca. 2.000 km entfernt) zu fahren.[\/vc_column_text][vc_column_text]<a href=\"http:\/\/en.germansuzuki.com\/wp-content\/uploads\/2013\/01\/baba32.jpg\"><img decoding=\"async\" loading=\"lazy\" class=\"size-full wp-image-933 alignright\" title=\"baba3\" src=\"http:\/\/en.germansuzuki.com\/wp-content\/uploads\/2013\/01\/baba32.jpg\" alt=\"\" width=\"209\" height=\"139\" \/><\/a>[\/vc_column_text]<div class=\"divider-wrap\"><div style=\"height: 25px;\" class=\"divider\"><\/div><\/div><div class=\"divider-wrap\"><div style=\"height: 25px;\" class=\"divider\"><\/div><\/div><div class=\"divider-wrap\"><div style=\"height: 25px;\" class=\"divider\"><\/div><\/div><div class=\"divider-wrap\"><div style=\"height: 25px;\" class=\"divider\"><\/div><\/div><div class=\"divider-wrap\"><div style=\"height: 25px;\" class=\"divider\"><\/div><\/div><div class=\"divider-wrap\"><div style=\"height: 25px;\" class=\"divider\"><\/div><\/div><div class=\"divider-wrap\"><div style=\"height: 25px;\" class=\"divider\"><\/div><\/div>[vc_column_text]<a href=\"http:\/\/en.germansuzuki.com\/wp-content\/uploads\/2013\/01\/66706_10200156856872646_1535777526_n.jpg\"><img decoding=\"async\" loading=\"lazy\" class=\"alignleft size-full wp-image-918\" style=\"border: 1px solid black;\" title=\"66706_10200156856872646_1535777526_n\" src=\"http:\/\/en.germansuzuki.com\/wp-content\/uploads\/2013\/01\/66706_10200156856872646_1535777526_n.jpg\" alt=\"\" width=\"403\" height=\"403\" \/><\/a><\/p>\n[\/vc_column_text][\/vc_column][\/vc_row][vc_row type=&#8220;in_container&#8220; full_screen_row_position=&#8220;middle&#8220; scene_position=&#8220;center&#8220; text_color=&#8220;dark&#8220; text_align=&#8220;left&#8220; overlay_strength=&#8220;0.3&#8243; shape_divider_position=&#8220;bottom&#8220;][vc_column column_padding=&#8220;no-extra-padding&#8220; column_padding_position=&#8220;all&#8220; background_color_opacity=&#8220;1&#8243; background_hover_color_opacity=&#8220;1&#8243; column_shadow=&#8220;none&#8220; column_border_radius=&#8220;none&#8220; width=&#8220;1\/1&#8243; tablet_text_alignment=&#8220;default&#8220; phone_text_alignment=&#8220;default&#8220; column_border_width=&#8220;none&#8220; column_border_style=&#8220;solid&#8220;][vc_column_text]Von ganzem Herzen m\u00f6chte ich mich bei der <strong>Deutschen Suzuki Gesellschaft<\/strong> bedanken.<\/p>\n<p>Durch ihre best\u00e4ndige Unterst\u00fctzung schuf sie mir diese goldene Gelegenheit in meinem Leben und erm\u00f6glichte mir den Weg zum Suzuki-Lehrer, zum Geigenbauhandwerk und zum nun schon dritten Studienaufenthalt in Deutschland. Durch sie habe ich viele Suzuki-Kollegen aus aller Welt kennengelernt.<\/p>\n<p>Die DSG hat meine Teilnahme an der <span style=\"color: #000080;\"><a style=\"color: #000080;\" href=\"http:\/\/www.germansuzuki.com\/?p=3827\"><strong>4. Internationalen Suzuki-Lehrerkonferenz<\/strong><\/a><\/span> gesponsert. Dies war die gr\u00f6\u00dfte Konferenz von Geigenlehrern, die ich je erlebt habe. Ich fahre zur\u00fcck nach Nigeria mit vielen, vielen neuen Erfahrungen, Einsichten und neugewonnenen F\u00e4higkeiten.<br \/>\nIn meinem Herzen f\u00fchle ich deutlich, dass ich auf dem richtigen Weg bin.<br \/>\nVielen Dank, dass die DSG trotz aller eigenen Aufgaben und Aktivit\u00e4ten an Afrika denkt und uns in unserer speziellen Situation f\u00f6rdert und unterst\u00fctzt.<\/p>\n<p>Ich w\u00fcnsche <strong>allen Mitgliedern der DSG<\/strong> ein gl\u00fcckliches Neues Jahr!<br \/>\nSobald ich wieder in Nigeria bin, werde ich Ihnen einen detaillierteren Bericht schreiben.<\/p>\n<p>Besondere Gr\u00fc\u00dfe auch an Herrn Rudolf Gaehler. Der Unterricht auf der Internationalen Lehrerkonferenz in Remscheid war erstklassig! Ich danke ihm, dass er sich f\u00fcr mich Zeit genommen hat und mir zum Thema Auswendiglernen und Ged\u00e4chtnistraining entscheidende Erkenntnisse vermittelt hat.<\/p>\n<p>Mit meinen herzlichsten Gr\u00fc\u00dfen<\/p>\n<p>David Babatunde Awonuga<br \/>\nLagos, Nigeria[\/vc_column_text][\/vc_column][\/vc_row][vc_row type=&#8220;in_container&#8220; full_screen_row_position=&#8220;middle&#8220; scene_position=&#8220;center&#8220; text_color=&#8220;dark&#8220; text_align=&#8220;left&#8220; overlay_strength=&#8220;0.3&#8243; shape_divider_position=&#8220;bottom&#8220;][vc_column column_padding=&#8220;no-extra-padding&#8220; column_padding_position=&#8220;all&#8220; background_color_opacity=&#8220;1&#8243; background_hover_color_opacity=&#8220;1&#8243; column_shadow=&#8220;none&#8220; column_border_radius=&#8220;none&#8220; width=&#8220;1\/1&#8243; tablet_text_alignment=&#8220;default&#8220; phone_text_alignment=&#8220;default&#8220; column_border_width=&#8220;none&#8220; column_border_style=&#8220;solid&#8220;][\/vc_column][\/vc_row]\n","protected":false},"excerpt":{"rendered":"<p>[vc_row type=&#8220;in_container&#8220; full_screen_row_position=&#8220;middle&#8220; scene_position=&#8220;center&#8220; text_color=&#8220;dark&#8220; text_align=&#8220;left&#8220; overlay_strength=&#8220;0.3&#8243; shape_divider_position=&#8220;bottom&#8220;][vc_column column_padding=&#8220;no-extra-padding&#8220; column_padding_position=&#8220;all&#8220; background_color_opacity=&#8220;1&#8243; background_hover_color_opacity=&#8220;1&#8243; column_shadow=&#8220;none&#8220; column_border_radius=&#8220;none&#8220; width=&#8220;1\/1&#8243; tablet_text_alignment=&#8220;default&#8220; phone_text_alignment=&#8220;default&#8220; column_border_width=&#8220;none&#8220; column_border_style=&#8220;solid&#8220;][vc_column_text] BERICHT \u00fcber meine zweite Geigenbau-Ausbildungsphase in Deutschland (November\/Dezember 2012) [\/vc_column_text][\/vc_column][\/vc_row][vc_row type=&#8220;in_container&#8220;&#8230;<\/p>\n","protected":false},"author":2,"featured_media":0,"comment_status":"open","ping_status":"open","sticky":false,"template":"","format":"standard","meta":[],"categories":[3],"tags":[],"_links":{"self":[{"href":"https:\/\/www.germansuzuki.de\/index.php?rest_route=\/wp\/v2\/posts\/3898"}],"collection":[{"href":"https:\/\/www.germansuzuki.de\/index.php?rest_route=\/wp\/v2\/posts"}],"about":[{"href":"https:\/\/www.germansuzuki.de\/index.php?rest_route=\/wp\/v2\/types\/post"}],"author":[{"embeddable":true,"href":"https:\/\/www.germansuzuki.de\/index.php?rest_route=\/wp\/v2\/users\/2"}],"replies":[{"embeddable":true,"href":"https:\/\/www.germansuzuki.de\/index.php?rest_route=%2Fwp%2Fv2%2Fcomments&post=3898"}],"version-history":[{"count":22,"href":"https:\/\/www.germansuzuki.de\/index.php?rest_route=\/wp\/v2\/posts\/3898\/revisions"}],"predecessor-version":[{"id":8157,"href":"https:\/\/www.germansuzuki.de\/index.php?rest_route=\/wp\/v2\/posts\/3898\/revisions\/8157"}],"wp:attachment":[{"href":"https:\/\/www.germansuzuki.de\/index.php?rest_route=%2Fwp%2Fv2%2Fmedia&parent=3898"}],"wp:term":[{"taxonomy":"category","embeddable":true,"href":"https:\/\/www.germansuzuki.de\/index.php?rest_route=%2Fwp%2Fv2%2Fcategories&post=3898"},{"taxonomy":"post_tag","embeddable":true,"href":"https:\/\/www.germansuzuki.de\/index.php?rest_route=%2Fwp%2Fv2%2Ftags&post=3898"}],"curies":[{"name":"wp","href":"https:\/\/api.w.org\/{rel}","templated":true}]}}