{"id":3855,"date":"2012-12-21T11:55:27","date_gmt":"2012-12-21T09:55:27","guid":{"rendered":"http:\/\/www.germansuzuki.com\/?p=3855"},"modified":"2023-01-30T15:32:30","modified_gmt":"2023-01-30T13:32:30","slug":"ein-kleines-weihnachtsgeschenk-fur-sie","status":"publish","type":"post","link":"https:\/\/www.germansuzuki.de\/?p=3855","title":{"rendered":"Ein kleines Weihnachtsgeschenk f\u00fcr SIE!"},"content":{"rendered":"<h2 style=\"text-align: center;\"><strong>DANKE f\u00fcr IHRE UNTERST\u00dcTZUNG!<br \/>\n<\/strong><\/h2>\n<h2 style=\"text-align: center;\"><strong>An alle Mitglieder der Deutschen Suzuki Gesellschaft,<\/strong><strong><br \/>\nan unsere Freunde, Kollegen und F\u00f6rderer<\/strong><\/h2>\n<div id=\"attachment_822\" style=\"width: 500px\" class=\"wp-caption aligncenter\"><a href=\"http:\/\/en.germansuzuki.com\/wp-content\/uploads\/2012\/12\/engel.jpg\"><img aria-describedby=\"caption-attachment-822\" decoding=\"async\" loading=\"lazy\" class=\"size-full wp-image-822\" style=\"border: 1px solid black;\" title=\"engel\" src=\"http:\/\/en.germansuzuki.com\/wp-content\/uploads\/2012\/12\/engel.jpg\" alt=\"\" width=\"490\" height=\"342\" \/><\/a><p id=\"caption-attachment-822\" class=\"wp-caption-text\">Skulptur eines geigespielenden Engels (1728-32) am Hochaltar der Sankt Jakobs-Kirche in Ljubljana (Slowenien) von dem venezianischen Bildhauer Francesco Robba \u00a0 \u00a0 \u00a0 \u00a0 \u00a0 \u00a0 \u00a0 \u00a0 \u00a0 \u00a0 \u00a0 \u00a0 \u00a0 \u00a0 \u00a0\u00a0 (Foto: Rudolf Gaehler)<\/p><\/div>\n<h2 style=\"text-align: center;\"><strong>Arcangelo Corelli (1653-1713)<\/strong><\/h2>\n<p style=\"text-align: center;\">\n<p style=\"text-align: center;\"><strong><em>Pastorale<br \/>\n<\/em><\/strong><\/p>\n<h2 style=\"text-align: center;\"><strong><em> <span style=\"color: #000000;\">MP3: <a href=\"http:\/\/en.germansuzuki.com\/wp-content\/uploads\/2012\/12\/corelli.mp3\">Concerto grosso op. 6\/8, &#8222;Christmas Concerto&#8220;<\/a><\/span><\/em><\/strong><\/h2>\n<p style=\"text-align: center;\">\n<p style=\"text-align: center;\"><strong>Rudolf Gaehler &amp; Kerstin Wartberg, Violine<br \/>\nTobias Kunst, Orgel<\/strong><\/p>\n<h2 style=\"text-align: center;\"><strong>KOSTENLOSER DOWNLOAD<\/strong><\/h2>\n<p style=\"text-align: center;\">\n<h2 style=\"text-align: center;\"><strong><a href=\"http:\/\/en.germansuzuki.com\/wp-content\/uploads\/2012\/12\/corelli.mp3\">MP3<\/a> &amp; NOTEN <\/strong><\/h2>\n<p style=\"text-align: center;\"><strong>Arrangements f\u00fcr Streicher<br \/>\nODER<\/strong><strong><br \/>\n<\/strong><strong>Streicher <\/strong><strong>und Klavier oder Orgel ad lib.<\/strong><\/p>\n<p style=\"text-align: center;\"><strong>von Kerstin Wartberg<\/strong><\/p>\n<p>&nbsp;<\/p>\n<p style=\"text-align: center;\"><strong><a href=\"http:\/\/www.germansuzuki.com\/wp-content\/uploads\/2012\/12\/Corelli-Pastorale_3Vl.pdf\">1. Arrangement f\u00fcr 3 Violinen<\/a><br \/>\n<a href=\"http:\/\/www.germansuzuki.com\/wp-content\/uploads\/2012\/12\/Corelli-Pastorale_2Vl+Va.pdf\">2. Arrangement f\u00fcr 2 Violinen &amp; Viola<\/a><br \/>\n<a href=\"http:\/\/www.germansuzuki.com\/wp-content\/uploads\/2012\/12\/Corelli-Pastorale_Trio.pdf\">3. Arrangement f\u00fcr 2 Violinen &amp; Cello<\/a><br \/>\n<a href=\"http:\/\/www.germansuzuki.com\/wp-content\/uploads\/2012\/12\/Corelli-Pastorale_2vl++.pdf\">4. Arrangement f\u00fcr 2 Violinen &amp; Klavier oder Orgel<\/a><\/strong><\/p>\n<p style=\"text-align: center;\"><strong><a href=\"http:\/\/www.germansuzuki.com\/wp-content\/uploads\/2012\/12\/Corelli-Pastorale_parts_.pdf\">5. Einzelstimmen: Violine I \/ II \/ III, Viola, Cello<\/a><\/strong><\/p>\n<p style=\"text-align: center;\">\n<p style=\"text-align: center;\"><strong>\u00a0<\/strong><\/p>\n","protected":false},"excerpt":{"rendered":"<p>DANKE f\u00fcr IHRE UNTERST\u00dcTZUNG! An alle Mitglieder der Deutschen Suzuki Gesellschaft, an unsere Freunde, Kollegen und F\u00f6rderer Arcangelo Corelli (1653-1713) Pastorale MP3: Concerto grosso op. 6\/8, &#8222;Christmas Concerto&#8220; Rudolf Gaehler&#8230;<\/p>\n","protected":false},"author":2,"featured_media":3866,"comment_status":"closed","ping_status":"open","sticky":false,"template":"","format":"standard","meta":[],"categories":[12,3],"tags":[],"_links":{"self":[{"href":"https:\/\/www.germansuzuki.de\/index.php?rest_route=\/wp\/v2\/posts\/3855"}],"collection":[{"href":"https:\/\/www.germansuzuki.de\/index.php?rest_route=\/wp\/v2\/posts"}],"about":[{"href":"https:\/\/www.germansuzuki.de\/index.php?rest_route=\/wp\/v2\/types\/post"}],"author":[{"embeddable":true,"href":"https:\/\/www.germansuzuki.de\/index.php?rest_route=\/wp\/v2\/users\/2"}],"replies":[{"embeddable":true,"href":"https:\/\/www.germansuzuki.de\/index.php?rest_route=%2Fwp%2Fv2%2Fcomments&post=3855"}],"version-history":[{"count":7,"href":"https:\/\/www.germansuzuki.de\/index.php?rest_route=\/wp\/v2\/posts\/3855\/revisions"}],"predecessor-version":[{"id":10541,"href":"https:\/\/www.germansuzuki.de\/index.php?rest_route=\/wp\/v2\/posts\/3855\/revisions\/10541"}],"wp:featuredmedia":[{"embeddable":true,"href":"https:\/\/www.germansuzuki.de\/index.php?rest_route=\/wp\/v2\/media\/3866"}],"wp:attachment":[{"href":"https:\/\/www.germansuzuki.de\/index.php?rest_route=%2Fwp%2Fv2%2Fmedia&parent=3855"}],"wp:term":[{"taxonomy":"category","embeddable":true,"href":"https:\/\/www.germansuzuki.de\/index.php?rest_route=%2Fwp%2Fv2%2Fcategories&post=3855"},{"taxonomy":"post_tag","embeddable":true,"href":"https:\/\/www.germansuzuki.de\/index.php?rest_route=%2Fwp%2Fv2%2Ftags&post=3855"}],"curies":[{"name":"wp","href":"https:\/\/api.w.org\/{rel}","templated":true}]}}