{"id":3749,"date":"2012-09-13T18:33:21","date_gmt":"2012-09-13T16:33:21","guid":{"rendered":"http:\/\/www.germansuzuki.com\/?p=3749"},"modified":"2012-09-14T14:46:35","modified_gmt":"2012-09-14T12:46:35","slug":"violinkurs-mit-rudolf-gahler","status":"publish","type":"post","link":"https:\/\/www.germansuzuki.de\/?p=3749","title":{"rendered":"Violinkurs mit Rudolf G\u00e4hler"},"content":{"rendered":"<h2>in Heidelberg vom 2.-5. Januar 2013<\/h2>\n<p><strong>Beginn: 02.01.2013, 15:00 Uhr<br \/>\nEnde: 05.01.2013, 13:00 Uhr<\/strong><\/p>\n<p>Immer wieder haben ehemalige Lehrerkursteilnehmer den Wunsch ge\u00e4u\u00dfert, fortgeschrittenes Violinrepertoire oder Violintechnik mit dem Geiger und ehemaligen Konzertmeister <a href=\"http:\/\/www.germansuzuki.com\/?p=3216\">Rudolf G\u00e4hler<\/a> zu erarbeiten.<\/p>\n<p><a href=\"http:\/\/www.germansuzuki.com\/wp-content\/uploads\/2012\/09\/Rudolf-Gaehler.jpg\"><img decoding=\"async\" loading=\"lazy\" class=\"alignnone size-large wp-image-3765\" style=\"border: 1px solid black;\" title=\"Rudolf Gaehler\" src=\"http:\/\/www.germansuzuki.com\/wp-content\/uploads\/2012\/09\/Rudolf-Gaehler-1024x717.jpg\" alt=\"\" width=\"430\" height=\"301\" srcset=\"https:\/\/www.germansuzuki.de\/wp-content\/uploads\/2012\/09\/Rudolf-Gaehler-1024x717.jpg 1024w, https:\/\/www.germansuzuki.de\/wp-content\/uploads\/2012\/09\/Rudolf-Gaehler-300x210.jpg 300w, https:\/\/www.germansuzuki.de\/wp-content\/uploads\/2012\/09\/Rudolf-Gaehler.jpg 1615w\" sizes=\"(max-width: 430px) 100vw, 430px\" \/><\/a><\/p>\n<p>Diesem Wunsch werden wir nun nachkommen und eine \u00dcbe- und Unterrichtsfreizeit f\u00fcr Suzukilehrer und Geigenstudenten anbieten. T\u00e4glich sind f\u00fcr jeden Teilnehmer mehrere Einzelunterrichtseinheiten vorgesehen, zwischen denen der Teilnehmer \u00fcben kann.<\/p>\n<p>W\u00e4hlen Sie selbst, welches St\u00fcck oder welches geigentechnische Programm Sie gerne w\u00e4hrend des Kurses erarbeiten m\u00f6chten.<\/p>\n<h2><span style=\"color: #000080;\"><strong> <\/strong><\/span><a href=\"http:\/\/www.germansuzuki.com\/wp-content\/uploads\/2012\/09\/Anmeldung_Violinkurs_G\u00e4hler.pdf\">Anmeldeformular<\/a><\/h2>\n","protected":false},"excerpt":{"rendered":"<p>in Heidelberg vom 2.-5. Januar 2013 Beginn: 02.01.2013, 15:00 Uhr Ende: 05.01.2013, 13:00 Uhr Immer wieder haben ehemalige Lehrerkursteilnehmer den Wunsch ge\u00e4u\u00dfert, fortgeschrittenes Violinrepertoire oder Violintechnik mit dem Geiger und&#8230;<\/p>\n","protected":false},"author":2,"featured_media":0,"comment_status":"open","ping_status":"open","sticky":false,"template":"","format":"standard","meta":[],"categories":[9],"tags":[],"_links":{"self":[{"href":"https:\/\/www.germansuzuki.de\/index.php?rest_route=\/wp\/v2\/posts\/3749"}],"collection":[{"href":"https:\/\/www.germansuzuki.de\/index.php?rest_route=\/wp\/v2\/posts"}],"about":[{"href":"https:\/\/www.germansuzuki.de\/index.php?rest_route=\/wp\/v2\/types\/post"}],"author":[{"embeddable":true,"href":"https:\/\/www.germansuzuki.de\/index.php?rest_route=\/wp\/v2\/users\/2"}],"replies":[{"embeddable":true,"href":"https:\/\/www.germansuzuki.de\/index.php?rest_route=%2Fwp%2Fv2%2Fcomments&post=3749"}],"version-history":[{"count":7,"href":"https:\/\/www.germansuzuki.de\/index.php?rest_route=\/wp\/v2\/posts\/3749\/revisions"}],"predecessor-version":[{"id":3771,"href":"https:\/\/www.germansuzuki.de\/index.php?rest_route=\/wp\/v2\/posts\/3749\/revisions\/3771"}],"wp:attachment":[{"href":"https:\/\/www.germansuzuki.de\/index.php?rest_route=%2Fwp%2Fv2%2Fmedia&parent=3749"}],"wp:term":[{"taxonomy":"category","embeddable":true,"href":"https:\/\/www.germansuzuki.de\/index.php?rest_route=%2Fwp%2Fv2%2Fcategories&post=3749"},{"taxonomy":"post_tag","embeddable":true,"href":"https:\/\/www.germansuzuki.de\/index.php?rest_route=%2Fwp%2Fv2%2Ftags&post=3749"}],"curies":[{"name":"wp","href":"https:\/\/api.w.org\/{rel}","templated":true}]}}