{"id":3730,"date":"2012-09-13T17:27:22","date_gmt":"2012-09-13T15:27:22","guid":{"rendered":"http:\/\/www.germansuzuki.com\/?p=3730"},"modified":"2012-10-20T10:00:18","modified_gmt":"2012-10-20T08:00:18","slug":"zusatzausbildung-fur-die-musikalische-fruhforderung","status":"publish","type":"post","link":"https:\/\/www.germansuzuki.de\/?p=3730","title":{"rendered":"Zusatzausbildung f\u00fcr die Musikalische Fr\u00fchf\u00f6rderung"},"content":{"rendered":"<h2 style=\"text-align: left;\"><strong>Erstmalig bietet die DSG Ausbildungslehrg\u00e4nge mit Pr\u00fcfungsabschluss <\/strong><\/h2>\n<h2 style=\"text-align: left;\"><strong>f\u00fcr das Musikalische Fr\u00fchf\u00f6rderungsprogramm<br \/>\n(CML, fr\u00fcher <em>Ritmica<\/em> genannt) an,<br \/>\n<\/strong><\/h2>\n<p style=\"text-align: left;\"><strong>entwickelt von <em>Elena Enrico<\/em> (Italienisches Suzuki Institut).<\/strong><\/p>\n<p style=\"text-align: left;\"><a href=\"http:\/\/www.germansuzuki.com\/wp-content\/uploads\/2012\/09\/CML_1.jpg\"><img decoding=\"async\" loading=\"lazy\" title=\"CML_1\" src=\"http:\/\/www.germansuzuki.com\/wp-content\/uploads\/2012\/09\/CML_1.jpg\" alt=\"\" width=\"271\" height=\"177\" \/><\/a><\/p>\n<p style=\"text-align: left;\">&#8222;Children\u2019s Musical Garden&#8220; wurde als <strong>Vorbereitungskurs auf den Suzuki-Unterricht<\/strong> entwickelt.<\/p>\n<p style=\"text-align: left;\"><strong><span style=\"text-decoration: underline;\"> <\/span><\/strong><\/p>\n<p style=\"text-align: left;\"><strong><span style=\"text-decoration: underline;\"> <\/span><\/strong><\/p>\n<p style=\"text-align: left;\">In mehreren europ\u00e4ischen Suzuki-Instituten hat es mittlerweile einen wichtigen Platz, da es sowohl fachlich als auch wirtschaftlich die Suzuki-Arbeit unterst\u00fctzt.<\/p>\n<p style=\"text-align: left;\">Mit diesen Eltern-\/Kind-Kursen<strong> <\/strong>gelingt es besser, neue Sch\u00fcler mit ihren Eltern f\u00fcr den Suzuki-Unterricht zu interessieren und auf diesen Weg vorzubereiten.<\/p>\n<p style=\"text-align: left;\">Auf spielerische Weise werden erste Erfahrungen gesammelt.<\/p>\n<p style=\"text-align: left;\">Der Kurs richtet sich unabh\u00e4ngig von ihrem Hauptinstrument an alle Suzukilehrer, die u.a. mit diesem Programm<\/p>\n<ul style=\"text-align: left;\">\n<li>Kinder sowohl allgemein-musikalisch als auch hinsichtlich der grunds\u00e4tzlichen Lernbereitschaft auf spielerische Weise f\u00f6rdern wollen<\/li>\n<li>das \u00dcben zuhause mit einem Elternteil anregen und ein\u00fcben wollen (die Eltern sollen beispielsweise t\u00e4glich mit ihrem Kind \u00fcben und bestimmte Lieder mit ihm singen, Finger\u00fcbungen und Rhythmen trainieren etc.)<\/li>\n<li>Kinder und Eltern mit einem Gro\u00dfteil des Repertoires aus dem 1. Suzuki-Heft vertraut machen wollen<\/li>\n<\/ul>\n<p style=\"text-align: left;\"><a href=\"http:\/\/www.germansuzuki.com\/wp-content\/uploads\/2012\/09\/CML_2.jpg\"><img decoding=\"async\" loading=\"lazy\" class=\"alignnone size-full wp-image-3733\" style=\"border: 1px solid black;\" title=\"CML_2\" src=\"http:\/\/www.germansuzuki.com\/wp-content\/uploads\/2012\/09\/CML_2.jpg\" alt=\"\" width=\"246\" height=\"185\" srcset=\"https:\/\/www.germansuzuki.de\/wp-content\/uploads\/2012\/09\/CML_2.jpg 308w, https:\/\/www.germansuzuki.de\/wp-content\/uploads\/2012\/09\/CML_2-300x225.jpg 300w\" sizes=\"(max-width: 246px) 100vw, 246px\" \/><\/a><\/p>\n<p style=\"text-align: left;\"><span style=\"color: #0000ff;\"><strong>Die Ausbildung zum Lehrer des musikalischen Fr\u00fchf\u00f6rderungsprogrammes gliedert sich in vier Abschnitte:<\/strong><\/span><\/p>\n<p style=\"text-align: left;\">Kurs 1A, 1B und 1C mit einer anschlie\u00dfenden Pr\u00fcfungsphase (= 1D).<\/p>\n<p style=\"text-align: left;\"><strong><span style=\"color: #0000ff;\">Kur<span style=\"color: #0000ff;\">s 1A:<\/span><\/span><span style=\"color: #0000ff;\"> Einf\u00fchrung und Kursvorbereitung <\/span><\/strong><span style=\"color: #0000ff;\"><span style=\"color: #000000;\">i<\/span><\/span>m Rahmen der Europ\u00e4ischen Lehrerkonferenz am 17.\/18. November 2012 in Remscheid<br \/>\nBeginn: 17.11.2012, 14:30 Uhr<br \/>\nEnde: 18.11.2012, 14:30 Uhr<\/p>\n<p style=\"text-align: left;\"><span style=\"color: #0000ff;\"><strong>Die erste Ausbildungsphase (Kurs 1B)<\/strong><\/span> findet vom 2.-5. Januar 2013 in Heidelberg statt.<br \/>\nBeginn: 02.01.2013, 14:00 Uhr<br \/>\nEnde: 05.01.2013, 14:00 Uhr<\/p>\n<p style=\"text-align: left;\"><span style=\"color: #0000ff;\"><strong>Mindestteilnehmerzahl:<\/strong><\/span> 7 Personen.<\/p>\n<p style=\"text-align: left;\"><strong><span style=\"color: #0000ff;\">Kursleitung:<\/span><\/strong> Marco Messina, Italien<\/p>\n<p style=\"text-align: left;\"><a href=\"http:\/\/www.germansuzuki.com\/wp-content\/uploads\/2012\/09\/CML_4_Messina.jpg\"><img decoding=\"async\" loading=\"lazy\" class=\"alignnone size-full wp-image-3732\" title=\"CML_4_Messina\" src=\"http:\/\/www.germansuzuki.com\/wp-content\/uploads\/2012\/09\/CML_4_Messina.jpg\" alt=\"\" width=\"247\" height=\"204\" \/><\/a><\/p>\n<p style=\"text-align: left;\"><span style=\"color: #0000ff;\"><strong>Geb<span style=\"color: #0000ff;\">\u00fchr <\/span><\/strong><\/span><strong><span style=\"color: #0000ff;\">f\u00fcr den Kurs 1A<\/span><\/strong> in Remscheid<br \/>\ninkl. der Teilnahme an der europ\u00e4ischen Suzuki-Lehrerkonferenz: 95,00 EUR<\/p>\n<p style=\"text-align: left;\"><strong><span style=\"color: #0000ff;\">Geb\u00fchr f\u00fcr den viert\u00e4gigen Kurs 1B<\/span><\/strong> in Heidelberg: \u00a0\u00a0\u00a0\u00a0 190,00 EUR<\/p>\n<p style=\"text-align: left;\">Die Unterbringung inklusive Vollpension betr\u00e4gt f\u00fcr den gesamten Zeitraum (2.-5.1.2013) im<\/p>\n<ul style=\"text-align: left;\">\n<li>Einzelzimmer pro Person: \u00a0\u00a0\u00a0\u00a0\u00a0\u00a0\u00a0\u00a0\u00a0\u00a0\u00a0\u00a0\u00a0\u00a0\u00a0 168,00 EUR<\/li>\n<li>Doppelzimmer pro Person: \u00a0\u00a0\u00a0\u00a0\u00a0\u00a0\u00a0\u00a0\u00a0\u00a0\u00a0\u00a0\u00a0 153,00 EUR<\/li>\n<li>Mehrbettzimmer pro Person: \u00a0\u00a0\u00a0\u00a0\u00a0\u00a0\u00a0\u00a0\u00a0\u00a0 135,00 EUR<\/li>\n<\/ul>\n<h2 style=\"text-align: left;\"><span style=\"color: #003300;\">Ein Anmeldeformular f\u00fcr die ersten beiden Phasen des<strong> <\/strong>Ausbildungslehrganges finden Sie <strong><span style=\"text-decoration: underline;\"><a href=\"http:\/\/www.germansuzuki.com\/wp-content\/uploads\/2012\/09\/Anmeldung_Ritmica_2012-13.pdf\">HIER<\/a>.<\/span><\/strong><\/span><\/h2>\n<h2 style=\"text-align: left;\"><span style=\"color: #0000ff;\">Weitere Informationen zum <\/span><\/h2>\n<h2 style=\"text-align: left;\"><span style=\"color: #0000ff;\">Musikalischen Fr\u00fchf\u00f6rderungsprogramm <\/span><\/h2>\n<p style=\"text-align: left;\">Das Programm wendet sich an 3-6 j\u00e4hrige Kinder und ihre Eltern. Nach  einigen Monaten sind die Kinder bestens vorbereitet, ein Instrument zu  erlernen, denn zu diesem Zeitpunkt kennen die Kinder bereits das  Repertoire des ersten Suzuki-Heftes und sind mit ihm innerlich vertraut,  da sie dazu gesungen und getanzt haben sowie mit jedem einzelnen St\u00fcck  viele Spiele und \u00dcbungen verbinden.<\/p>\n<p style=\"text-align: left;\">In diesen  Eltern-\/Kind-Kursen werden zahlreiche F\u00e4higkeiten entwickelt:  Feinmotorik, Koordination, Disziplin, Lernverhalten, Entwicklung des  melodischen, harmonischen und rhythmischen Geh\u00f6rs, Singen und  Auswendiglernen.<\/p>\n<p style=\"text-align: left;\">Der Kurs vermittelt auch den Eltern viele gute  Erfahrungen. Sie erhalten beispielsweise Anregungen f\u00fcr das t\u00e4gliche  \u00dcben zuhause, lernen ihrem Kind zu helfen, wie es seine F\u00e4higkeiten  verbessern und die L\u00e4nge seiner Aufmerksamkeitsspanne erweitern kann.<br \/>\nIn Italien ist dieses Programm mittlerweile weit verbreitet. Seit 1985  wurde es kontinuierlich weiterentwickelt. Viele Schulen (Suzuki-Schulen,  Kinderg\u00e4rten, Grundschulen, traditionelle Musikschulen und sogar  Musikhochschulen) haben CML in ihr Unterrichtsangebot aufgenommen. Nicht zuletzt bilden diese Kurse die finanzielle Grundlage von vielen Suzuki-Schulen, besonders in Italien.<\/p>\n<p style=\"text-align: left;\">Seit mehreren Jahren wird dieses Programm auch in anderen europ\u00e4ischen L\u00e4ndern angewendet.<br \/>\nWeitere Informationen erhalten Sie auf der Website <a href=\"www.musicalgarden.it\">www.musicalgarden.it<\/a><\/p>\n","protected":false},"excerpt":{"rendered":"<p>Erstmalig bietet die DSG Ausbildungslehrg\u00e4nge mit Pr\u00fcfungsabschluss f\u00fcr das Musikalische Fr\u00fchf\u00f6rderungsprogramm (CML, fr\u00fcher Ritmica genannt) an, entwickelt von Elena Enrico (Italienisches Suzuki Institut). &#8222;Children\u2019s Musical Garden&#8220; wurde als Vorbereitungskurs auf&#8230;<\/p>\n","protected":false},"author":2,"featured_media":0,"comment_status":"open","ping_status":"open","sticky":false,"template":"","format":"standard","meta":[],"categories":[9],"tags":[],"_links":{"self":[{"href":"https:\/\/www.germansuzuki.de\/index.php?rest_route=\/wp\/v2\/posts\/3730"}],"collection":[{"href":"https:\/\/www.germansuzuki.de\/index.php?rest_route=\/wp\/v2\/posts"}],"about":[{"href":"https:\/\/www.germansuzuki.de\/index.php?rest_route=\/wp\/v2\/types\/post"}],"author":[{"embeddable":true,"href":"https:\/\/www.germansuzuki.de\/index.php?rest_route=\/wp\/v2\/users\/2"}],"replies":[{"embeddable":true,"href":"https:\/\/www.germansuzuki.de\/index.php?rest_route=%2Fwp%2Fv2%2Fcomments&post=3730"}],"version-history":[{"count":17,"href":"https:\/\/www.germansuzuki.de\/index.php?rest_route=\/wp\/v2\/posts\/3730\/revisions"}],"predecessor-version":[{"id":3743,"href":"https:\/\/www.germansuzuki.de\/index.php?rest_route=\/wp\/v2\/posts\/3730\/revisions\/3743"}],"wp:attachment":[{"href":"https:\/\/www.germansuzuki.de\/index.php?rest_route=%2Fwp%2Fv2%2Fmedia&parent=3730"}],"wp:term":[{"taxonomy":"category","embeddable":true,"href":"https:\/\/www.germansuzuki.de\/index.php?rest_route=%2Fwp%2Fv2%2Fcategories&post=3730"},{"taxonomy":"post_tag","embeddable":true,"href":"https:\/\/www.germansuzuki.de\/index.php?rest_route=%2Fwp%2Fv2%2Ftags&post=3730"}],"curies":[{"name":"wp","href":"https:\/\/api.w.org\/{rel}","templated":true}]}}