{"id":3605,"date":"2012-07-19T23:47:58","date_gmt":"2012-07-19T21:47:58","guid":{"rendered":"http:\/\/www.germansuzuki.com\/?p=3605"},"modified":"2012-07-25T09:55:05","modified_gmt":"2012-07-25T07:55:05","slug":"kostproben-der-violinklasse-agathe-jerie","status":"publish","type":"post","link":"https:\/\/www.germansuzuki.de\/?p=3605","title":{"rendered":"Sommergr\u00fc\u00dfe der Violinklasse Agathe Jerie"},"content":{"rendered":"<h5><strong><br \/>\n<\/strong><\/h5>\n<h2><strong>Suzuki-Sch\u00fcler begeisterten bei Serenadenkonzerten in Prag und in der Schweiz <\/strong><\/h2>\n<p><strong> <\/strong><\/p>\n<p>Unsere schweizer Kollegin Frau <a href=\"http:\/\/www.germansuzuki.com\/?page_id=1970\"><strong>Agathe Jerie<\/strong><\/a> erhielt ihre Ausbildung zur Suzuki Lehrerin und Teacher Trainerin beim Deutschen Suzuki Institut. Seit vielen Jahren bildet sie in Deutschland und in der Schweiz \u00e4u\u00dferst erfolgreich Sch\u00fcler und Lehrer aus.<\/p>\n<p><span style=\"color: #000000;\"><strong>Eine Kostprobe von den sehr guten Leistungen ihrer Klasse k\u00f6nnen Sie hier erhalten:<\/strong><\/span><\/p>\n<p><strong>A. Vivaldi, Violinkonzert a-moll, op. 3, Nr. 6 <\/strong><\/p>\n<p><strong>Solisten:<br \/>\n<\/strong><a href=\"http:\/\/www.youtube.com\/watch?v=VCS6xLTwSvQ&amp;feature=player_detailpage#t=63s\">1. Satz: Yves H\u00fcppi (9 Jahre)<\/a><br \/>\n<a href=\"http:\/\/www.germansuzuki.com\/wp-content\/uploads\/2012\/07\/Yves_spielt_Vivaldi.jpg\"><img decoding=\"async\" loading=\"lazy\" class=\"alignnone size-full wp-image-3633\" style=\"border: 1px solid black;\" title=\"Yves_spielt_Vivaldi\" src=\"http:\/\/www.germansuzuki.com\/wp-content\/uploads\/2012\/07\/Yves_spielt_Vivaldi.jpg\" alt=\"\" width=\"304\" height=\"187\" srcset=\"https:\/\/www.germansuzuki.de\/wp-content\/uploads\/2012\/07\/Yves_spielt_Vivaldi.jpg 422w, https:\/\/www.germansuzuki.de\/wp-content\/uploads\/2012\/07\/Yves_spielt_Vivaldi-300x184.jpg 300w\" sizes=\"(max-width: 304px) 100vw, 304px\" \/><\/a><\/p>\n<p><a href=\"http:\/\/www.youtube.com\/watch?v=VCS6xLTwSvQ&amp;feature=player_detailpage#t=300s\">2. Satz: Gloria Kaiser (14 Jahre)<\/a><br \/>\n<a href=\"http:\/\/www.germansuzuki.com\/wp-content\/uploads\/2012\/07\/Gloria_spielt_Vivaldi.jpg\"><img decoding=\"async\" loading=\"lazy\" class=\"alignnone size-full wp-image-3632\" style=\"border: 1px solid black;\" title=\"Gloria_spielt_Vivaldi\" src=\"http:\/\/www.germansuzuki.com\/wp-content\/uploads\/2012\/07\/Gloria_spielt_Vivaldi.jpg\" alt=\"\" width=\"309\" height=\"215\" srcset=\"https:\/\/www.germansuzuki.de\/wp-content\/uploads\/2012\/07\/Gloria_spielt_Vivaldi.jpg 309w, https:\/\/www.germansuzuki.de\/wp-content\/uploads\/2012\/07\/Gloria_spielt_Vivaldi-300x208.jpg 300w\" sizes=\"(max-width: 309px) 100vw, 309px\" \/><\/a><br \/>\n<a href=\"http:\/\/www.youtube.com\/watch?v=VCS6xLTwSvQ&amp;feature=player_detailpage#t=477s\"><\/a><\/p>\n<p><a href=\"http:\/\/www.youtube.com\/watch?v=VCS6xLTwSvQ&amp;feature=player_detailpage#t=477s\">3. Satz: Dega Brunartt (5 Jahre)<\/a><br \/>\n<a href=\"http:\/\/www.youtube.com\/watch?v=VCS6xLTwSvQ&amp;feature=player_detailpage#t=477s\"><img decoding=\"async\" loading=\"lazy\" style=\"border: 1px solid black;\" title=\"Dega_spielt_Vivaldi\" src=\"http:\/\/www.germansuzuki.com\/wp-content\/uploads\/2012\/07\/Dega_spielt_Vivaldi1.jpg\" alt=\"\" width=\"316\" height=\"230\" \/><\/a><\/p>\n<p><strong> <\/strong><\/p>\n<p><strong><a href=\"http:\/\/www.youtube.com\/watch?v=lnJyx3qH9tQ&amp;feature=youtu.be\">F. Schubert , Milit\u00e4rmarsch, D733<\/a><br \/>\n<\/strong>Original f\u00fcr Klavier 4-h\u00e4ndig,<br \/>\nArrangiert f\u00fcr Streichorchester von W. Fischhoff<br \/>\nAllegro vivace &#8211; Trio<\/p>\n<p><a href=\"http:\/\/www.germansuzuki.com\/wp-content\/uploads\/2012\/07\/Klasse_Jerie_7_2012-Kopie.jpg\"><img decoding=\"async\" loading=\"lazy\" class=\"alignnone size-full wp-image-3638\" style=\"border: 1px solid black;\" title=\"Klasse_Jerie_7_2012 Kopie\" src=\"http:\/\/www.germansuzuki.com\/wp-content\/uploads\/2012\/07\/Klasse_Jerie_7_2012-Kopie.jpg\" alt=\"\" width=\"362\" height=\"182\" srcset=\"https:\/\/www.germansuzuki.de\/wp-content\/uploads\/2012\/07\/Klasse_Jerie_7_2012-Kopie.jpg 517w, https:\/\/www.germansuzuki.de\/wp-content\/uploads\/2012\/07\/Klasse_Jerie_7_2012-Kopie-300x150.jpg 300w\" sizes=\"(max-width: 362px) 100vw, 362px\" \/><\/a><\/p>\n<p>Weitere Aufnahmen k\u00f6nnen Sie sich <a href=\"http:\/\/www.le-corde-vive.ch\/\"><strong>hier<\/strong> <\/a>anschauen.<\/p>\n<p><strong> <\/strong><\/p>\n<p><strong> <\/strong><\/p>\n<p>Mit den sch\u00f6nen Kl\u00e4ngen der Violinklasse von Frau Agathe Jerie m\u00f6chte der Vorstand der DSG allen seinen Mitgliedern einen erholsamen Sommer w\u00fcnschen.<\/p>\n<p>Dr. Ingrid Schlenk, 1. Vorsitzende<br \/>\nKerstin Wartberg, 2. Vorsitzende<br \/>\nRudolf G\u00e4hler, Schriftf\u00fchrer<br \/>\nStephan Averdung, Schatzmeister<\/p>\n","protected":false},"excerpt":{"rendered":"<p>Suzuki-Sch\u00fcler begeisterten bei Serenadenkonzerten in Prag und in der Schweiz Unsere schweizer Kollegin Frau Agathe Jerie erhielt ihre Ausbildung zur Suzuki Lehrerin und Teacher Trainerin beim Deutschen Suzuki Institut. Seit&#8230;<\/p>\n","protected":false},"author":2,"featured_media":0,"comment_status":"open","ping_status":"open","sticky":false,"template":"","format":"standard","meta":[],"categories":[1,3],"tags":[],"_links":{"self":[{"href":"https:\/\/www.germansuzuki.de\/index.php?rest_route=\/wp\/v2\/posts\/3605"}],"collection":[{"href":"https:\/\/www.germansuzuki.de\/index.php?rest_route=\/wp\/v2\/posts"}],"about":[{"href":"https:\/\/www.germansuzuki.de\/index.php?rest_route=\/wp\/v2\/types\/post"}],"author":[{"embeddable":true,"href":"https:\/\/www.germansuzuki.de\/index.php?rest_route=\/wp\/v2\/users\/2"}],"replies":[{"embeddable":true,"href":"https:\/\/www.germansuzuki.de\/index.php?rest_route=%2Fwp%2Fv2%2Fcomments&post=3605"}],"version-history":[{"count":32,"href":"https:\/\/www.germansuzuki.de\/index.php?rest_route=\/wp\/v2\/posts\/3605\/revisions"}],"predecessor-version":[{"id":3608,"href":"https:\/\/www.germansuzuki.de\/index.php?rest_route=\/wp\/v2\/posts\/3605\/revisions\/3608"}],"wp:attachment":[{"href":"https:\/\/www.germansuzuki.de\/index.php?rest_route=%2Fwp%2Fv2%2Fmedia&parent=3605"}],"wp:term":[{"taxonomy":"category","embeddable":true,"href":"https:\/\/www.germansuzuki.de\/index.php?rest_route=%2Fwp%2Fv2%2Fcategories&post=3605"},{"taxonomy":"post_tag","embeddable":true,"href":"https:\/\/www.germansuzuki.de\/index.php?rest_route=%2Fwp%2Fv2%2Ftags&post=3605"}],"curies":[{"name":"wp","href":"https:\/\/api.w.org\/{rel}","templated":true}]}}