{"id":3543,"date":"2012-06-27T09:46:57","date_gmt":"2012-06-27T07:46:57","guid":{"rendered":"http:\/\/www.germansuzuki.com\/?p=3543"},"modified":"2012-06-27T12:33:31","modified_gmt":"2012-06-27T10:33:31","slug":"unterrichtspraktikum-auf-mallorca","status":"publish","type":"post","link":"https:\/\/www.germansuzuki.de\/?p=3543","title":{"rendered":"Unterrichtspraktikum auf Mallorca"},"content":{"rendered":"<h2><strong>Eine ideale Mischung aus Praktikum und Urlaub!<\/strong><\/h2>\n<p><a href=\"http:\/\/www.germansuzuki.com\/wp-content\/uploads\/2012\/06\/mallorca.jpg\"><img decoding=\"async\" loading=\"lazy\" class=\"alignnone size-thumbnail wp-image-3542\" title=\"mallorca\" src=\"http:\/\/www.germansuzuki.com\/wp-content\/uploads\/2012\/06\/mallorca-150x150.jpg\" alt=\"\" width=\"150\" height=\"150\" srcset=\"https:\/\/www.germansuzuki.de\/wp-content\/uploads\/2012\/06\/mallorca-150x150.jpg 150w, https:\/\/www.germansuzuki.de\/wp-content\/uploads\/2012\/06\/mallorca.jpg 250w\" sizes=\"(max-width: 150px) 100vw, 150px\" \/><\/a><\/p>\n<h2><strong>08. bis 16.10.2012<br \/>\n<\/strong><\/h2>\n<p>Die Suzuki-Gruppe <a href=\"http:\/\/www.junge-camerata-academica.de\/\"><strong>\u201eJunge Camerata Academica\u201c<\/strong><\/a> unternimmt eine Konzertreise nach Mallorca unter der Leitung von <span style=\"color: #000080;\"><strong><em>Isabel Morey Suau<\/em><\/strong><\/span>. Suzuki-Violinlehrer der DSG sind eingeladen, diese Gruppe zu begleiten und mit einer beruflichen Fortbildung zu verbinden. Vormittags k\u00f6nnen Sie bei den dreist\u00fcndigen Proben der 4 &#8211; 14 j\u00e4hrigen Sch\u00fcler hospitieren und assistieren. Die Nachmittage stehen Ihnen zur freien Verf\u00fcgung. Abends finden Konzerte statt, bei denen Sie mithelfen sollten: z.B. Geigen stimmen, Kinder f\u00fcr ihren Auftritt auf die B\u00fchne bringen etc. Diese Konzertreise ist eine ideale Mischung aus Praktikum und Urlaub.<\/p>\n<p>Die Teilnehmer wohnen <span style=\"color: #000080;\"><strong>direkt am Meer <\/strong><\/span>in einem <strong><span style=\"color: #000080;\">4-Sterne-Hotel<\/span><span style=\"color: #000080;\"><span style=\"color: #000080;\"> <\/span><\/span><span style=\"color: #000080;\">zu \u00e4u\u00dferst g\u00fcnstigen Preisen<\/span><\/strong>, die etwa ein Drittel des normalen Hotelpreises betragen (Halbpension 40,00 \u20ac f\u00fcr Erwachsene, 20,00 \u20ac f\u00fcr Kinder im Alter von 3 &#8211; 13 Jahren). Es besteht auch die M\u00f6glichkeit, Familienangeh\u00f6rige mitzubringen.<\/p>\n<p>Die Kursgeb\u00fchr betr\u00e4gt 100,00 \u20ac.<\/p>\n<p><strong><span style=\"color: #000080;\">Da die Pl\u00e4tze begrenzt sind, bitten wir um eine baldige schriftliche Anmeldung.<\/span><\/strong><\/p>\n<p>Auf Wunsch k\u00f6nnen Bescheinigungen \u00fcber die Kursgeb\u00fchr zur Vorlage bei den Finanzbeh\u00f6rden ausgestellt werden.<\/p>\n","protected":false},"excerpt":{"rendered":"<p>Eine ideale Mischung aus Praktikum und Urlaub! 08. bis 16.10.2012 Die Suzuki-Gruppe \u201eJunge Camerata Academica\u201c unternimmt eine Konzertreise nach Mallorca unter der Leitung von Isabel Morey Suau. Suzuki-Violinlehrer der DSG&#8230;<\/p>\n","protected":false},"author":2,"featured_media":0,"comment_status":"open","ping_status":"open","sticky":false,"template":"","format":"standard","meta":[],"categories":[9],"tags":[],"_links":{"self":[{"href":"https:\/\/www.germansuzuki.de\/index.php?rest_route=\/wp\/v2\/posts\/3543"}],"collection":[{"href":"https:\/\/www.germansuzuki.de\/index.php?rest_route=\/wp\/v2\/posts"}],"about":[{"href":"https:\/\/www.germansuzuki.de\/index.php?rest_route=\/wp\/v2\/types\/post"}],"author":[{"embeddable":true,"href":"https:\/\/www.germansuzuki.de\/index.php?rest_route=\/wp\/v2\/users\/2"}],"replies":[{"embeddable":true,"href":"https:\/\/www.germansuzuki.de\/index.php?rest_route=%2Fwp%2Fv2%2Fcomments&post=3543"}],"version-history":[{"count":8,"href":"https:\/\/www.germansuzuki.de\/index.php?rest_route=\/wp\/v2\/posts\/3543\/revisions"}],"predecessor-version":[{"id":3545,"href":"https:\/\/www.germansuzuki.de\/index.php?rest_route=\/wp\/v2\/posts\/3543\/revisions\/3545"}],"wp:attachment":[{"href":"https:\/\/www.germansuzuki.de\/index.php?rest_route=%2Fwp%2Fv2%2Fmedia&parent=3543"}],"wp:term":[{"taxonomy":"category","embeddable":true,"href":"https:\/\/www.germansuzuki.de\/index.php?rest_route=%2Fwp%2Fv2%2Fcategories&post=3543"},{"taxonomy":"post_tag","embeddable":true,"href":"https:\/\/www.germansuzuki.de\/index.php?rest_route=%2Fwp%2Fv2%2Ftags&post=3543"}],"curies":[{"name":"wp","href":"https:\/\/api.w.org\/{rel}","templated":true}]}}