{"id":3529,"date":"2012-01-26T23:44:24","date_gmt":"2012-01-26T21:44:24","guid":{"rendered":"http:\/\/www.germansuzuki.com\/?p=3529"},"modified":"2012-10-12T16:49:56","modified_gmt":"2012-10-12T14:49:56","slug":"einfuhrungskurs-in-die-suzuki-methode-2","status":"publish","type":"post","link":"https:\/\/www.germansuzuki.de\/?p=3529","title":{"rendered":"Einf\u00fchrungskurs in die Suzuki-Methode"},"content":{"rendered":"<h2><strong><em>Einladung<\/em><\/strong><strong><em><br \/>\nzum Seminar f\u00fcr Instrumentalp\u00e4dagogen<\/em><\/strong><\/h2>\n<p><strong> <\/strong><\/p>\n<h2><span style=\"color: #0000ff;\"><strong>Einf\u00fchrung in die Suzuki-Methode<\/strong><\/span><\/h2>\n<p><span style=\"color: #0000ff;\"><strong><a href=\"http:\/\/www.germansuzuki.com\/wp-content\/uploads\/2011\/04\/geigenschuelerin.jpg\"><img decoding=\"async\" loading=\"lazy\" class=\"size-full wp-image-2966 alignnone\" title=\"geigenschuelerin\" src=\"http:\/\/www.germansuzuki.com\/wp-content\/uploads\/2011\/04\/geigenschuelerin.jpg\" alt=\"\" width=\"174\" height=\"181\" \/><\/a><br \/>\n<\/strong><\/span><\/p>\n<p><strong><a href=\"http:\/\/www.germansuzuki.com\/wp-content\/uploads\/2011\/04\/Zirnbauer_verkl.jpg\"><\/a><\/strong><\/p>\n<h2><strong>KURSINFORMATIONEN<\/strong><\/h2>\n<p><strong><span style=\"color: #0000ff;\">17.\/18. November 2012<\/span><\/strong><br \/>\nBeginn: Samstag, 17. November 2012, 14:30 Uhr<br \/>\nSchlu\u00df: Sonntag, 18. November 2012, 14:30 Uhr<\/p>\n<p><span style=\"color: #0000ff;\"><strong>Tagungsort<\/strong><\/span><br \/>\nAkademie Remscheid f\u00fcr musische Bildung und Medienerziehung<br \/>\nD-42857 Remscheid, K\u00fcppelstein 34<br \/>\nTel.: 02191\/794-0<\/p>\n<p><strong>Einf\u00fchrung in die Suzuki-Methode<\/strong><\/p>\n<p>Das Seminar  richtet sich an Instrumentallehrer und Studenten, die sich f\u00fcr die Suzuki-Methode interessieren. Sie erhalten Einblicke in Theorie und Praxis dieser besonderen Unterrichtsform.<br \/>\nDa das Seminar im Rahmen der Europ\u00e4ischen Suzuki-Lehrerkonferenz stattfindet, haben Sie au\u00dferdem die Gelegenheit, Suzuki-Lehrer aus dem In-und Ausland kennenzulernen und sich mit ihnen auszutauschen.<\/p>\n<p><strong><span style=\"color: #0000ff;\"> <\/span><\/strong><\/p>\n<p><em><strong> <\/strong><\/em><\/p>\n<p><em><strong> <\/strong><\/em><\/p>\n<h1><span style=\"color: #000080;\"><em><strong>Zus\u00e4tzlicher Kurs f\u00fcr Violinlehrer<\/strong><\/em><\/span><\/h1>\n<h1><span style=\"color: #000080;\"><em><strong> <\/strong><\/em><\/span><\/h1>\n<p><strong> <\/strong><\/p>\n<p><strong> <\/strong><\/p>\n<p><strong> 18.\/19.11.2012<\/strong><strong><br \/>\nIntensivkurs: So macht   Violintechnik Spa\u00df, Suzuki Heft <\/strong><strong>1 &amp; 2<\/strong><\/p>\n<p><strong>Beginn: <strong>Sonntag<\/strong><\/strong><strong>, 18. November 2012, 17:30 <\/strong><strong><strong>Uhr<\/strong><br \/>\n<strong>Ende: <\/strong><\/strong><strong>Montag, 19. November 2012, 13:30 <strong>Uhr<\/strong><\/strong><\/p>\n<p><strong><span style=\"color: #0000ff;\">Tagungsb\u00fcro<\/span><\/strong><br \/>\nDEUTSCHES SUZUKI INSTITUT<br \/>\nMonika Pieck<br \/>\nAnkerstr. 34<br \/>\nD-53757 Sankt Augustin<\/p>\n<p><strong><span style=\"color: #0000ff;\">Tagungsleitung:<\/span><\/strong> Kerstin Wartberg<\/p>\n<p><span style=\"color: #0000ff;\"><strong>Email:<\/strong><\/span> dsg.pieck@googlemail.com<\/p>\n<h2><a href=\"http:\/\/www.germansuzuki.com\/wp-content\/uploads\/2012\/01\/Einf\u00fchrungskurs_Vl_August_12.pdf\">ANMELDEFORMULAR<\/a> <span style=\"color: #800000;\">f\u00fcr Violin- und Fl\u00f6tenlehrer<\/span><\/h2>\n<h2><a href=\"http:\/\/\"><\/a><a href=\"http:\/\/www.germansuzuki.com\/wp-content\/uploads\/2012\/01\/Einf\u00fchrungskurs_Cello_Oktober_121.pdf\">ANMELDUNG<\/a> <span style=\"color: #800000;\">f\u00fcr Cellolehrer<\/span><\/h2>\n","protected":false},"excerpt":{"rendered":"<p>Einladung zum Seminar f\u00fcr Instrumentalp\u00e4dagogen Einf\u00fchrung in die Suzuki-Methode KURSINFORMATIONEN 17.\/18. November 2012 Beginn: Samstag, 17. November 2012, 14:30 Uhr Schlu\u00df: Sonntag, 18. November 2012, 14:30 Uhr Tagungsort Akademie Remscheid&#8230;<\/p>\n","protected":false},"author":2,"featured_media":0,"comment_status":"open","ping_status":"open","sticky":false,"template":"","format":"standard","meta":[],"categories":[9],"tags":[],"_links":{"self":[{"href":"https:\/\/www.germansuzuki.de\/index.php?rest_route=\/wp\/v2\/posts\/3529"}],"collection":[{"href":"https:\/\/www.germansuzuki.de\/index.php?rest_route=\/wp\/v2\/posts"}],"about":[{"href":"https:\/\/www.germansuzuki.de\/index.php?rest_route=\/wp\/v2\/types\/post"}],"author":[{"embeddable":true,"href":"https:\/\/www.germansuzuki.de\/index.php?rest_route=\/wp\/v2\/users\/2"}],"replies":[{"embeddable":true,"href":"https:\/\/www.germansuzuki.de\/index.php?rest_route=%2Fwp%2Fv2%2Fcomments&post=3529"}],"version-history":[{"count":12,"href":"https:\/\/www.germansuzuki.de\/index.php?rest_route=\/wp\/v2\/posts\/3529\/revisions"}],"predecessor-version":[{"id":3534,"href":"https:\/\/www.germansuzuki.de\/index.php?rest_route=\/wp\/v2\/posts\/3529\/revisions\/3534"}],"wp:attachment":[{"href":"https:\/\/www.germansuzuki.de\/index.php?rest_route=%2Fwp%2Fv2%2Fmedia&parent=3529"}],"wp:term":[{"taxonomy":"category","embeddable":true,"href":"https:\/\/www.germansuzuki.de\/index.php?rest_route=%2Fwp%2Fv2%2Fcategories&post=3529"},{"taxonomy":"post_tag","embeddable":true,"href":"https:\/\/www.germansuzuki.de\/index.php?rest_route=%2Fwp%2Fv2%2Ftags&post=3529"}],"curies":[{"name":"wp","href":"https:\/\/api.w.org\/{rel}","templated":true}]}}