{"id":3276,"date":"2012-02-22T00:55:33","date_gmt":"2012-02-21T22:55:33","guid":{"rendered":"http:\/\/www.germansuzuki.com\/?p=3276"},"modified":"2024-12-07T11:40:55","modified_gmt":"2024-12-07T09:40:55","slug":"gabriele-vollmer","status":"publish","type":"post","link":"https:\/\/www.germansuzuki.de\/?p=3276","title":{"rendered":"Gabriele Vollmer"},"content":{"rendered":"<p><a href=\"http:\/\/www.germansuzuki.com\/wp-content\/uploads\/2012\/02\/Vollmer.jpg\"><img decoding=\"async\" loading=\"lazy\" class=\"alignnone size-full wp-image-3275\" style=\"border: 1px solid black;\" title=\"Vollmer\" src=\"http:\/\/www.germansuzuki.com\/wp-content\/uploads\/2012\/02\/Vollmer.jpg\" alt=\"\" width=\"145\" height=\"215\" srcset=\"https:\/\/www.germansuzuki.de\/wp-content\/uploads\/2012\/02\/Vollmer.jpg 301w, https:\/\/www.germansuzuki.de\/wp-content\/uploads\/2012\/02\/Vollmer-201x300.jpg 201w\" sizes=\"(max-width: 145px) 100vw, 145px\" \/><\/a><\/p>\n<p><strong>Gabriele Vollmer<\/strong> leitet eine erfolgreiche Suzukiklasse an der Musikschule Knittelfeld, <strong>\u00d6sterreich<\/strong><\/p>\n<p><strong>Biographie<br \/>\n<\/strong><\/p>\n<ul>\n<li>geboren in Leoben, \u00d6sterreich<\/li>\n<\/ul>\n<ul>\n<li>Studium der F\u00e4cher Violine, Instrumentalp\u00e4dagogik und Musikerziehung<\/li>\n<\/ul>\n<p style=\"padding-left: 30px;\">(an der Musikhochschule Graz bei OHProf. Harald Himmel, Gastprof. Babara Gorzynska, OHProf. Jair Kless und Gastprof. Ren\u00e9e Staar)<\/p>\n<ul>\n<li>1996 Sponsion zur Magistra im Fach Violine mit Auszeichnung<\/li>\n<\/ul>\n<ul>\n<li>seit 1996 P\u00e4dagogin an der Musikschule Bruck an der Mur<\/li>\n<\/ul>\n<ul>\n<li>rege kammermusikalische T\u00e4tigkeit in verschiedenen Ensembles<\/li>\n<\/ul>\n<ul>\n<li>Primaria des Aurea-Quartetts<\/li>\n<\/ul>\n<ul>\n<li>Auftritte in \u00d6sterreich, Deutschland, Schweden und Frankreich<\/li>\n<\/ul>\n","protected":false},"excerpt":{"rendered":"<p>Gabriele Vollmer leitet eine erfolgreiche Suzukiklasse an der Musikschule Knittelfeld, \u00d6sterreich Biographie geboren in Leoben, \u00d6sterreich Studium der F\u00e4cher Violine, Instrumentalp\u00e4dagogik und Musikerziehung (an der Musikhochschule Graz bei OHProf. Harald&#8230;<\/p>\n","protected":false},"author":2,"featured_media":0,"comment_status":"closed","ping_status":"open","sticky":false,"template":"","format":"standard","meta":[],"categories":[19],"tags":[],"_links":{"self":[{"href":"https:\/\/www.germansuzuki.de\/index.php?rest_route=\/wp\/v2\/posts\/3276"}],"collection":[{"href":"https:\/\/www.germansuzuki.de\/index.php?rest_route=\/wp\/v2\/posts"}],"about":[{"href":"https:\/\/www.germansuzuki.de\/index.php?rest_route=\/wp\/v2\/types\/post"}],"author":[{"embeddable":true,"href":"https:\/\/www.germansuzuki.de\/index.php?rest_route=\/wp\/v2\/users\/2"}],"replies":[{"embeddable":true,"href":"https:\/\/www.germansuzuki.de\/index.php?rest_route=%2Fwp%2Fv2%2Fcomments&post=3276"}],"version-history":[{"count":9,"href":"https:\/\/www.germansuzuki.de\/index.php?rest_route=\/wp\/v2\/posts\/3276\/revisions"}],"predecessor-version":[{"id":10764,"href":"https:\/\/www.germansuzuki.de\/index.php?rest_route=\/wp\/v2\/posts\/3276\/revisions\/10764"}],"wp:attachment":[{"href":"https:\/\/www.germansuzuki.de\/index.php?rest_route=%2Fwp%2Fv2%2Fmedia&parent=3276"}],"wp:term":[{"taxonomy":"category","embeddable":true,"href":"https:\/\/www.germansuzuki.de\/index.php?rest_route=%2Fwp%2Fv2%2Fcategories&post=3276"},{"taxonomy":"post_tag","embeddable":true,"href":"https:\/\/www.germansuzuki.de\/index.php?rest_route=%2Fwp%2Fv2%2Ftags&post=3276"}],"curies":[{"name":"wp","href":"https:\/\/api.w.org\/{rel}","templated":true}]}}