{"id":3263,"date":"2012-02-22T00:16:45","date_gmt":"2012-02-21T22:16:45","guid":{"rendered":"http:\/\/www.germansuzuki.com\/?p=3263"},"modified":"2012-02-22T01:39:48","modified_gmt":"2012-02-21T23:39:48","slug":"pia-karls","status":"publish","type":"post","link":"https:\/\/www.germansuzuki.de\/?p=3263","title":{"rendered":"Pia Karls"},"content":{"rendered":"<p><a href=\"http:\/\/www.germansuzuki.com\/wp-content\/uploads\/2012\/02\/Karls.jpg\"><img decoding=\"async\" loading=\"lazy\" class=\"alignnone size-full wp-image-3264\" style=\"border: 1px solid black;\" title=\"Karls\" src=\"http:\/\/www.germansuzuki.com\/wp-content\/uploads\/2012\/02\/Karls.jpg\" alt=\"\" width=\"158\" height=\"210\" \/><\/a><\/p>\n<p><strong>Pia Karls<\/strong> leitet eine erfolgreiche Suzukiklasse an der Musikschule Gerasdorf bei Wien, \u00d6sterreich.<\/p>\n<p>Geboren in Finnland, aufgewachsen in Schweden. Hauptfach Violine.<\/p>\n<p>Studium an der Musikhochschule Stockholm,  abgeschlossen mit Master of Fine Arts, anschlie\u00dfend Studium mit  Konzertfachdiplom an der Hochschule f\u00fcr Musik und darstellende Kunst,  Wien. Spezialausbildungen im Bereich der Fr\u00fcherziehung: Ausbildung zur  Suzuki-Lehrerin am deutschen Suzuki-Institut. Lehrgang f\u00fcr elementare  Musikp\u00e4dagogik an der Musikuniversit\u00e4t Wien.<\/p>\n<p>1998-2003 feste Anstellung im Orchester der Norwegischen Staatsoper.<\/p>\n<p>Zahlreiche Konzerte mit den Stockholmer Philharmonikern und dem Orchester des schwedischen Rundfunks.<\/p>\n","protected":false},"excerpt":{"rendered":"<p>Pia Karls leitet eine erfolgreiche Suzukiklasse an der Musikschule Gerasdorf bei Wien, \u00d6sterreich. Geboren in Finnland, aufgewachsen in Schweden. Hauptfach Violine. Studium an der Musikhochschule Stockholm, abgeschlossen mit Master of&#8230;<\/p>\n","protected":false},"author":2,"featured_media":0,"comment_status":"open","ping_status":"open","sticky":false,"template":"","format":"standard","meta":[],"categories":[19],"tags":[],"_links":{"self":[{"href":"https:\/\/www.germansuzuki.de\/index.php?rest_route=\/wp\/v2\/posts\/3263"}],"collection":[{"href":"https:\/\/www.germansuzuki.de\/index.php?rest_route=\/wp\/v2\/posts"}],"about":[{"href":"https:\/\/www.germansuzuki.de\/index.php?rest_route=\/wp\/v2\/types\/post"}],"author":[{"embeddable":true,"href":"https:\/\/www.germansuzuki.de\/index.php?rest_route=\/wp\/v2\/users\/2"}],"replies":[{"embeddable":true,"href":"https:\/\/www.germansuzuki.de\/index.php?rest_route=%2Fwp%2Fv2%2Fcomments&post=3263"}],"version-history":[{"count":7,"href":"https:\/\/www.germansuzuki.de\/index.php?rest_route=\/wp\/v2\/posts\/3263\/revisions"}],"predecessor-version":[{"id":3267,"href":"https:\/\/www.germansuzuki.de\/index.php?rest_route=\/wp\/v2\/posts\/3263\/revisions\/3267"}],"wp:attachment":[{"href":"https:\/\/www.germansuzuki.de\/index.php?rest_route=%2Fwp%2Fv2%2Fmedia&parent=3263"}],"wp:term":[{"taxonomy":"category","embeddable":true,"href":"https:\/\/www.germansuzuki.de\/index.php?rest_route=%2Fwp%2Fv2%2Fcategories&post=3263"},{"taxonomy":"post_tag","embeddable":true,"href":"https:\/\/www.germansuzuki.de\/index.php?rest_route=%2Fwp%2Fv2%2Ftags&post=3263"}],"curies":[{"name":"wp","href":"https:\/\/api.w.org\/{rel}","templated":true}]}}