{"id":3254,"date":"2012-02-21T20:16:44","date_gmt":"2012-02-21T18:16:44","guid":{"rendered":"http:\/\/www.germansuzuki.com\/?p=3254"},"modified":"2012-02-21T20:18:45","modified_gmt":"2012-02-21T18:18:45","slug":"simone-mustein","status":"publish","type":"post","link":"https:\/\/www.germansuzuki.de\/?p=3254","title":{"rendered":"Simone Mustein"},"content":{"rendered":"<p><a href=\"http:\/\/www.germansuzuki.com\/wp-content\/uploads\/2012\/02\/Mustein.jpg\"><img decoding=\"async\" loading=\"lazy\" class=\"alignnone size-full wp-image-3255\" style=\"border: 1px solid black;\" title=\"Mustein\" src=\"http:\/\/www.germansuzuki.com\/wp-content\/uploads\/2012\/02\/Mustein.jpg\" alt=\"\" width=\"157\" height=\"234\" \/><\/a><\/p>\n<div>\n<h1>Simone Mustein<\/h1>\n<p><strong>Johannes Brahms Musikschule M\u00fcrzzuschlag, <strong>\u00d6sterreich<\/strong><\/strong><\/p>\n<\/div>\n<p><strong>Das ist mir bei meiner p\u00e4dagogischen T\u00e4tigkeit wichtig:<\/strong><br \/>\nIch  m\u00f6chte meinen Sch\u00fclern Freude an der Musik vermitteln und sie  motivieren, dass sie sich gerne mit ihrem Instrument besch\u00e4ftigen.  Wichtig ist es mir auch, dass ich das gemeinsame Musizieren f\u00f6rdern und  die Sch\u00fcler neben dem aktiven Spiel auch zu interessierten  Konzertbesuchern heranbilden kann.<\/p>\n<p><strong>K\u00fcnstlerische T\u00e4tigkeit:<br \/>\n<\/strong>1994-2001 Mitglied im Grazer Symphonischen Orchester<br \/>\nSeit 1999 Konzertmeisterin im Robert Stolz Salonorchester<br \/>\n2000 Gr\u00fcndung des Damenstreichquartetts Melange<br \/>\nSeit 2002 Mitglied von recreation &#8211; Gro\u00dfes Orchester Graz<\/p>\n<p>Ausbildung zur Suzukilehrerin in Hof (Deutschland)<br \/>\n2005 Nationales Deutsches Diplom<br \/>\n2006 Internationales Diplom<br \/>\n2010 Diplom Level 3<br \/>\n2011 Diplom Level 4<\/p>\n<p>1998-2005 Lehrerin an der Musikschule Eggersdorf<br \/>\n1998-2006 BORG Deutschlandsberg<br \/>\n1999-2006 BG\/BRG Liebenau<br \/>\nSeit 2000 Unterrichtst\u00e4tigkeit an der Musikschule Wies<br \/>\nSeit 2006 Lehrerin an der Musikschule Wildon und der Johannes Brahms Musikschule M\u00fcrzzuschlag<\/p>\n<p><strong>Lebenslauf:<\/strong><br \/>\nGeboren am 2.8.1970 in Graz<br \/>\n1988 Matura am BORG Deutschlandsberg<br \/>\nAb 1988 Studium an der Musikuniversit\u00e4t Graz bei Prof. Christos Polyzoides und Ulrike Danhofer<br \/>\n1995 1.Diplom Konzertfach<br \/>\n1997 Lehrbef\u00e4higung f\u00fcr Violine mit dem Schwerpunktfach Musikalische Fr\u00fcherziehung<br \/>\n1999 Abschluss des Studiums f\u00fcr Instrumental- (Gesangs-) P\u00e4dagogik mit Auszeichnung<\/p>\n<p><strong>Das bin\/mache ich au\u00dferhalb meines Berufes:<\/strong><br \/>\nMeine sp\u00e4rliche Freizeit verbringe ich am liebsten mit Lesen, Schwimmen, Schi fahren und Reisen.<\/p>\n<p>e-Mail <a>simone.mustein[at]tele2[dot]at<\/a><\/p>\n","protected":false},"excerpt":{"rendered":"<p>Simone Mustein Johannes Brahms Musikschule M\u00fcrzzuschlag, \u00d6sterreich Das ist mir bei meiner p\u00e4dagogischen T\u00e4tigkeit wichtig: Ich m\u00f6chte meinen Sch\u00fclern Freude an der Musik vermitteln und sie motivieren, dass sie sich&#8230;<\/p>\n","protected":false},"author":2,"featured_media":0,"comment_status":"open","ping_status":"open","sticky":false,"template":"","format":"standard","meta":[],"categories":[19],"tags":[],"_links":{"self":[{"href":"https:\/\/www.germansuzuki.de\/index.php?rest_route=\/wp\/v2\/posts\/3254"}],"collection":[{"href":"https:\/\/www.germansuzuki.de\/index.php?rest_route=\/wp\/v2\/posts"}],"about":[{"href":"https:\/\/www.germansuzuki.de\/index.php?rest_route=\/wp\/v2\/types\/post"}],"author":[{"embeddable":true,"href":"https:\/\/www.germansuzuki.de\/index.php?rest_route=\/wp\/v2\/users\/2"}],"replies":[{"embeddable":true,"href":"https:\/\/www.germansuzuki.de\/index.php?rest_route=%2Fwp%2Fv2%2Fcomments&post=3254"}],"version-history":[{"count":5,"href":"https:\/\/www.germansuzuki.de\/index.php?rest_route=\/wp\/v2\/posts\/3254\/revisions"}],"predecessor-version":[{"id":3259,"href":"https:\/\/www.germansuzuki.de\/index.php?rest_route=\/wp\/v2\/posts\/3254\/revisions\/3259"}],"wp:attachment":[{"href":"https:\/\/www.germansuzuki.de\/index.php?rest_route=%2Fwp%2Fv2%2Fmedia&parent=3254"}],"wp:term":[{"taxonomy":"category","embeddable":true,"href":"https:\/\/www.germansuzuki.de\/index.php?rest_route=%2Fwp%2Fv2%2Fcategories&post=3254"},{"taxonomy":"post_tag","embeddable":true,"href":"https:\/\/www.germansuzuki.de\/index.php?rest_route=%2Fwp%2Fv2%2Ftags&post=3254"}],"curies":[{"name":"wp","href":"https:\/\/api.w.org\/{rel}","templated":true}]}}