{"id":3232,"date":"2012-02-21T18:29:19","date_gmt":"2012-02-21T16:29:19","guid":{"rendered":"http:\/\/www.germansuzuki.com\/?p=3232"},"modified":"2025-05-21T15:30:03","modified_gmt":"2025-05-21T13:30:03","slug":"dorothea-friederike-gruppe","status":"publish","type":"post","link":"https:\/\/www.germansuzuki.de\/?p=3232","title":{"rendered":"Dorothea-Friederike Gruppe"},"content":{"rendered":"<p><strong>Dorothea-Friederike Gruppe<\/strong>, Suzuki-Violinlehrerin in Weimar<br \/>\nA-Lehrerin und Instructor der Deutschen Suzuki Gesellschaft e.V.<\/p>\n<p><a href=\"http:\/\/www.germansuzuki.com\/wp-content\/uploads\/2012\/02\/Frau_Gruppe_0027.jpg\"><img decoding=\"async\" loading=\"lazy\" class=\"alignnone size-full wp-image-3038\" style=\"border: 1px solid black;\" title=\"Frau_Gruppe_0027\" src=\"http:\/\/www.germansuzuki.com\/wp-content\/uploads\/2012\/02\/Frau_Gruppe_0027.jpg\" alt=\"\" width=\"459\" height=\"369\" \/><\/a><\/p>\n<p>Hier bei der Suzuki-Lehrerkonferenz in Remscheid, November 2011<\/p>\n<p><strong><em>Liebe Kolleginnen und Kollegen,<\/em><\/strong><\/p>\n<p>Gerne m\u00f6chte ich etwas von meiner Arbeit in Weimar berichten. Ich unterrichte an der Musikschule \u00bbOttmar Gerster\u00ab. Meine Suzuki-Klasse besteht im Moment aus vier Gruppen von je 5-7 Kindern sowie \u00e4lteren Sch\u00fclern, die sich nur projektbezogen treffen. Derzeit haben die Gruppen folgenden Stand:<\/p>\n<ul>\n<li>Pre-Twinkle (7 Kinder)<\/li>\n<li>Heft 1A (5 Kinder)<\/li>\n<li>Heft 1B (6 Kinder)<\/li>\n<li>Heft 2B (6 Kinder)<\/li>\n<\/ul>\n<p>Ab und an treffen sich die gr\u00f6\u00dferen Kinder mit Bach Doppel-Konzert, Veracini-Gique oder aktuell mit dem Pachelbel-Kanon, um ein Konzert vorzubereiten. Diese Gruppe besteht aus 6 &#8211; 9 Kindern, die allerdings schon in Orchestern mitspielen und keine regelm\u00e4\u00dfige Gruppenarbeit aus Zeitgr\u00fcnden mehr machen.<br \/>\nErw\u00e4hnen m\u00f6chte ich gerne noch meine T\u00e4tigkeit als Akademische Mitarbeiterin der Hochschule f\u00fcr Musik &#8222;Franz Liszt&#8220; im Bereich der \u00dcbungsschule.<\/p>\n<p>Auch m\u00f6chte ich die Streicherklasse nicht ganz unerw\u00e4hnt lassen, weil darin sehr viel Erfahrung aus der Suzuki-Arbeit einflie\u00dft. (Wir haben doch schon manches Problem der gro\u00dfen Auftritte mit meiner Workshoperfahrung gemeistert.)<br \/>\nAu\u00dferdem hospitieren einige Studenten bei mir, wenn sie ihre Diplom- oder mittlerweile Masterarbeiten \u00fcber die Suzukimethode schreiben.<br \/>\nAlso es ist, wenn ich das so lese, doch ein weit gestecktes p\u00e4dagogisches Arbeitsfeld, in dem mein Arbeitsplatz verankert ist, der auch durch die Weimarer Musiklandschaft gepr\u00e4gt ist.<\/p>\n<p>Besuche meiner &#8222;Suzukis&#8220; bei Proben der Weimarer Staatskapelle und meiner gr\u00f6\u00dferen Sch\u00fcler bei den &#8222;Open Stage&#8220;, dem Orchesterworkshop der Staatskapelle in den Osterferien, sind sehr beliebt, finden aber im Jahresplan nicht unbedingt Erw\u00e4hnung.<br \/>\nAuch die Wettbewerbsteilnahme meiner Sch\u00fcler an den Bad Sulzaer Musiktagen im November und die innerschulischen Wettbewerbe, die alle zwei Jahre stattfinden, sind nicht enthalten, aber dennoch sind Weimarer Sch\u00fcler aus meiner Klasse jedes Jahr seit 2003 pr\u00e4sent, immer gerne gesehen und mit guten bis hervorragenden Ergebnissen wieder hochmotiviert davongefahren.<\/p>\n<p>Mir ist es wichtiger, den geistigen und seelenerhaltenden Inhalt der Musik zu vermitteln, als einen Sport aus ihr zu machen, bei dem die Anzahl der richtigen T\u00f6ne oder die schnellste Spielweise des St\u00fcckes z\u00e4hlt. Dieser Schwerpunkt ist zwar durchaus wichtig, steht aber nicht im Vordergrund meiner Arbeit.<br \/>\nHier lege ich mehr Wert auf den Dialog zwischen<\/p>\n<ul>\n<li>Menschen unterschiedlicher Nationen<\/li>\n<li>unterschiedlichen Alters (Elterngruppen, die Geige spielen, gibt es \u00fcbrigens in Weimar auch)<\/li>\n<li>den K\u00fcnsten.<\/li>\n<\/ul>\n<p>Eines meiner Lieblingsprojekte ist beispielsweise, zu Klassenvorspielen oder anderen musikalischen Events auch literarische Beitr\u00e4ge von Eltern oder Kindern mit einflie\u00dfen zu lassen.<br \/>\nIn diesem Jahr wird sogar ein Konzert im Zirkuszelt stattfinden. Da kommt es ebenfalls zu der Verkn\u00fcpfung der unterschiedlichsten Erlebnisbereiche.<br \/>\nIn Weimar gibt es Suzukiarbeit im Kontext der Gegend und der Gegebenheiten, die vor Ort zu finden sind: Dichtergr\u00f6\u00dfen, Musikergr\u00f6\u00dfen und landschaftliche Sch\u00f6nheiten, gepaart mit viel Musikkultur.<\/p>\n<p>Herausforderung, Aufgabe und Freude an der Musik sind die Spannungsfelder, in denen wir uns hier bewegen.<\/p>\n<p>Dorothea &#8211; Friederike Gruppe<\/p>\n<p>********************************************************************<\/p>\n<p><strong>Dorothea-Friederike Gruppe <\/strong>studierte an der Hochschule f\u00fcr Musik \u00bbFranz Liszt\u00ab Weimar bei Prof. Baldur B\u00f6hme. Ab 2002 k\u00fcnstlerisches Aufbaustudium bei Prof. Sukow.<br \/>\nUnterrichtst\u00e4tigkeit in den F\u00e4chern Musikalische Fr\u00fcherziehung und Violine nach der Suzukimethode an der Musikschule \u00bbOttmar Gerster\u00ab in Weimar.<\/p>\n<p>Frau Gruppe ist eine engagierte Lehrerin, Kammermusikerin, Referentin f\u00fcr fr\u00fchinstrumentale Themen und Organisatorin von Workshops.<\/p>\n<p>Dies ist eines ihrer n\u00e4chsten Projekte:<\/p>\n<p><strong>Weimarer Suzuki-Workshop<\/strong><\/p>\n<p>29. Juni \u2013 01. Juli 2012<br \/>\nsuzukiworkshop@gmx.de<\/p>\n","protected":false},"excerpt":{"rendered":"<p>Dorothea-Friederike Gruppe, Suzuki-Violinlehrerin in Weimar A-Lehrerin und Instructor der Deutschen Suzuki Gesellschaft e.V. Hier bei der Suzuki-Lehrerkonferenz in Remscheid, November 2011 Liebe Kolleginnen und Kollegen, Gerne m\u00f6chte ich etwas von&#8230;<\/p>\n","protected":false},"author":2,"featured_media":3271,"comment_status":"closed","ping_status":"closed","sticky":false,"template":"","format":"standard","meta":[],"categories":[19],"tags":[],"_links":{"self":[{"href":"https:\/\/www.germansuzuki.de\/index.php?rest_route=\/wp\/v2\/posts\/3232"}],"collection":[{"href":"https:\/\/www.germansuzuki.de\/index.php?rest_route=\/wp\/v2\/posts"}],"about":[{"href":"https:\/\/www.germansuzuki.de\/index.php?rest_route=\/wp\/v2\/types\/post"}],"author":[{"embeddable":true,"href":"https:\/\/www.germansuzuki.de\/index.php?rest_route=\/wp\/v2\/users\/2"}],"replies":[{"embeddable":true,"href":"https:\/\/www.germansuzuki.de\/index.php?rest_route=%2Fwp%2Fv2%2Fcomments&post=3232"}],"version-history":[{"count":12,"href":"https:\/\/www.germansuzuki.de\/index.php?rest_route=\/wp\/v2\/posts\/3232\/revisions"}],"predecessor-version":[{"id":10774,"href":"https:\/\/www.germansuzuki.de\/index.php?rest_route=\/wp\/v2\/posts\/3232\/revisions\/10774"}],"wp:featuredmedia":[{"embeddable":true,"href":"https:\/\/www.germansuzuki.de\/index.php?rest_route=\/wp\/v2\/media\/3271"}],"wp:attachment":[{"href":"https:\/\/www.germansuzuki.de\/index.php?rest_route=%2Fwp%2Fv2%2Fmedia&parent=3232"}],"wp:term":[{"taxonomy":"category","embeddable":true,"href":"https:\/\/www.germansuzuki.de\/index.php?rest_route=%2Fwp%2Fv2%2Fcategories&post=3232"},{"taxonomy":"post_tag","embeddable":true,"href":"https:\/\/www.germansuzuki.de\/index.php?rest_route=%2Fwp%2Fv2%2Ftags&post=3232"}],"curies":[{"name":"wp","href":"https:\/\/api.w.org\/{rel}","templated":true}]}}