{"id":3088,"date":"2012-02-15T22:41:16","date_gmt":"2012-02-15T20:41:16","guid":{"rendered":"http:\/\/www.germansuzuki.com\/?p=3088"},"modified":"2015-11-22T20:02:40","modified_gmt":"2015-11-22T18:02:40","slug":"terminubersicht","status":"publish","type":"post","link":"https:\/\/www.germansuzuki.de\/?p=3088","title":{"rendered":"Termin\u00fcbersicht 2012"},"content":{"rendered":"<h2><span style=\"color: #0000ff;\"><strong>Veranstaltungen<br \/>\n<span style=\"color: #0000ff;\">von Suzukilehrern der DSG<\/span><\/strong><\/span><\/h2>\n<h4 style=\"text-align: left;\"><strong><span style=\"color: #000000;\">Diese Liste wird st\u00e4ndig aktualisiert.<\/span><\/strong><\/h4>\n<h4 style=\"text-align: left;\"><span style=\"color: #800000;\"><strong>Falls Sie Ihre Veranstaltung eintragen m\u00f6chten, k\u00f6nnen Sie dies in dem unteren Kommentarfeld tun.<\/strong><\/span><\/h4>\n<h2><span style=\"color: #000000;\">16. Februar 2012<\/span><\/h2>\n<p><span style=\"color: #000000;\"><strong>Solo-Konzert<\/strong><br \/>\nzur Vorbereitung der Suzukisch\u00fcler, die am <strong>Landeswettbewerb &#8222;Prima la Musica&#8220;<\/strong> in der Steiermark teilnehmen werden<\/span><\/p>\n<p><span style=\"color: #000000;\">Johannes Brahms Musikschule M\u00fcrzzuschlag, <strong>\u00d6sterreich<\/strong><br \/>\nLeitung: <em><a href=\"http:\/\/www.germansuzuki.com\/?p=3254 \">Simone Mustein<\/a><\/em><strong> <\/strong><\/span><\/p>\n<h4 style=\"text-align: left;\"><span style=\"color: #000000;\"><em><strong>05. &#8211; 09.M\u00e4rz 2012<\/strong><br \/>\nLandeswettbewerb &#8222;Prima la Musica&#8220; in der Steiermark, \u00d6sterreich<\/em><\/span><\/h4>\n<p><span style=\"color: #000000;\"><em><br \/>\n<\/em><\/span><\/p>\n<h2 style=\"text-align: left;\"><span style=\"color: #000000;\">22.-27. Februar 2012<\/span><\/h2>\n<p style=\"text-align: left;\"><span style=\"color: #000000;\"><strong>Lehrerkurs der Stufe 5: Intensivwoche in Galilea (Mallorca\/Spanien)<\/strong><br \/>\nLeitung:<strong> <\/strong><a href=\"http:\/\/www.junge-camerata-academica.de\/\"><em>Isabel Morey Suau<\/em><\/a><\/span><\/p>\n<p style=\"text-align: left;\"><span style=\"color: #000000;\"><em><br \/>\n<\/em><\/span><\/p>\n<h2 style=\"text-align: left;\"><span style=\"color: #000000;\">24. &amp; 25. Februar 2012<\/span><\/h2>\n<p style=\"text-align: left;\"><span style=\"color: #000000;\"><strong>24. Februar 2012: Solo-Konzert <\/strong>im Beethovensaal in Grinzing, Wien \/ <strong>\u00d6sterreich<\/strong><br \/>\nzur Vorbereitung der Suzukisch\u00fcler, die am <strong>Landeswettbewerb &#8222;Prima la Musica&#8220;<\/strong> f\u00fcr Nieder\u00f6sterreich in St. P\u00f6lten teilnehmen werden<br \/>\n<\/span><\/p>\n<p style=\"text-align: left;\"><span style=\"color: #000000;\"><strong>25. Februar 2012: Solo-Konzert <\/strong>im &#8222;Studio Wien&#8220;<br \/>\nzur Vorbereitung der Suzukisch\u00fcler, die am <strong>Landeswettbewerb &#8222;Prima la Musica&#8220;<\/strong> f\u00fcr Nieder\u00f6sterreich in St. P\u00f6lten teilnehmen werden<\/span><\/p>\n<p style=\"text-align: left;\"><span style=\"color: #000000;\">Musikschule Gerasdorf bei Wien, \u00d6sterreich<br \/>\nAnsprechpartner: <a href=\"http:\/\/www.germansuzuki.com\/?p=3263\"><em>Pia Karls<\/em><\/a> und <em><a href=\"http:\/\/musikschulegerasdorf.at\/lehrer\/andreamugrauerbeis\/\">Andrea Mugrauer-Beis<\/a><\/em><\/span><\/p>\n<h4 style=\"text-align: left;\"><span style=\"color: #000000;\"><em><strong>27.02 &#8211; 02.03.2012<\/strong><br \/>\nLandeswettbewerb &#8222;Prima la Musica&#8220; f\u00fcr Nieder\u00f6sterreich in St. P\u00f6lten<\/em><\/span><\/h4>\n<p><span style=\"color: #000000;\"><em><br \/>\n<\/em><\/span><\/p>\n<h2><span style=\"color: #000000;\">29. Februar 2012<\/span><\/h2>\n<p><span style=\"color: #000000;\"><strong>Solo-Konzert<\/strong><br \/>\nzur Vorbereitung der Suzukisch\u00fcler, die am <strong>Landeswettbewerb &#8222;Prima la Musica&#8220;<\/strong> teilnehmen werden<\/span><\/p>\n<p><span style=\"color: #000000;\">Saal der Musikschule Knittelfeld, <strong>\u00d6sterreich<\/strong><br \/>\nLeitung: <a href=\"http:\/\/www.germansuzuki.com\/?p=3276\"><em>Gabriele Vollmer<\/em><\/a><\/span><\/p>\n<p><span style=\"color: #000000;\"><em><br \/>\n<\/em><\/span><\/p>\n<h2 style=\"text-align: left;\"><span style=\"color: #000000;\">03.-04. M\u00e4rz 2012<\/span><\/h2>\n<p style=\"text-align: left;\"><span style=\"color: #000000;\"><strong>Lehrerkurs der Stufen 1 &amp; 2 in D\u00fcsseldorf<\/strong><br \/>\nLeitung: <a href=\"http:\/\/www.germansuzuki.com\/?page_id=1970\"><em>Kathrin Averdung<\/em><\/a><\/span><\/p>\n<p style=\"text-align: left;\"><span style=\"color: #000000;\"><em><br \/>\n<\/em><\/span><\/p>\n<h2><span style=\"color: #000000;\">08.-10. M\u00e4rz 2012<\/span><\/h2>\n<p><span style=\"color: #000000;\"><a href=\"http:\/\/www.suzuki-musikkreis-ingolstadt.de\/\"><strong>Suzuki-Musikkreis Ingolstadt e.V.<\/strong><\/a><br \/>\nAnerkannte Ausbildungsst\u00e4tte der Deutschen Suzuki Gesellschaft<\/span><\/p>\n<p><span style=\"color: #000000;\"><strong>2012 &#8211; ein dreifaches Jubil\u00e4umsjahr f\u00fcr den Suzuki-Musikkreis Ingolstadt!<\/strong><br \/>\nLeitung: <em><a href=\"http:\/\/www.suzuki-musikkreis-ingolstadt.de\/index.php\/wir-ueber-uns\/unsere-lehrkraefte\/77-keine-kategorie\/90\">Veronika Kimiti<\/a><\/em><\/span><\/p>\n<p><span style=\"color: #000000;\"><em><br \/>\n<\/em><\/span><\/p>\n<h2><span style=\"color: #000000;\">08.-10. M\u00e4rz 2012<\/span><\/h2>\n<p><span style=\"color: #000000;\"><strong>Suzuki-Lehrerkurs<br \/>\nStufe I und Stufe 5 bei Isabel Morey Suau<\/strong><\/span><\/p>\n<p><span style=\"color: #000000;\">Unterrichtshospitation mit Nachbesprechung und Meinungsaustausch der Kursteilnehmer<br \/>\nin Kiel\/ Pl\u00f6n<\/span><\/p>\n<p style=\"text-align: left;\"><span style=\"color: #000000;\"><br \/>\n<\/span><\/p>\n<h2 style=\"text-align: left;\"><span style=\"color: #000000;\">08.-12. M\u00e4rz 2012<br \/>\n<\/span><\/h2>\n<p><span style=\"color: #000000;\"><strong>Austausch <\/strong><strong>der &#8222;Jungen Camerata Academica&#8220; <\/strong><strong>mit Suzukisch\u00fclern aus ganz \u00d6sterreich in Kiel<\/strong><\/span><\/p>\n<p style=\"text-align: left;\"><span style=\"color: #000000;\"><strong>Junge Camerata Academica e.V.<\/strong><br \/>\nAnerkannte Ausbildungsst\u00e4tte der Deutschen Suzuki Gesellschaft<br \/>\n<\/span><\/p>\n<p style=\"text-align: left;\"><span style=\"color: #000000;\"><strong>Johannes Brahms Musikschule, M\u00fcrzzuschlag \/ \u00d6sterreich<\/strong><br \/>\n<strong>J.S. Bach Musikschule<\/strong>, <strong>Wien <\/strong>\/ <strong> \u00d6sterreich<\/strong><br \/>\nLeitung der \u00f6sterreichischen Gruppe: <em><a href=\"http:\/\/www.germansuzuki.com\/?p=3254\">Simone Mustein<\/a><\/em><\/span><\/p>\n<p style=\"text-align: left;\"><span style=\"color: #000000;\"> Gesamtleitung: <a href=\"http:\/\/www.junge-camerata-academica.de\/\"><em>Isabel Morey Suau<\/em><\/a><\/span><\/p>\n<p style=\"text-align: left;\"><span style=\"color: #000000;\"><em><br \/>\n<\/em><\/span><\/p>\n<h2 style=\"text-align: left;\"><span style=\"color: #000000;\">09. M\u00e4rz 2012, 19:00 Uhr<\/span><\/h2>\n<p style=\"text-align: left;\"><span style=\"color: #000000;\"><span style=\"color: #000000;\"><strong>Junge Camerata Academica e.V.<\/strong><\/span><br \/>\nAnerkannte Ausbildungsst\u00e4tte der Deutschen Suzuki Gesellschaft<\/span><\/p>\n<p style=\"text-align: left;\"><span style=\"color: #000000;\"><strong>Konzert der deutschen und der \u00f6sterreichischen Suzukisch\u00fcler in der Petruskirche Kiel<\/strong><br \/>\nLeitung: <a href=\"http:\/\/www.junge-camerata-academica.de\/\"><em>Isabel Morey Suau<\/em><\/a><\/span><\/p>\n<p style=\"text-align: left;\"><span style=\"color: #000000;\"><em><br \/>\n<\/em><\/span><\/p>\n<p style=\"text-align: left;\"><span style=\"color: #000000;\"><strong> <\/strong><\/span><\/p>\n<p style=\"text-align: left;\"><span style=\"color: #000000;\"><strong> <\/strong><\/span><\/p>\n<h2 style=\"text-align: left;\"><span style=\"color: #000000;\">10. M\u00e4rz 2012, 19:00 Uhr<\/span><\/h2>\n<p style=\"text-align: left;\"><span style=\"color: #000000;\"><strong>Junge Camerata Academica e.V.<\/strong><br \/>\nAnerkannte Ausbildungsst\u00e4tte der Deutschen Suzuki Gesellschaft<br \/>\nLeitung: <a href=\"http:\/\/www.junge-camerata-academica.de\/\"><em>Isabel Morey Suau<\/em><\/a><\/span><\/p>\n<p style=\"text-align: left;\"><span style=\"color: #000000;\"><strong>Konzert der deutschen und der \u00f6sterreichischen Suzukisch\u00fcler <\/strong><strong>in der Nikolaikirche Pl\u00f6n<\/strong><\/span><\/p>\n<p style=\"text-align: left;\"><span style=\"color: #000000;\"><strong><br \/>\n<\/strong><\/span><\/p>\n<p style=\"text-align: left;\">\n<h2><span style=\"color: #000000;\">12. M\u00e4rz 2012<\/span><\/h2>\n<p><strong>Suzuki-Lehrerkurs<\/strong><strong><strong> der Stufe I<br \/>\n<\/strong><\/strong>Unterrichtshospitation in Preetz bei Kiel<\/p>\n<p><a href=\"http:\/\/www.junge-camerata-academica.de\/\"><em>Isabel Morey Suau<\/em><\/a><\/p>\n<p><em><br \/>\n<\/em><\/p>\n<p style=\"text-align: left;\"><span style=\"color: #000000;\"><strong> <\/strong><\/span><\/p>\n<h2><span style=\"color: #000000;\">14. M\u00e4rz 2012<\/span><\/h2>\n<p><span style=\"color: #000000;\">Vorspielabend der\u00a0Suzuki-Geigenklassen <em><a href=\"http:\/\/www.germansuzuki.com\/?p=3263\">Pia Karls<\/a><\/em> und <em><a href=\"http:\/\/musikschulegerasdorf.at\/lehrer\/andreamugrauerbeis\/\">Andrea Mugrauer-Beis<\/a><\/em> im Stadtsaal<br \/>\nMusikschule Gerasdorf bei Wien \/ <strong>\u00d6sterreich<\/strong><\/span><\/p>\n<p><span style=\"color: #000000;\"><br \/>\n<\/span><\/p>\n<h2><span style=\"color: #000000;\">14. M\u00e4rz 2012<\/span><\/h2>\n<p><span style=\"color: #000000;\"><strong>Klassenabend <\/strong><br \/>\nder Suzukigeigenklasse <a href=\"http:\/\/www.germansuzuki.com\/?p=3276\"><em>Gabriele Vollmer<\/em><\/a><\/span><\/p>\n<p><span style=\"color: #000000;\">Saal der Musikschule Knittelfeld, <strong>\u00d6sterreich<\/strong><\/span><\/p>\n<p><span style=\"color: #000000;\"><strong><br \/>\n<\/strong><\/span><\/p>\n<h2><span style=\"color: #000000;\">18. M\u00e4rz 2012, 15:00 Uhr<\/span><\/h2>\n<p><span style=\"color: #000000;\"><strong>Kammerkonzert des Hattingener Suzuki-Ensembles<br \/>\nf\u00fcr schwer erkrankte Kinder und deren Familien <\/strong><\/span><\/p>\n<p><span style=\"color: #000000;\">Kinderpalliativzentrum Datteln<br \/>\nVestische Kinder- und Jugendklinik<br \/>\nDatteln, Dr.-Friedrich-Steiner-Str. 5, 45711 Datteln<br \/>\nLeitung: <em> <\/em><em><a href=\"..\/wp-content\/uploads\/2012\/02\/Koszalka.pdf\">Maria Koszalka<\/a><\/em><\/span><\/p>\n<p><span style=\"color: #000000;\"><em><br \/>\n<\/em><\/span><\/p>\n<h2><span style=\"color: #000000;\">20. M\u00e4rz 2012, 15:00 Uhr<\/span><\/h2>\n<p><span style=\"color: #000000;\"><strong>Vorspiel der Violinklasse <\/strong><a href=\"http:\/\/www.germansuzuki.com\/?page_id=1970\"> <\/a><em><a href=\"http:\/\/www.germansuzuki.com\/?page_id=1970\">Constanze Wurzel<\/a><a title=\"http:\/\/www.germansuzuki.com\/?page_id=1970\" href=\"http:\/\/\/\"><br \/>\n<\/a><\/em>Grundschule Siepen<br \/>\nWolfstr. 13, 42855 <em> <\/em>Remscheid<\/span><\/p>\n<p><span style=\"color: #000000;\"><br \/>\n<\/span><\/p>\n<h2><span style=\"color: #000000;\">24.-25. M\u00e4rz 2012<\/span><\/h2>\n<p><span style=\"color: #000000;\"><strong>Lehrerkurs der Stufen 1 &amp; 2 in D\u00fcsseldorf<\/strong><br \/>\nLeitung: <a href=\"..\/?page_id=1970\"><em>Kathrin Averdung<\/em><\/a><\/span><\/p>\n<p><span style=\"color: #000000;\"><br \/>\n<\/span><\/p>\n<h2><span style=\"color: #000000;\">28. M\u00e4rz 2012<\/span><\/h2>\n<p><span style=\"color: #000000;\"><strong>Lehrerkurs der Stufe 5 in D\u00fcsseldorf<\/strong><br \/>\nLeitung: <a href=\"http:\/\/www.germansuzuki.com\/?page_id=1970\"><em>Kathrin Averdung<\/em><\/a><\/span><\/p>\n<p><span style=\"color: #000000;\"><em><br \/>\n<\/em><\/span><\/p>\n<h2><span style=\"color: #000000;\">03.-11. April 2012<\/span><\/h2>\n<p><span style=\"color: #000000;\"><strong>Konzertreise nach Antalya \/ T\u00fcrkei<\/strong><br \/>\nmit 30 Sch\u00fclern<strong><br \/>\nLeitung:<\/strong> <em><a href=\"http:\/\/www.hinzundkunzt.de\/nachrichten\/220-geigen-fur-altona-2\/\">Gino Romero-Ramirez<\/a><\/em><\/span><\/p>\n<p><span style=\"color: #000000;\"><em><br \/>\n<\/em><\/span><\/p>\n<h2><span style=\"color: #000000;\">11.-14. April 2012<\/span><\/h2>\n<p><span style=\"color: #000000;\"><span style=\"text-decoration: underline;\"><a href=\"..\/?p=3118\"><strong>Suzuki Fiddler Fest 2012 in Weinstadt-Beutelsbach<\/strong><\/a><\/span><\/span><\/p>\n<p><span style=\"color: #000000;\"><strong>Workshop f\u00fcr Suzuki-Geigen- und Cellosch\u00fcler<br \/>\n<\/strong>Leitung: <a href=\"..\/?page_id=1970\"><em>Mike Hoover<\/em><\/a><\/span><\/p>\n<p><span style=\"color: #000000;\"><em><br \/>\n<\/em><\/span><\/p>\n<h2><span style=\"color: #000000;\">21.-22. April 2012<\/span><\/h2>\n<p><span style=\"color: #000000;\"><strong>Lehrerkurs f\u00fcr Violine der Stufen 1 &amp; 2 in D\u00fcsseldorf<\/strong><br \/>\nLeitung: <a href=\"http:\/\/www.germansuzuki.com\/?page_id=1970\"><em>Kathrin Averdung<\/em><\/a><\/span><\/p>\n<p><span style=\"color: #000000;\"><em><br \/>\n<\/em><\/span><\/p>\n<h2><span style=\"color: #000000;\">21.-22. April 2012<\/span><\/h2>\n<p><span style=\"color: #000000;\"><strong>Lehrerkurs f\u00fcr Cello in Plochingen<\/strong><br \/>\nLeitung: <a href=\"..\/?page_id=1970\"><em>Carol Bez<\/em><\/a><\/span><\/p>\n<p><span style=\"color: #000000;\"><em><br \/>\n<\/em><\/span><\/p>\n<h2><span style=\"color: #000000;\">23. April 2012<\/span><\/h2>\n<p><span style=\"color: #000000;\"><strong>Suzuki-Lehrerkurs<\/strong><strong><strong> der Stufe I<br \/>\n<\/strong><\/strong>Unterrichtshospitation in Preetz bei Kiel<\/span><\/p>\n<p><span style=\"color: #000000;\"><a href=\"http:\/\/www.junge-camerata-academica.de\/\"><em>Isabel Morey Suau<\/em><\/a><\/span><\/p>\n<p><span style=\"color: #000000;\"><em><br \/>\n<\/em><\/span><\/p>\n<h2><span style=\"color: #000000;\">24. April 2012<\/span><\/h2>\n<p><span style=\"color: #000000;\"><strong>Ensemble Konzert\u00a0f\u00fcr Suzuki Cello Sch\u00fcler <\/strong><br \/>\nan der Musikschule Plochingen<br \/>\nLeitung: <a href=\"..\/?page_id=1970\"><em>Carol Bez<\/em><\/a> und<strong><em> Ulrike Volle<\/em><\/strong><\/span><\/p>\n<p><span style=\"color: #000000;\"><strong><em><br \/>\n<\/em><\/strong><\/span><\/p>\n<h2><span style=\"color: #000000;\">26. April 2012<\/span><\/h2>\n<p><span style=\"color: #000000;\"><strong>Suzukikinder als Solisten <\/strong><br \/>\nwerden begleitet vom M\u00fcrztaler Sinfonieorchester<br \/>\nStadtsaal M\u00fcrzzuschlag<br \/>\nEs spielen Sch\u00fcler der Klasse <em><a href=\"http:\/\/www.germansuzuki.com\/?p=3254\">Simone Mustein<\/a><\/em><br \/>\nJohannes<strong><strong> <\/strong><\/strong>Brahms Musikschule, M\u00fcrzzuschlag \/ <strong>\u00d6sterreich<\/strong><\/span><\/p>\n<p><span style=\"color: #000000;\"><strong><br \/>\n<\/strong><\/span><\/p>\n<h2><span style=\"color: #000000;\">07. Mai 2012<\/span><\/h2>\n<p><span style=\"color: #000000;\"><strong>Suzuki-Lehrerkurs<\/strong><strong><strong> der Stufe I<br \/>\n<\/strong><\/strong>Unterrichtshospitation in Preetz bei Kiel<\/span><\/p>\n<p><span style=\"color: #000000;\"><a href=\"http:\/\/www.junge-camerata-academica.de\/\"><em>Isabel Morey Suau<\/em><\/a><\/span><\/p>\n<p><span style=\"color: #000000;\"><strong><br \/>\n<\/strong><\/span><\/p>\n<h2><span style=\"color: #000000;\">11. Mai 2012, 14:00 &#8211; 18:00 Uhr<\/span><\/h2>\n<p><span style=\"color: #000000;\"><strong>Schwerpunktthema \u201eSuzuki Geigenklasse\u201c<\/strong><br \/>\nTag der Nieder\u00f6sterreichischen Musikschulen und Tag der offenen T\u00fcr der Musikschule Gerasdorf bei Wien \/ \u00d6sterreich<br \/>\nPr\u00e4sentationen, Vortr\u00e4ge, Unterrichtsdemonstration: <a href=\"..\/?p=3263\"><em>Pia Karls<\/em><\/a> und <em><a href=\"http:\/\/musikschulegerasdorf.at\/lehrer\/andreamugrauerbeis\/\">Andrea Mugrauer-Beis<\/a><\/em><\/span><\/p>\n<p><span style=\"color: #000000;\"><em><br \/>\n<\/em><\/span><\/p>\n<h2><span style=\"color: #000000;\">16. Mai 2012<\/span><\/h2>\n<p><span style=\"color: #000000;\"><strong>Streicherkonzert der Suzukisch\u00fcler im Kunsthaus M\u00fcrzzuschlag<\/strong><br \/>\nEs musizieren Suzukisch\u00fcler der Johannes Brahms Musikschule M\u00fcrzzuschlag, <strong>\u00d6<\/strong><strong>sterreich<\/strong><br \/>\nLeitung: <em><a href=\"..\/?p=3254\">Simone Mustein<\/a><\/em><\/span><\/p>\n<p><span style=\"color: #000000;\"><em><br \/>\n<\/em><\/span><\/p>\n<h2><span style=\"color: #000000;\">01.-03. Juni 2012<\/span><\/h2>\n<p><span style=\"color: #000000;\"><strong>Junge Camerata Academica e.V.<\/strong><br \/>\nAnerkannte Ausbildungsst\u00e4tte der Deutschen Suzuki Gesellschaft<br \/>\nLeitung: <a href=\"http:\/\/www.junge-camerata-academica.de\/\"><em>Isabel Morey Suau<\/em><\/a><\/span><\/p>\n<p><span style=\"color: #000000;\"><strong>Interner Workshop<\/strong><\/span><\/p>\n<p><span style=\"color: #000000;\"><strong><br \/>\n<\/strong><\/span><\/p>\n<h2><span style=\"color: #000000;\">01.-03. Juni 2012<\/span><\/h2>\n<p><span style=\"color: #000000;\"><strong>Geigenfreizeit in der Jugendherberge Hochspeyer<\/strong><br \/>\nLeitung: <a href=\"..\/?p=3141\"><em>Liana Mogilevskaja<\/em><\/a><\/span><\/p>\n<p><span style=\"color: #000000;\"><em><br \/>\n<\/em><\/span><\/p>\n<h2><span style=\"color: #000000;\">03. Juni 2012, 19:00 Uhr<\/span><\/h2>\n<p><span style=\"color: #000000;\"><strong>Junge Camerata Academica e.V.<\/strong><br \/>\nAnerkannte Ausbildungsst\u00e4tte der Deutschen Suzuki Gesellschaft<br \/>\nLeitung: <a href=\"http:\/\/www.junge-camerata-academica.de\/\"><em>Isabel Morey Suau<\/em><\/a><\/span><\/p>\n<p><span style=\"color: #000000;\"><strong>Konzert \u201eZur Gr\u00fcnen Note\u201c in der Nikolaikirche Pl\u00f6n<\/strong><\/span><\/p>\n<p><span style=\"color: #000000;\"><strong><br \/>\n<\/strong><\/span><\/p>\n<h2><span style=\"color: #000000;\">03. Juni 2012, 15:00 Uhr<\/span><\/h2>\n<p><span style=\"color: #000000;\"><strong>Sommervorspiel der Violinklasse <\/strong><em><a href=\"http:\/\/www.germansuzuki.com\/?page_id=1970\">Constanze Wurzel<\/a><a title=\"http:\/\/www.germansuzuki.com\/?page_id=1970\" href=\"http:\/\/\/\"><br \/>\n<\/a><\/em>Grundschule Siepen<br \/>\nWolfstr. 13, 42855 Remscheid<\/span><\/p>\n<p><span style=\"color: #000000;\"><br \/>\n<\/span><\/p>\n<h2><span style=\"color: #000000;\">04. Juni 2012<\/span><\/h2>\n<p><span style=\"color: #000000;\"><strong>Suzuki-Lehrerkurs<\/strong><strong><strong> der Stufe I<br \/>\n<\/strong><\/strong>Unterrichtshospitation in Preetz bei Kiel<\/span><\/p>\n<p><a href=\"http:\/\/www.junge-camerata-academica.de\/\"><em>Isabel Morey Suau<\/em><\/a><\/p>\n<p><span style=\"color: #000000;\"><br \/>\n<\/span><\/p>\n<h2><span style=\"color: #000000;\">06. Juni 2012, 18:00 Uhr<\/span><\/h2>\n<p><span style=\"color: #000000;\"><strong>Kinderkammerkonzert<\/strong><br \/>\nViolinklasse <a href=\"..\/?page_id=1970\"><em>Kathrin Averdung<\/em><\/a><strong> <\/strong> &amp; Querfl\u00f6tenklasse <em><strong>Martina Schultze<\/strong><\/em><\/span><\/p>\n<p><span style=\"color: #000000;\"><strong>Aula des Schlo\u00df-Gymnasiums Benrath<\/strong><br \/>\nHospitalstr. 45<br \/>\n40597 D\u00fcsseldorf<\/span><\/p>\n<p><span style=\"color: #000000;\"><em><br \/>\n<\/em><\/span><\/p>\n<h2><span style=\"color: #000000;\">07. &#8211; 10. Juni 2012<\/span><\/h2>\n<p><span style=\"color: #000000;\"><strong>Workshop auf der Burg Gemen<br \/>\n<\/strong>Unser Zusammensein mit Musik, Gesang und Tanz<br \/>\nsteht diesmal unter dem Motto:<br \/>\n&#8222;Musik aus einer anderen Welt&#8220;<br \/>\nLeitung: <a href=\"http:\/\/www.suzuki-violinschule.de\/\"><em>Hans-Martin Schwindt<\/em><\/a><\/span><\/p>\n<p><span style=\"color: #000000;\"><em><a href=\"http:\/\/www.germansuzuki.com\/wp-content\/uploads\/2012\/02\/Flyer_Schwindt.pdf\">Workshop-Infos<\/a><br \/>\n<\/em><\/span><\/p>\n<p><span style=\"color: #000000;\"><em><br \/>\n<\/em><\/span><\/p>\n<h2><span style=\"color: #000000;\">11.-16. Juni 2012<\/span><\/h2>\n<p><span style=\"color: #000000;\"><strong>Gro\u00dfes Suzuki-Familienfest<br \/>\nim Rahmen der Projektwoche in der Musikschule<\/strong><br \/>\nHattingen, Bredenscheider Str. 10.<br \/>\nSuzuki-Sch\u00fcler ab 3 Jahre bis Fortgeschrittene musizieren gemeinsam mit<br \/>\nEltern, Gro\u00dfeltern, Geschwister, Tanten &amp; Onkeln, &#8230;.<br \/>\n<strong>Beim Abschlusskonzert am 16. Juni 2012 musizieren<\/strong> <strong> die Angeh\u00f6rigen zusammen mit allen Suzuki-Sch\u00fclern.<\/strong><br \/>\nLeitung: <em><a href=\"..\/wp-content\/uploads\/2012\/02\/Koszalka.pdf\">Maria Koszalka<\/a><\/em><\/span><\/p>\n<p><span style=\"color: #000000;\"><em><br \/>\n<\/em><\/span><\/p>\n<h2><span style=\"color: #000000;\">13. Juni 2012<\/span><\/h2>\n<p><span style=\"color: #000000;\"><strong>Abschlu\u00dfkonzert zum Schuljahrsende<\/strong><br \/>\nSuzuki-Klassen der Musikschule Gerasdorf bei Wien \/ \u00d6sterreich<br \/>\nLeitung: <a href=\"..\/?p=3263\"><em>Pia Karls<\/em><\/a> &amp; <em><a href=\"http:\/\/musikschulegerasdorf.at\/lehrer\/andreamugrauerbeis\/\">Andrea Mugrauer-Beis<\/a><\/em><\/span><\/p>\n<p><span style=\"color: #000000;\"><em><br \/>\n<\/em><\/span><\/p>\n<h2><span style=\"color: #000000;\">16. Juni 2012<\/span><\/h2>\n<p><span style=\"color: #000000;\"><strong>Altonaer Fischauktionshalle Hamburg<\/strong><br \/>\n<strong>Gro\u00dfes Kinderkonzert mit 250 Suzuki-Geigensch\u00fclern<\/strong><\/span> <span style=\"color: #000000;\"><br \/>\nLeitung:<strong> <\/strong><em><a href=\"http:\/\/www.hinzundkunzt.de\/nachrichten\/220-geigen-fur-altona-2\/\">Gino Romero-Ramirez<\/a><\/em><\/span><\/p>\n<p><span style=\"color: #000000;\"><em><br \/>\n<\/em><\/span><\/p>\n<h2><span style=\"color: #000000;\">13.-17. Juni 2012<\/span><\/h2>\n<p><span style=\"color: #000000;\"><strong>Lehrerkurs der Sufe 5:<br \/>\nF\u00fcnft\u00e4gige Pr\u00fcfungsvorbereitungsphase in der Akademie Remscheid<br \/>\nTeacher Trainer und Dozenten: <\/strong><em>Kerstin Wartberg, Isabel Morey Suau, <a href=\"http:\/\/www.germansuzuki.com\/?p=3216\">Rudolf G\u00e4hler<\/a><\/em><\/span><\/p>\n<p><span style=\"color: #000000;\"><em><br \/>\n<\/em><\/span><\/p>\n<p><span style=\"color: #000000;\"><strong> <\/strong><\/span><\/p>\n<p><span style=\"color: #000000;\"><strong> <\/strong><\/span><\/p>\n<h2><span style=\"color: #000000;\">14.-17. Juni 2012<\/span><\/h2>\n<p><span style=\"color: #000000;\"><strong>Lehrerkurs der Sufe 1-2:<br \/>\nViert\u00e4gige Pr\u00fcfungsvorbereitungsphase in der Akademie Remscheid<br \/>\n<\/strong>Leitung:<strong> <\/strong><a href=\"..\/?page_id=203\"><em>Kerstin Wartberg<\/em><\/a><\/span><\/p>\n<p><span style=\"color: #000000;\"><em><br \/>\n<\/em><\/span><\/p>\n<h2><span style=\"color: #000000;\">15.-17. Juni 2012<\/span><\/h2>\n<p><span style=\"color: #000000;\"><strong>F\u00fcr Teilnehmer aller Lehrerkurse:<br \/>\nDreit\u00e4gige Pr\u00fcfungsvorbereitungsphase in der Akademie Remscheid<br \/>\n<\/strong><strong>Teacher Trainer und Dozenten: <\/strong><a href=\"http:\/\/www.germansuzuki.com\/?page_id=1970\"><em>Kathrin Averdung<\/em><\/a><strong>,<\/strong><strong> <\/strong><strong> <\/strong><em><a href=\"..\/?p=3216\">Rudolf G\u00e4hler<\/a><\/em><strong>, <\/strong><a href=\"http:\/\/www.germansuzuki.com\/?page_id=1970\"><em>Mike Hoover<\/em><\/a><strong>, <\/strong><strong> <\/strong><a href=\"http:\/\/www.germansuzuki.com\/?page_id=1970\"><em>Isabel Morey Suau<\/em><em> <\/em><\/a><strong>,<\/strong><strong> <\/strong><a href=\"http:\/\/www.germansuzuki.com\/?page_id=1970\"><em>Andrea Mugrauer-Beis<\/em><\/a> <strong>,<\/strong><strong> <\/strong><a href=\"http:\/\/www.germansuzuki.com\/?page_id=203\"><em>Kerstin Wartberg<\/em><\/a><\/span><\/p>\n<p><span style=\"color: #000000;\"><em><br \/>\n<\/em><\/span><\/p>\n<h2><span style=\"color: #000000;\">23. Juni 2012, 10:00 Uhr<\/span><\/h2>\n<p><span style=\"color: #000000;\"><strong>Suzuki-Sommer-Konzert<\/strong><br \/>\n<strong>Emmaus-Kirche, Kassel-Brasselsberg<\/strong><\/span> <span style=\"color: #000000;\"><br \/>\n<strong> <\/strong>Leitung: <\/span> <span style=\"color: #000000;\"> <em><strong>Veronika Glei\u00dfner-Fellmann<\/strong><\/em><\/span><\/p>\n<p><span style=\"color: #000000;\"><em><strong><br \/>\n<\/strong><\/em><\/span><\/p>\n<h2><span style=\"color: #000000;\">23. Juni 2012<\/span><\/h2>\n<p><span style=\"color: #000000;\"><strong>Europ\u00e4isches Lehrerexamen f\u00fcr Cello<\/strong><strong><br \/>\nin Plochingen<br \/>\n<\/strong>Leitung: <a href=\"..\/?page_id=1970\"><em>Carol Bez<\/em><\/a><\/span><\/p>\n<p><span style=\"color: #000000;\"><em><br \/>\n<\/em><\/span><\/p>\n<h2><span style=\"color: #000000;\">25. Juni 2012<\/span><\/h2>\n<p><span style=\"color: #000000;\"><strong>Suzuki-Lehrerkurs<\/strong><strong><strong> der Stufe I<br \/>\n<\/strong><\/strong>Unterrichtshospitation in Preetz bei Kiel<\/span><\/p>\n<p><span style=\"color: #000000;\"><a href=\"http:\/\/www.junge-camerata-academica.de\/\"><em>Isabel Morey Suau<\/em><\/a><\/span><\/p>\n<p><span style=\"color: #000000;\"><em><br \/>\n<\/em><\/span><\/p>\n<h2><span style=\"color: #000000;\">29. Juni \u2013 01. Juli 2012<\/span><\/h2>\n<p><span style=\"color: #000000;\"><strong>Weimarer Suzuki-Workshop<\/strong><\/span><\/p>\n<p><span style=\"color: #000000;\">Formlose Anmeldung unter: suzukiworkshop@gmx.de<br \/>\nLeitung: <a href=\"http:\/\/www.germansuzuki.com\/?p=3232\"><em>Dorothea-Friederike Gruppe<\/em><\/a><\/span><\/p>\n<p><span style=\"color: #000000;\"><em><br \/>\n<\/em><\/span><\/p>\n<h2><span style=\"color: #000000;\">05. Juli 2012, 16:00 Uhr<\/span><\/h2>\n<p><span style=\"color: #000000;\"><strong>Sommerkonzert des Suzuki-Kinder-Streichensembles <\/strong><br \/>\nim Altenhem St. Joseph<br \/>\nHattingen, Brandstr. 9<br \/>\nLeitung: <em><a href=\"..\/wp-content\/uploads\/2012\/02\/Koszalka.pdf\">Maria Koszalka<\/a><\/em><\/span><\/p>\n<p><span style=\"color: #000000;\"><em><br \/>\n<\/em><\/span><\/p>\n<h2><span style=\"color: #000000;\">06.-08. Juli 2012<\/span><\/h2>\n<p><span style=\"color: #000000;\"><strong>Nationales und Europ\u00e4isches Lehrerexamen f\u00fcr Violine<\/strong><strong><br \/>\nin der Akademie Remscheid<\/strong><\/span><\/p>\n<p><span style=\"color: #000000;\"><strong><br \/>\n<\/strong><\/span><\/p>\n<h2><span style=\"color: #000000;\">07. Juli 2012<\/span><\/h2>\n<p><span style=\"color: #000000;\"><strong>Cello Ensemble Auftritt<\/strong><br \/>\nbeim Tag der offenen T\u00fcr an der Musikschule Plochingen<\/span><\/p>\n<p><span style=\"color: #000000;\">Leitung: <a href=\"..\/?page_id=1970\"><em>Carol Bez<\/em><\/a> und Ulrike Volle<\/span><\/p>\n<p><span style=\"color: #000000;\"><br \/>\n<\/span><\/p>\n<h2><span style=\"color: #000000;\">15. Juli 2012. 11:00 Uhr<br \/>\n<\/span><\/h2>\n<p><span style=\"color: #000000;\"><strong>3. Benefizkonzert<\/strong><br \/>\nder Streichermusikschule Erfurt im Rathausfestsaal zu  Erfurt. <\/span><\/p>\n<p><span style=\"color: #000000;\">Diesmal f\u00fcr den Aufbau eines Frauenzentrums in der Partnerstadt  Erfurts, Kati, in Mali. Ein Konzert gemeinsam mit den  Suzuki-Geigensch\u00fclern der Musikschule Weimar. Mit Unterst\u00fctzung der  Stadt Erfurt und des Erfurter Kammermusikvereins.<br \/>\n<\/span><\/p>\n<p><span style=\"color: #000000;\">Leitung: <a href=\"http:\/\/www.streicherschule-erfurt.de\/p\/uber-uns.html\">Dorothee Schmidt<\/a> und <a href=\"http:\/\/www.germansuzuki.com\/?p=3232\">Dorothea-Friederike Gruppe<\/a><\/span><\/p>\n<p><span style=\"color: #000000;\"><br \/>\n<\/span><\/p>\n<p><span style=\"color: #000000;\"><strong> <\/strong><\/span><\/p>\n<h2><span style=\"color: #000000;\">02.-05. August 2012<\/span><\/h2>\n<p><span style=\"color: #000000;\"><strong>Internationaler Suzuki-Workshop M\u00fcrzzuschlag (\u00d6sterreich)<\/strong><br \/>\nLeitung: <a href=\"http:\/\/brahmsmusicschool.at\/index.php?id=272\"><em>Elisabeth Schmetterer<\/em><\/a><\/span><\/p>\n<p><span style=\"color: #000000;\"><strong><a href=\"http:\/\/www.germansuzuki.com\/wp-content\/uploads\/2012\/02\/Suzukitage_2012_web-1.pdf\">Folder und Anmeldeformulare<\/a><\/strong><\/span><\/p>\n<p><span style=\"color: #000000;\"><strong><br \/>\n<\/strong><\/span><\/p>\n<h2><span style=\"color: #000000;\">24. August 2012, 16:00 Uhr<\/span><\/h2>\n<p><strong>Die junge Suzuki-Violin-Sch\u00fclerinnen<br \/>\nEmilia Brockhaus (7 Jahre) und Helena Happich (8 Jahre)<br \/>\nder Musikschule Hattingen<\/strong><strong> spielen u.a. klassische Werke<br \/>\nvon Brahms, Boehm, Mollenhauer, Paganini und Smetana im Rahmen einer Seniorenfeier<\/strong><\/p>\n<p>in Bredenscheid, Mehrzweckhalle der Grundschule, Habichtstr. 24a<br \/>\nLeitung: <em><a href=\"http:\/\/www.germansuzuki.com\/wp-content\/uploads\/2012\/02\/Koszalka.pdf\">Maria Koszalka<\/a><\/em><\/p>\n<p><em><br \/>\n<\/em><\/p>\n<h2><span style=\"color: #000000;\">07. September 2012, 19:00 Uhr<\/span><\/h2>\n<p><span style=\"color: #000000;\"><strong>Junge Camerata Academica e.V.<\/strong><br \/>\nAnerkannte Ausbildungsst\u00e4tte der Deutschen Suzuki Gesellschaft<br \/>\nLeitung: <a href=\"http:\/\/www.junge-camerata-academica.de\/\"><em>Isabel Morey Suau<\/em><\/a><\/span><\/p>\n<p><span style=\"color: #000000;\"><strong>Konzert\u00a0 im Rahmen des Kulturprogramms des Ostseebades Sch\u00f6nberg im \u00a0Hotel \u201cStadt Kiel\u201c<\/strong><\/span><\/p>\n<p><span style=\"color: #000000;\"><strong><br \/>\n<\/strong><\/span><\/p>\n<h2><span style=\"color: #000000;\">14. September 2012, 16:00 Uhr<\/span><\/h2>\n<p><strong>Das Suzuki-Kinder-Streichensemble der Musikschule Hattingen<br \/>\nspielt klassische und popul\u00e4re St\u00fccke im Rahmen einer Seniorenfeier<\/strong><\/p>\n<p>in Niederwenigern, Pfarrzentrum, R\u00fcggenweg 19<br \/>\nLeitung: <em><a href=\"http:\/\/www.germansuzuki.com\/wp-content\/uploads\/2012\/02\/Koszalka.pdf\">Maria Koszalka<\/a><\/em><\/p>\n<h2><span style=\"color: #000000;\">21. September 2012, 16:00 Uhr<\/span><\/h2>\n<p><strong>Die junge Suzuki-Violin-Sch\u00fclerinnen<br \/>\nEmilia Brockhaus (7 Jahre) und Helena Happich (8 Jahre)<br \/>\nder Musikschule Hattingen<\/strong><strong> spielen u.a. klassische Werke<br \/>\nvon Brahms, Boehm, Mollenhauer, Paganini und Smetana im Rahmen einer Seniorenfeier<\/strong><\/p>\n<p>in Niederbonsfeld, Kath. Gemeindehaus, Am Kressenberg\u00a02<br \/>\nLeitung: <em><a href=\"http:\/\/www.germansuzuki.com\/wp-content\/uploads\/2012\/02\/Koszalka.pdf\">Maria Koszalka<\/a><\/em><\/p>\n<p><em><br \/>\n<\/em><\/p>\n<h2><span style=\"color: #000000;\">28. September 2012, 16:25 Uhr<\/span><\/h2>\n<p><strong> <\/strong><strong>Das Suzuki-Trio der Musikschule Hattingen spielt u.a.<br \/>\nWerke von Mozart, Mattheson, Pachelbel, Pleyel und Tiersen im Rahmen einer Seniorenfeier<\/strong><\/p>\n<p>in Holthausen, Mehrzweckhalle der Grundschule,\u00a0Am Hagen 8b<br \/>\nLeitung: <em><a href=\"http:\/\/www.germansuzuki.com\/wp-content\/uploads\/2012\/02\/Koszalka.pdf\">Maria Koszalka<\/a><\/em><\/p>\n<p><em><br \/>\n<\/em><\/p>\n<h2><span style=\"color: #000000;\">07. Oktober 2012, 15:00 Uhr<\/span><\/h2>\n<p><strong>Kammerkonzert des Suzuki-Ensembles der Musikschule Hattingen<br \/>\nf\u00fcr schwer erkrankte Kinder und deren Familien<\/strong><\/p>\n<p>im Kinderpalliativzentrum Datteln der Westischen Kinder- und Jugendklinik Datten,<br \/>\nDr.-Friedrich-Steiner-Str. 5, 45711 Datteln<br \/>\nLeitung: <em><a href=\"http:\/\/www.germansuzuki.com\/wp-content\/uploads\/2012\/02\/Koszalka.pdf\">Maria Koszalka<\/a><\/em><\/p>\n<p><em><br \/>\n<\/em><\/p>\n<h2><span style=\"color: #000000;\">08. &#8211; 16. Oktober 2012<\/span><\/h2>\n<p><span style=\"color: #000000;\"><strong>Junge Camerata Academica e.V.<\/strong><br \/>\nAnerkannte Ausbildungsst\u00e4tte der Deutschen Suzuki Gesellschaft<br \/>\nLeitung: <a href=\"http:\/\/www.junge-camerata-academica.de\/\"><em>Isabel Morey Suau<\/em><\/a><\/span><\/p>\n<p><a href=\"http:\/\/www.germansuzuki.com\/?p=3543\"><span style=\"color: #000000;\"><strong>Konzertreise nach Mallorca<\/strong><\/span><\/a><\/p>\n<p><span style=\"color: #000000;\"><strong><br \/>\n<\/strong><\/span><\/p>\n<h2><span style=\"color: #000000;\">16.\/17. November 2012<\/span><\/h2>\n<p><span style=\"color: #000000;\"><strong> <\/strong><\/span><\/p>\n<p><span style=\"color: #000000;\"><strong> <a href=\"..\/?p=3030\">Intensivkurs f\u00fcr Suzuki-Violinlehrer:<\/a> So macht   Violintechnik Spa\u00df, Suzuki Heft <\/strong><strong>3 \u2013 5<br \/>\n<\/strong><strong>Akademie Remscheid<\/strong><br \/>\n<strong> <\/strong>Leitung: <a href=\"..\/?page_id=203\"><em>Kerstin Wartberg<\/em><\/a><\/span><\/p>\n<p><span style=\"color: #000000;\"><em><br \/>\n<\/em><\/span><\/p>\n<h2><span style=\"color: #000000;\">17.\/18. November 2012<\/span><\/h2>\n<p><span style=\"color: #000000;\"><strong> <\/strong><\/span><\/p>\n<h1><span style=\"color: #000000;\"><strong><a href=\"..\/?p=3030\">Vierte Suzuki-Lehrerkonferenz<\/a><\/strong><\/span><\/h1>\n<p><span style=\"color: #000000;\"><strong> f\u00fcr europ\u00e4ische Violin-, Viola-, Cello-, Klavier- und Blockfl\u00f6tenlehrer<br \/>\n<\/strong><strong>Akademie Remscheid<\/strong><br \/>\n<strong> <\/strong>Leitung: <a href=\"..\/?page_id=203\"><em>Kerstin Wartberg<\/em><\/a><\/span><\/p>\n<p><span style=\"color: #000000;\"><em><br \/>\n<\/em><\/span><\/p>\n<h2><span style=\"color: #000000;\">18.\/19. November 2012<\/span><\/h2>\n<p><span style=\"color: #000000;\"><strong> <\/strong><\/span><\/p>\n<p><span style=\"color: #000000;\"><strong> <a href=\"..\/?p=3030\">Intensivkurs f\u00fcr Suzuki-Violinlehrer:<\/a> So macht   Violintechnik Spa\u00df, Suzuki Heft <\/strong><strong>1 \u2013 2<br \/>\n<\/strong><strong>Akademie Remscheid<\/strong><br \/>\n<strong> <\/strong>Leitung:<strong> <\/strong><a href=\"..\/?page_id=203\"><em>Kerstin Wartberg<\/em><\/a><\/span><\/p>\n<h2><span style=\"color: #000000;\"><br \/>\n<\/span><\/h2>\n<h2><span style=\"color: #000000;\">25. November 2012, 16:00 Uhr<\/span><\/h2>\n<p><strong>Benefiz-Kammerkonzert des Suzuki-Ensembles der Musikschule Hattingen<br \/>\nzugunsten von Amnesty International<\/strong><\/p>\n<p>im Altes Rathaus, Hattingen, Untermarkt 9<br \/>\nLeitung: <em><a href=\"http:\/\/www.germansuzuki.com\/wp-content\/uploads\/2012\/02\/Koszalka.pdf\">Maria Koszalka<\/a><\/em><\/p>\n<p><em><br \/>\n<\/em><\/p>\n<h2><strong><span style=\"color: #800000;\">27.-31. M\u00e4rz 2013<\/span><\/strong><\/h2>\n<h1><span style=\"color: #000000;\"><a href=\"http:\/\/www.suzukimethod.or.jp\/indexE.html\"><strong>The 16th Suzuki Method World Convention <\/strong><\/a><\/span><\/h1>\n<p><span style=\"color: #000000;\"><strong>in Matsumoto\/Japan<\/strong><\/span><\/p>\n<p><span style=\"color: #000000;\"><strong><span style=\"color: #000000;\"><a href=\"..\/wp-content\/uploads\/2012\/02\/wc16_info01_e.pdf\">Infos zur Konferenz<\/a><\/span><br \/>\n<\/strong><\/span><\/p>\n","protected":false},"excerpt":{"rendered":"<p>Veranstaltungen von Suzukilehrern der DSG Diese Liste wird st\u00e4ndig aktualisiert. Falls Sie Ihre Veranstaltung eintragen m\u00f6chten, k\u00f6nnen Sie dies in dem unteren Kommentarfeld tun. 16. Februar 2012 Solo-Konzert zur Vorbereitung&#8230;<\/p>\n","protected":false},"author":2,"featured_media":0,"comment_status":"open","ping_status":"open","sticky":false,"template":"","format":"standard","meta":[],"categories":[18,9],"tags":[],"_links":{"self":[{"href":"https:\/\/www.germansuzuki.de\/index.php?rest_route=\/wp\/v2\/posts\/3088"}],"collection":[{"href":"https:\/\/www.germansuzuki.de\/index.php?rest_route=\/wp\/v2\/posts"}],"about":[{"href":"https:\/\/www.germansuzuki.de\/index.php?rest_route=\/wp\/v2\/types\/post"}],"author":[{"embeddable":true,"href":"https:\/\/www.germansuzuki.de\/index.php?rest_route=\/wp\/v2\/users\/2"}],"replies":[{"embeddable":true,"href":"https:\/\/www.germansuzuki.de\/index.php?rest_route=%2Fwp%2Fv2%2Fcomments&post=3088"}],"version-history":[{"count":169,"href":"https:\/\/www.germansuzuki.de\/index.php?rest_route=\/wp\/v2\/posts\/3088\/revisions"}],"predecessor-version":[{"id":5850,"href":"https:\/\/www.germansuzuki.de\/index.php?rest_route=\/wp\/v2\/posts\/3088\/revisions\/5850"}],"wp:attachment":[{"href":"https:\/\/www.germansuzuki.de\/index.php?rest_route=%2Fwp%2Fv2%2Fmedia&parent=3088"}],"wp:term":[{"taxonomy":"category","embeddable":true,"href":"https:\/\/www.germansuzuki.de\/index.php?rest_route=%2Fwp%2Fv2%2Fcategories&post=3088"},{"taxonomy":"post_tag","embeddable":true,"href":"https:\/\/www.germansuzuki.de\/index.php?rest_route=%2Fwp%2Fv2%2Ftags&post=3088"}],"curies":[{"name":"wp","href":"https:\/\/api.w.org\/{rel}","templated":true}]}}