{"id":2707,"date":"2011-04-15T18:40:47","date_gmt":"2011-04-15T16:40:47","guid":{"rendered":"http:\/\/www.germansuzuki.com\/?p=2707"},"modified":"2012-06-26T23:41:23","modified_gmt":"2012-06-26T21:41:23","slug":"einfuhrungskurs-in-die-suzuki-methode","status":"publish","type":"post","link":"https:\/\/www.germansuzuki.de\/?p=2707","title":{"rendered":"Einf\u00fchrungskurs in die Suzuki-Methode"},"content":{"rendered":"<h2><strong><em>Einladung<\/em><\/strong><strong><em><br \/>\nzum Seminar f\u00fcr Instrumentalp\u00e4dagogen<\/em><\/strong><\/h2>\n<p><strong> <\/strong><\/p>\n<h2><span style=\"color: #0000ff;\"><strong>Einf\u00fchrung in die Suzuki-Methode<\/strong><\/span><\/h2>\n<p><span style=\"color: #0000ff;\"><strong><a href=\"http:\/\/www.germansuzuki.com\/wp-content\/uploads\/2011\/04\/geigenschuelerin.jpg\"><img decoding=\"async\" loading=\"lazy\" class=\"size-full wp-image-2966 alignnone\" title=\"geigenschuelerin\" src=\"http:\/\/www.germansuzuki.com\/wp-content\/uploads\/2011\/04\/geigenschuelerin.jpg\" alt=\"\" width=\"174\" height=\"181\" \/><\/a><br \/>\n<\/strong><\/span><\/p>\n<p><strong><a href=\"http:\/\/www.germansuzuki.com\/wp-content\/uploads\/2011\/04\/Zirnbauer_verkl.jpg\"><\/a><\/strong><\/p>\n<h2><strong>KURSINFORMATIONEN<\/strong><\/h2>\n<p><strong><span style=\"color: #0000ff;\">17.\/18. November 2012<\/span><\/strong><br \/>\nBeginn: Samstag, 17. November 2012, 14:30 Uhr<br \/>\nSchlu\u00df: Sonntag, 18. November 2012, 15:30 Uhr<\/p>\n<p><span style=\"color: #0000ff;\"><strong>Tagungsort<\/strong><\/span><br \/>\nAkademie Remscheid f\u00fcr musische Bildung und Medienerziehung<br \/>\nD-42857 Remscheid, K\u00fcppelstein 34<br \/>\nTel.: 02191\/794-0<\/p>\n<p><strong>Einf\u00fchrung in die Suzuki-Methode<\/strong><\/p>\n<p>Das Seminar\u00a0 richtet sich an Instrumentallehrer und Studenten, die sich f\u00fcr die Suzuki-Methode interessieren. Sie erhalten Einblicke in Theorie und Praxis dieser besonderen Unterrichtsform.<br \/>\nDa das Seminar im Rahmen der Europ\u00e4ischen Suzuki-Lehrerkonferenz stattfindet, haben Sie au\u00dferdem die Gelegenheit, Suzuki-Lehrer aus dem In-und Ausland kennenzulernen und sich mit ihnen auszutauschen.<\/p>\n<p><strong><span style=\"color: #0000ff;\">Kursgeb\u00fchren<\/span><\/strong><\/p>\n<p><span style=\"color: #0000ff;\"><strong>E<\/strong><strong>inf\u00fchrungskurs:<\/strong><\/span> <strong> <\/strong>110,- Euro (einschlie\u00dflich Kursmaterial)<strong> <\/strong><strong><br \/>\n<span style=\"color: #ff0000;\">Fr\u00fchbuchertarif (Februar-Juli 2012): <\/span>95<\/strong>,- Euro (einschlie\u00dflich Kursmaterial)<strong><span style=\"color: #0000ff;\"><br \/>\nEinf\u00fchrungskurs \/ Studententarif: <\/span><\/strong>75,- Euro (einschlie\u00dflich Kursmaterial)<br \/>\n<strong><span style=\"color: #ff0000;\">Fr\u00fchbuchertarif (Februar-Juli 2012):<\/span> 50<\/strong>,- Euro (einschlie\u00dflich Kursmaterial)<strong> <\/strong><\/p>\n<p><em>Wir ben\u00f6tigen die Studienbescheinigung f\u00fcr Studenten, die eine erm\u00e4\u00dfigte Kursgeb\u00fchr w\u00fcnschen.<\/em><\/p>\n<h1><span style=\"color: #000080;\"><em><strong>Zus\u00e4tzlicher Kurs f\u00fcr Violinlehrer<br \/>\n<\/strong><\/em><\/span><\/h1>\n<p><strong> <\/strong><\/p>\n<p><strong> <\/strong><\/p>\n<p><strong> 18.\/19.11.2012<\/strong><strong><br \/>\nIntensivkurs: So macht   Violintechnik Spa\u00df, Suzuki Heft <\/strong><strong>1 &amp; 2<\/strong><\/p>\n<p><strong>Beginn: <strong>Sonntag<\/strong><\/strong><strong>, 18. November 2012, 17:30 <\/strong><strong><strong>Uhr<\/strong><br \/>\n<strong>Ende: <\/strong><\/strong><strong>Montag, 19. November 2012, 13:30 <strong>Uhr<\/strong><\/strong><\/p>\n<p><span style=\"color: #0000ff;\"><strong>Intensivkurs Heft 1-2 (Violine):<\/strong><\/span> 55,- Euro (einschlie\u00dflich Kursmaterial)<strong><br \/>\n<span style=\"color: #ff0000;\">Fr\u00fchbuchertarif (Februar-Juli 2012):<\/span> 45<\/strong>,- Euro (einschlie\u00dflich Kursmaterial)<\/p>\n<p><strong><span style=\"color: #0000ff;\">Tagungsb\u00fcro<\/span><\/strong><br \/>\nDEUTSCHES SUZUKI INSTITUT<br \/>\nMonika Pieck<br \/>\nAm Schmerbroich 158<br \/>\nD-53757 Sankt Augustin<\/p>\n<p><strong><span style=\"color: #0000ff;\">Tagungsleitung:<\/span><\/strong> Kerstin Wartberg<\/p>\n<p><span style=\"color: #0000ff;\"><strong>Email:<\/strong><\/span> Xchange@germansuzuki.com<br \/>\n<span style=\"color: #0000ff;\"><strong>Telefon:<\/strong><\/span> 02241-28946<\/p>\n<h1><a href=\"http:\/\/\"><strong><span style=\"color: #ff0000;\">ANMELD<\/span><span style=\"color: #ff0000;\"><span style=\"color: #ff0000;\">E<\/span>FORMULAR<\/span><\/strong><\/a><a href=\"http:\/\/www.germansuzuki.com\/wp-content\/uploads\/2011\/04\/Einf\u00fchrungskurs_2012.pdf\"><\/a><\/h1>\n","protected":false},"excerpt":{"rendered":"<p>Einladung zum Seminar f\u00fcr Instrumentalp\u00e4dagogen Einf\u00fchrung in die Suzuki-Methode KURSINFORMATIONEN 17.\/18. November 2012 Beginn: Samstag, 17. November 2012, 14:30 Uhr Schlu\u00df: Sonntag, 18. November 2012, 15:30 Uhr Tagungsort Akademie Remscheid&#8230;<\/p>\n","protected":false},"author":2,"featured_media":0,"comment_status":"open","ping_status":"open","sticky":false,"template":"","format":"standard","meta":[],"categories":[9],"tags":[],"_links":{"self":[{"href":"https:\/\/www.germansuzuki.de\/index.php?rest_route=\/wp\/v2\/posts\/2707"}],"collection":[{"href":"https:\/\/www.germansuzuki.de\/index.php?rest_route=\/wp\/v2\/posts"}],"about":[{"href":"https:\/\/www.germansuzuki.de\/index.php?rest_route=\/wp\/v2\/types\/post"}],"author":[{"embeddable":true,"href":"https:\/\/www.germansuzuki.de\/index.php?rest_route=\/wp\/v2\/users\/2"}],"replies":[{"embeddable":true,"href":"https:\/\/www.germansuzuki.de\/index.php?rest_route=%2Fwp%2Fv2%2Fcomments&post=2707"}],"version-history":[{"count":30,"href":"https:\/\/www.germansuzuki.de\/index.php?rest_route=\/wp\/v2\/posts\/2707\/revisions"}],"predecessor-version":[{"id":3528,"href":"https:\/\/www.germansuzuki.de\/index.php?rest_route=\/wp\/v2\/posts\/2707\/revisions\/3528"}],"wp:attachment":[{"href":"https:\/\/www.germansuzuki.de\/index.php?rest_route=%2Fwp%2Fv2%2Fmedia&parent=2707"}],"wp:term":[{"taxonomy":"category","embeddable":true,"href":"https:\/\/www.germansuzuki.de\/index.php?rest_route=%2Fwp%2Fv2%2Fcategories&post=2707"},{"taxonomy":"post_tag","embeddable":true,"href":"https:\/\/www.germansuzuki.de\/index.php?rest_route=%2Fwp%2Fv2%2Ftags&post=2707"}],"curies":[{"name":"wp","href":"https:\/\/api.w.org\/{rel}","templated":true}]}}